{"id":3580,"date":"2025-06-10T22:12:05","date_gmt":"2025-06-10T22:12:05","guid":{"rendered":"https:\/\/www.rengoenlanoticia.cl\/prensa\/?p=3580"},"modified":"2025-06-10T22:12:06","modified_gmt":"2025-06-10T22:12:06","slug":"eneo-2025-diez-anos-de-compromiso-con-la-colaboracion-empresarial-de-ohiggins","status":"publish","type":"post","link":"https:\/\/www.rengoenlanoticia.cl\/prensa\/2025\/06\/10\/eneo-2025-diez-anos-de-compromiso-con-la-colaboracion-empresarial-de-ohiggins\/","title":{"rendered":"ENEO 2025: Diez a\u00f1os de compromiso con la colaboraci\u00f3n empresarial de O\u2019Higgins"},"content":{"rendered":"\n<p>La Corporaci\u00f3n Pro O\u2019Higgins celebrar\u00e1 una d\u00e9cada del Encuentro Empresarial de O\u2019Higgins (ENEO), con una jornada que invita a reflexionar sobre los desaf\u00edos del crecimiento econ\u00f3mico regional desde una mirada innovadora, sostenible y colaborativa. Todos los detalles de esta nueva cita fueron compartidos con los medios de comunicaci\u00f3n en un espacio de relacionamiento que se realiz\u00f3 en el hotel Mar Andino.<\/p>\n\n\n\n<p>\u201cHace 10 a\u00f1os detectamos la necesidad de generar espacios de conversaci\u00f3n en la regi\u00f3n y ha sido una cita anual que se ha realizado de forma contin\u00faa adapt\u00e1ndonos a todos los escenarios\u201d, explic\u00f3 el Presidente de Corporaci\u00f3n Pro O\u2019Higgins, Felipe D\u00edaz.<\/p>\n\n\n\n<p>Resalt\u00f3 que las tem\u00e1ticas que convoca a ENEO este a\u00f1o responden a las necesidades de la regi\u00f3n.<\/p>\n\n\n\n<p>\u201cO\u2019Higgins es una regi\u00f3n que enfrenta importantes desaf\u00edos de crecimiento, sus sectores productivos son muy marcados y la inteligencia artificial es una herramienta para crecer. Hay muchos miedos con la IA, pero sabemos que es relevante y ayuda a ser m\u00e1s eficientes y productivos\u201d, explic\u00f3 el Presidente de Pro O\u2019Higgins.<\/p>\n\n\n\n<p>ENEO 2025 ser\u00e1 el mi\u00e9rcoles 11 de junio, desde las 08:00 horas en el Centro de Conferencias Monticello, con inscripci\u00f3n gratuita en <strong><u>pro-ohiggins.cl<\/u><\/strong><\/p>\n\n\n\n<p>Bajo el lema <a><strong>\u201cVolver a Crecer +<\/strong><\/a><strong>\u201d, ENEO 2025<\/strong> convocar\u00e1 a empresarios, emprendedores, autoridades, representantes del mundo acad\u00e9mico y de la sociedad civil a construir juntos un futuro m\u00e1s equitativo y resiliente para la Regi\u00f3n de O\u2019Higgins.<\/p>\n\n\n\n<figure class=\"wp-block-image size-full\"><img loading=\"lazy\" decoding=\"async\" width=\"1024\" height=\"488\" src=\"https:\/\/www.rengoenlanoticia.cl\/prensa\/wp-content\/uploads\/2025\/06\/CP2025-1.jpg\" alt=\"\" class=\"wp-image-3585\" srcset=\"https:\/\/www.rengoenlanoticia.cl\/prensa\/wp-content\/uploads\/2025\/06\/CP2025-1.jpg 1024w, https:\/\/www.rengoenlanoticia.cl\/prensa\/wp-content\/uploads\/2025\/06\/CP2025-1-300x143.jpg 300w, https:\/\/www.rengoenlanoticia.cl\/prensa\/wp-content\/uploads\/2025\/06\/CP2025-1-768x366.jpg 768w, https:\/\/www.rengoenlanoticia.cl\/prensa\/wp-content\/uploads\/2025\/06\/CP2025-1-110x52.jpg 110w, https:\/\/www.rengoenlanoticia.cl\/prensa\/wp-content\/uploads\/2025\/06\/CP2025-1-200x95.jpg 200w, https:\/\/www.rengoenlanoticia.cl\/prensa\/wp-content\/uploads\/2025\/06\/CP2025-1-380x181.jpg 380w, https:\/\/www.rengoenlanoticia.cl\/prensa\/wp-content\/uploads\/2025\/06\/CP2025-1-255x122.jpg 255w, https:\/\/www.rengoenlanoticia.cl\/prensa\/wp-content\/uploads\/2025\/06\/CP2025-1-550x262.jpg 550w, https:\/\/www.rengoenlanoticia.cl\/prensa\/wp-content\/uploads\/2025\/06\/CP2025-1-800x381.jpg 800w\" sizes=\"auto, (max-width: 1024px) 100vw, 1024px\" \/><\/figure>\n\n\n\n<p>En su d\u00e9cima edici\u00f3n, ENEO no s\u00f3lo conmemora su trayectoria como principal punto de encuentro empresarial de la regi\u00f3n, sino que tambi\u00e9n pone la mirada en el futuro, con especial foco en c\u00f3mo lograr un crecimiento econ\u00f3mico regional sostenido, aumentar la productividad y aprovechar el potencial transformador de la inteligencia artificial.<\/p>\n\n\n\n<p><strong>Una jornada de \u201cconversACCI\u00d3N\u00bb<\/strong><\/p>\n\n\n\n<p>ENEO 2025 contar\u00e1 con dos bloques principales:<\/p>\n\n\n\n<p><strong>Bloque 1:<\/strong> Contempla un an\u00e1lisis de los desaf\u00edos y oportunidades que enfrenta el pa\u00eds, y en particular la regi\u00f3n, para <strong>\u201cVolver a Crecer\u201d<\/strong> incluso en escenarios complejos.<\/p>\n\n\n\n<p>Este segmento, que ser\u00e1 conducido y moderado por Soledad Onetto, abrir\u00e1 con una presentaci\u00f3n central de <a>Kathleen Barclay, presidenta de Endeavor, <\/a>y continuar\u00e1 con las exposiciones y conversaci\u00f3n de los principales l\u00edderes de sectores estrat\u00e9gicos para la regi\u00f3n:<\/p>\n\n\n\n<ul class=\"wp-block-list\">\n<li><a>Rub\u00e9n Alvarado, presidente ejecutivo de Codelco<\/a><\/li>\n\n\n\n<li>Guillermo D\u00edaz del R\u00edo, gerente general de Agrosuper<\/li>\n\n\n\n<li>Juan Sutil, presidente de Empresas Sutil<\/li>\n\n\n\n<li>Jos\u00e9 Pablo Dom\u00ednguez, gerente general Sudam\u00e9rica de ME Elecmetal<\/li>\n<\/ul>\n\n\n\n<p><strong>Bloque 2:<\/strong> Bajo el t\u00edtulo <strong>\u201cCrecer con InteligencIA\u201d,<\/strong> este espacio profundizar\u00e1 el uso estrat\u00e9gico de la inteligencia artificial como motor de crecimiento inclusivo, productivo y sostenible.<\/p>\n\n\n\n<p>La charla central estar\u00e1 a cargo de <a>Rodrigo Dur\u00e1n, gerente del Centro Nacional de Inteligencia Artificial (CENIA), seguida de un panel que abordar\u00e1 experiencias concretas aplicadas en IA, compuesto por:<\/a><\/p>\n\n\n\n<ul class=\"wp-block-list\">\n<li>Marina Tannenbaum, cofundadora de Easybots<\/li>\n\n\n\n<li>Marcelo Andia, director alterno de iHealth UC<\/li>\n\n\n\n<li>Mar\u00eda Catalina Iglesias, vicerrectora acad\u00e9mica de INACAP<\/li>\n<\/ul>\n\n\n\n<p>En tanto, la conducci\u00f3n y moderaci\u00f3n la realizar\u00e1 Leo Meyer.<\/p>\n\n\n\n<p><strong>Participaci\u00f3n gratuita e inscripci\u00f3n previa<\/strong><\/p>\n\n\n\n<p>Para ser parte de esta jornada que reunir\u00e1 al mundo p\u00fablico, privado y acad\u00e9mico en un espacio de di\u00e1logo y vinculaci\u00f3n, es requisito registrarse previamente en<a href=\"https:\/\/www.pro-ohiggins.cl\"><strong>www.pro-ohiggins.cl<\/strong><\/a><\/p>\n\n\n\n<p><strong>Auspiciadores y medios asociados<\/strong><\/p>\n\n\n\n<p>ENEO 2025 cuenta con el patrocinio de SOFOFA y el auspicio de:<br>Codelco Divisi\u00f3n El Teniente, Agrosuper, Monticello, Essbio, INACAP, ME Elecmetal, Mundo, Minera Valle Central, Nieny, OTIC O\u2019Higgins y con la colaboraci\u00f3n de Metrogas.<\/p>\n\n\n\n<p><strong>Para la Gerente de Sustentabilidad y Asuntos Externos de Codelco DET, Carolina Merino,<\/strong> \u201cENEO es fundamental para el desarrollo de la regi\u00f3n y para mostrar la diversidad en las \u00e1reas productivas que tenemos y c\u00f3mo conviven\u201d. En referencia al tema de la Inteligencia Artificial que tendr\u00e1 su lugar en este encuentro, Merino asegur\u00f3 que \u201cpara Codelco es un aprendizaje continuo en t\u00e9rminos de tecnolog\u00eda, tenemos automatizaci\u00f3n, el CIO &#8211; Centro integrado de operaciones- y en el caso de IA el tema es fundamental por los avances en productividad que genera el acceso a la informaci\u00f3n\u201d.<\/p>\n\n\n\n<p><strong>Mar\u00eda Jos\u00e9 Buamscha, Directora de Vinculaci\u00f3n con el Medio e Innovaci\u00f3n en INACAP sede Rancagua, <\/strong>destac\u00f3 que, \u201cnuestra participaci\u00f3n en ENEO est\u00e1 enfocada a aportar desde el conocimiento y por eso estaremos con nuestra Vicerrectora Acad\u00e9mica en el segundo bloque de Inteligencia Artificial. Tambi\u00e9n es un espacio importante para vincularnos con las empresas y los estudiantes, tomar sus aportes e integrarlos al aula, para que cuando los alumnos egresen se inserten r\u00e1pidamente en el mundo laboral\u201d.<\/p>\n\n\n\n<p><strong>Marcela Guti\u00e9rrez, Gerente general de Otic O\u2019Higgins<\/strong>, se\u00f1alo que, \u201cla vinculaci\u00f3n con el medio nos moviliza. ENEO es una instancia donde las empresas tienen la oportunidad de conectar hacia el crecimiento a partir del conocimiento y de todas las conversaciones que se dan en esta instancia\u201d.<\/p>\n\n\n\n<p><strong>Nicol\u00e1s Nieny, Gerente de Nieny gesti\u00f3n inmobiliaria<\/strong>, que por primera vez se suman como auspiciadores de ENEO, explic\u00f3 que \u201casistimos el a\u00f1o pasado como invitados y nos interes\u00f3 mucho, por eso decidimos ser parte este a\u00f1o. Somos oriundos de la regi\u00f3n, actores inmobiliarios hace 30 a\u00f1os y la tem\u00e1tica de Volver a Crecer nos hizo sentido. El crecimiento viene de la mano con demanda de espacios industriales, oficinas, casas y es ah\u00ed d\u00f3nde podemos aportar a esto con un foco regional\u201d.<\/p>\n\n\n\n<p>Los medios asociados a esta nueva edici\u00f3n son: Diario El Rancag\u00fcino, En Modo Emprendedor y Radio Bienvenida.<\/p>\n\n\n\n<p><strong>Proyectando el desarrollo de los pr\u00f3ximos a\u00f1os<\/strong><\/p>\n\n\n\n<p>ENEO 2025 se perfila como una jornada clave para impulsar nuevas ideas, fortalecer alianzas estrat\u00e9gicas y proyectar un desarrollo regional m\u00e1s competitivo, inclusivo y sostenible, al servicio del presente y futuro de O\u2019Higgins.<\/p>\n","protected":false},"excerpt":{"rendered":"La Corporaci\u00f3n Pro O\u2019Higgins celebrar\u00e1 una d\u00e9cada del Encuentro Empresarial de O\u2019Higgins (ENEO), con una jornada que invita&hellip;\n","protected":false},"author":1,"featured_media":3584,"comment_status":"open","ping_status":"open","sticky":false,"template":"","format":"standard","meta":{"_monsterinsights_skip_tracking":false,"_monsterinsights_sitenote_active":false,"_monsterinsights_sitenote_note":"","_monsterinsights_sitenote_category":0,"footnotes":""},"categories":[11,8],"tags":[],"class_list":{"0":"post-3580","1":"post","2":"type-post","3":"status-publish","4":"format-standard","5":"has-post-thumbnail","7":"category-politica","8":"category-portada"},"aioseo_notices":[],"_links":{"self":[{"href":"https:\/\/www.rengoenlanoticia.cl\/prensa\/wp-json\/wp\/v2\/posts\/3580","targetHints":{"allow":["GET"]}}],"collection":[{"href":"https:\/\/www.rengoenlanoticia.cl\/prensa\/wp-json\/wp\/v2\/posts"}],"about":[{"href":"https:\/\/www.rengoenlanoticia.cl\/prensa\/wp-json\/wp\/v2\/types\/post"}],"author":[{"embeddable":true,"href":"https:\/\/www.rengoenlanoticia.cl\/prensa\/wp-json\/wp\/v2\/users\/1"}],"replies":[{"embeddable":true,"href":"https:\/\/www.rengoenlanoticia.cl\/prensa\/wp-json\/wp\/v2\/comments?post=3580"}],"version-history":[{"count":3,"href":"https:\/\/www.rengoenlanoticia.cl\/prensa\/wp-json\/wp\/v2\/posts\/3580\/revisions"}],"predecessor-version":[{"id":3603,"href":"https:\/\/www.rengoenlanoticia.cl\/prensa\/wp-json\/wp\/v2\/posts\/3580\/revisions\/3603"}],"wp:featuredmedia":[{"embeddable":true,"href":"https:\/\/www.rengoenlanoticia.cl\/prensa\/wp-json\/wp\/v2\/media\/3584"}],"wp:attachment":[{"href":"https:\/\/www.rengoenlanoticia.cl\/prensa\/wp-json\/wp\/v2\/media?parent=3580"}],"wp:term":[{"taxonomy":"category","embeddable":true,"href":"https:\/\/www.rengoenlanoticia.cl\/prensa\/wp-json\/wp\/v2\/categories?post=3580"},{"taxonomy":"post_tag","embeddable":true,"href":"https:\/\/www.rengoenlanoticia.cl\/prensa\/wp-json\/wp\/v2\/tags?post=3580"}],"curies":[{"name":"wp","href":"https:\/\/api.w.org\/{rel}","templated":true}]}}