{"id":3579,"date":"2025-06-10T22:25:05","date_gmt":"2025-06-10T22:25:05","guid":{"rendered":"https:\/\/www.rengoenlanoticia.cl\/prensa\/?p=3579"},"modified":"2025-06-10T22:25:07","modified_gmt":"2025-06-10T22:25:07","slug":"inia-impulsa-creacion-de-primera-cooperativa-ovina-en-el-secano-de-la-region-de-ohiggins","status":"publish","type":"post","link":"https:\/\/www.rengoenlanoticia.cl\/prensa\/2025\/06\/10\/inia-impulsa-creacion-de-primera-cooperativa-ovina-en-el-secano-de-la-region-de-ohiggins\/","title":{"rendered":"INIA impulsa creaci\u00f3n de primera cooperativa ovina en el Secano de la Regi\u00f3n de O\u00b4Higgins"},"content":{"rendered":"\n<p><\/p>\n\n\n\n<p><strong><em>La iniciativa busca potenciar el desarrollo ganadero a trav\u00e9s de una figura asociativa que fortalezca la identidad local del cordero de la zona, como la Oveja Raza Hidango.<\/em><\/strong><\/p>\n\n\n\n<p>En el Centro Experimental INIA Hidango, comuna de Litueche, se realiz\u00f3 un importante encuentro entre ganaderos ovinos del secano de la Regi\u00f3n de O\u2019Higgins, integrantes del Grupo de Extensi\u00f3n Tecnol\u00f3gica (GET) de Ovinos, junto a representantes de INDAP Litueche y del municipio local. El objetivo fue analizar los pasos necesarios para avanzar hacia la formaci\u00f3n de una cooperativa que permita impulsar la comercializaci\u00f3n del cordero del secano, en especial de la Raza Hidango, logro de m\u00e1s de 40 a\u00f1os de investigaci\u00f3n.<\/p>\n\n\n\n<p>La reuni\u00f3n fue encabezada por el director regional de INIA Rayentu\u00e9, Cristian Aguirre, y cont\u00f3 con la exposici\u00f3n del mejorador gen\u00e9tico de ovinos, el investigador Rodrigo de la Barra, quien abord\u00f3 aspectos claves sobre la asociatividad, los beneficios de la figura cooperativa, y las herramientas de valorizaci\u00f3n como denominaciones de origen, sellos de calidad, marcas territoriales e indicaciones geogr\u00e1ficas.<\/p>\n\n\n\n<p>\u201cEl trabajo colaborativo entre ganaderos, instituciones y centros de investigaci\u00f3n como INIA permite dar pasos concretos hacia una producci\u00f3n m\u00e1s organizada, con mayor valor agregado y mejores oportunidades de comercializaci\u00f3n. Nuestra misi\u00f3n como instituto es acompa\u00f1ar estos procesos desde la base t\u00e9cnica, pero tambi\u00e9n desde una mirada estrat\u00e9gica para el desarrollo rural\u201d, se\u00f1al\u00f3 Cristian Aguirre, director regional de INIA Rayentu\u00e9.<\/p>\n\n\n\n<p>El GET de Ovinos del Secano es coordinado por el investigador de INIA Rayentu\u00e9 Marcelo Quezada, y re\u00fane a criadores de las comunas de Navidad, La Estrella, Litueche y Marchig\u00fce, quienes buscan fortalecer su cadena productiva y acceder a nuevos mercados con un producto diferenciado, reconocido por su origen y calidad.<\/p>\n\n\n\n<figure class=\"wp-block-image size-full\"><img loading=\"lazy\" decoding=\"async\" width=\"1024\" height=\"690\" src=\"https:\/\/www.rengoenlanoticia.cl\/prensa\/wp-content\/uploads\/2025\/06\/2.jpeg\" alt=\"\" class=\"wp-image-3588\" srcset=\"https:\/\/www.rengoenlanoticia.cl\/prensa\/wp-content\/uploads\/2025\/06\/2.jpeg 1024w, https:\/\/www.rengoenlanoticia.cl\/prensa\/wp-content\/uploads\/2025\/06\/2-300x202.jpeg 300w, https:\/\/www.rengoenlanoticia.cl\/prensa\/wp-content\/uploads\/2025\/06\/2-768x518.jpeg 768w, https:\/\/www.rengoenlanoticia.cl\/prensa\/wp-content\/uploads\/2025\/06\/2-110x74.jpeg 110w, https:\/\/www.rengoenlanoticia.cl\/prensa\/wp-content\/uploads\/2025\/06\/2-200x135.jpeg 200w, https:\/\/www.rengoenlanoticia.cl\/prensa\/wp-content\/uploads\/2025\/06\/2-380x256.jpeg 380w, https:\/\/www.rengoenlanoticia.cl\/prensa\/wp-content\/uploads\/2025\/06\/2-255x172.jpeg 255w, https:\/\/www.rengoenlanoticia.cl\/prensa\/wp-content\/uploads\/2025\/06\/2-550x371.jpeg 550w, https:\/\/www.rengoenlanoticia.cl\/prensa\/wp-content\/uploads\/2025\/06\/2-800x539.jpeg 800w\" sizes=\"auto, (max-width: 1024px) 100vw, 1024px\" \/><\/figure>\n\n\n\n<p>Rodrigo de la Barra explic\u00f3 que \u201cuna cooperativa bien estructurada no solo mejora el poder de negociaci\u00f3n, sino que permite acceder a plantas certificadas para el procesamiento, envasado al vac\u00edo y conservaci\u00f3n de la carne, cumpliendo con altos est\u00e1ndares de inocuidad alimentaria. Adem\u00e1s, incorporar estrategias de diferenciaci\u00f3n como un sello de origen o una identificaci\u00f3n geogr\u00e1fica pueden aumentar significativamente el valor del cordero, permitiendo su ingreso a nichos como restaurantes, supermercados o tiendas gourmet\u201d.<\/p>\n\n\n\n<p>Actualmente, el proceso se encuentra en una fase de an\u00e1lisis y formaci\u00f3n, con el acompa\u00f1amiento t\u00e9cnico de INIA, que est\u00e1 guiando a los ganaderos para que puedan cumplir con los requerimientos legales, sanitarios y log\u00edsticos necesarios para establecer una cooperativa s\u00f3lida. Esta figura asociativa podr\u00eda permitirles mejorar sus ingresos al dejar de vender el cordero como animal entero y, en su lugar, ofrecer cortes seleccionados con valor agregado.<\/p>\n\n\n\n<p>INIA Rayentu\u00e9 continuar\u00e1 apoyando esta iniciativa como parte de su compromiso con el desarrollo sustentable de la ganader\u00eda ovina del secano, promoviendo la articulaci\u00f3n entre conocimiento t\u00e9cnico, identidad territorial y trabajo conjunto.<\/p>\n\n\n\n<p>&nbsp;_________________________<\/p>\n\n\n\n<p><strong><em>Acerca de INIA<\/em><\/strong><\/p>\n\n\n\n<p><em>El Instituto de Investigaciones Agropecuarias (INIA) es la principal instituci\u00f3n de investigaci\u00f3n, desarrollo e innovaci\u00f3n agroalimentaria de Chile. Vinculada al Ministerio de Agricultura, cuenta con presencia nacional y un equipo de trabajo de m\u00e1s de 1.000 personas altamente calificadas. Ejecuta al a\u00f1o un promedio de 400 proyectos en torno a 5 \u00e1reas estrat\u00e9gicas: Cambio Clim\u00e1tico, Sustentabilidad, Alimentos del Futuro, Tecnolog\u00edas Emergentes, y Extensi\u00f3n y Formaci\u00f3n de Capacidades. Estas iniciativas contribuyen al desarrollo agroalimentario sostenible del pa\u00eds, creando valor y proponiendo soluciones innovadoras a los agricultores, socios estrat\u00e9gicos y la sociedad, generando una rentabilidad social que var\u00eda entre 15% y 25%, por cada peso invertido en cada uno de sus proyectos.<\/em><\/p>\n\n\n\n<p><em>INIA, m\u00e1s de 61 a\u00f1os liderando el desarrollo agroalimentario sostenible de Chile.<\/em><a href=\"http:\/\/www.inia.cl\/\" target=\"_blank\" rel=\"noreferrer noopener\"><em>www.inia.cl<\/em><\/a><em>&nbsp;\u2013 Facebook: \/INIARayentue \u2013 Instagram: @inia_rayentue \u2013 Twitter: @iniarayentue\u2013 YouTube: INIA \u2013 LinkedIn: \/inia-chile<\/em><\/p>\n","protected":false},"excerpt":{"rendered":"La iniciativa busca potenciar el desarrollo ganadero a trav\u00e9s de una figura asociativa que fortalezca la identidad local&hellip;\n","protected":false},"author":1,"featured_media":3589,"comment_status":"open","ping_status":"open","sticky":false,"template":"","format":"standard","meta":{"_monsterinsights_skip_tracking":false,"_monsterinsights_sitenote_active":false,"_monsterinsights_sitenote_note":"","_monsterinsights_sitenote_category":0,"footnotes":""},"categories":[11,8],"tags":[],"class_list":{"0":"post-3579","1":"post","2":"type-post","3":"status-publish","4":"format-standard","5":"has-post-thumbnail","7":"category-politica","8":"category-portada"},"aioseo_notices":[],"_links":{"self":[{"href":"https:\/\/www.rengoenlanoticia.cl\/prensa\/wp-json\/wp\/v2\/posts\/3579","targetHints":{"allow":["GET"]}}],"collection":[{"href":"https:\/\/www.rengoenlanoticia.cl\/prensa\/wp-json\/wp\/v2\/posts"}],"about":[{"href":"https:\/\/www.rengoenlanoticia.cl\/prensa\/wp-json\/wp\/v2\/types\/post"}],"author":[{"embeddable":true,"href":"https:\/\/www.rengoenlanoticia.cl\/prensa\/wp-json\/wp\/v2\/users\/1"}],"replies":[{"embeddable":true,"href":"https:\/\/www.rengoenlanoticia.cl\/prensa\/wp-json\/wp\/v2\/comments?post=3579"}],"version-history":[{"count":3,"href":"https:\/\/www.rengoenlanoticia.cl\/prensa\/wp-json\/wp\/v2\/posts\/3579\/revisions"}],"predecessor-version":[{"id":3608,"href":"https:\/\/www.rengoenlanoticia.cl\/prensa\/wp-json\/wp\/v2\/posts\/3579\/revisions\/3608"}],"wp:featuredmedia":[{"embeddable":true,"href":"https:\/\/www.rengoenlanoticia.cl\/prensa\/wp-json\/wp\/v2\/media\/3589"}],"wp:attachment":[{"href":"https:\/\/www.rengoenlanoticia.cl\/prensa\/wp-json\/wp\/v2\/media?parent=3579"}],"wp:term":[{"taxonomy":"category","embeddable":true,"href":"https:\/\/www.rengoenlanoticia.cl\/prensa\/wp-json\/wp\/v2\/categories?post=3579"},{"taxonomy":"post_tag","embeddable":true,"href":"https:\/\/www.rengoenlanoticia.cl\/prensa\/wp-json\/wp\/v2\/tags?post=3579"}],"curies":[{"name":"wp","href":"https:\/\/api.w.org\/{rel}","templated":true}]}}