{"id":3552,"date":"2025-06-07T21:41:38","date_gmt":"2025-06-07T21:41:38","guid":{"rendered":"https:\/\/www.rengoenlanoticia.cl\/prensa\/?p=3552"},"modified":"2025-06-10T15:01:24","modified_gmt":"2025-06-10T15:01:24","slug":"diputada-marta-gonzalez-se-reune-en-el-ministerio-del-trabajo-para-impulsar-agenda-laboral-y-sindical","status":"publish","type":"post","link":"https:\/\/www.rengoenlanoticia.cl\/prensa\/2025\/06\/07\/diputada-marta-gonzalez-se-reune-en-el-ministerio-del-trabajo-para-impulsar-agenda-laboral-y-sindical\/","title":{"rendered":"Diputada Marta Gonz\u00e1lez se re\u00fane en el Ministerio del Trabajo para impulsar agenda laboral y sindical"},"content":{"rendered":"\n<p>Este viernes, la Diputada por la Regi\u00f3n de O\u2019Higgins, Marta Gonz\u00e1lez, sostuvo una importante reuni\u00f3n en el Ministerio del Trabajo y Previsi\u00f3n Social, en Santiago, con el objetivo de avanzar en una agenda centrada en los derechos laborales y sindicales, junto a los equipos t\u00e9cnicos de la cartera.<\/p>\n\n\n\n<p>Durante las \u00faltimas semanas, la parlamentaria ha sostenido diversos encuentros con dirigentas y dirigentes sindicales de la regi\u00f3n, con quienes se ha comprometido a impulsar iniciativas clave como la reforma a la Ley de Mutualidades y la esperada Negociaci\u00f3n Ramal.<\/p>\n\n\n\n<p>\u201cAcabamos de tener una reuni\u00f3n con los equipos t\u00e9cnicos del Ministerio del Trabajo para ver c\u00f3mo debemos avanzar con esta agenda laboral. Hay proyectos muy importantes que ya han sido ingresados, como la reforma a las mutualidades. Hoy hay un gran d\u00e9ficit en la calificaci\u00f3n de enfermedades profesionales, lo que ha dejado a miles de trabajadores sin poder acceder a una salud oportuna\u201d, explic\u00f3 la diputada.<\/p>\n\n\n\n<p>En el encuentro tambi\u00e9n se abord\u00f3 el anuncio del Presidente Gabriel Boric sobre el ingreso del proyecto de negociaci\u00f3n ramal, una demanda hist\u00f3rica del mundo sindical.<\/p>\n\n\n\n<p>\u201cEste es un proyecto vital para todos los trabajadores de nuestro pa\u00eds. Muchos no pueden acceder a negociaciones colectivas, lo que implica que a lo largo de su vida laboral siguen siendo precarizados. El proyecto de negociaci\u00f3n ramal cambiar\u00eda sustantivamente la realidad salarial de miles de trabajadores\u201d, afirm\u00f3 Gonz\u00e1lez.<\/p>\n\n\n\n<p>Otro de los puntos destacados fue la conciliaci\u00f3n de la vida laboral y familiar, as\u00ed como la corresponsabilidad social, temas que han sido prioritarios para la diputada, quien conform\u00f3 la \u201cBancada de Cuidados, Corresponsabilidad Social y Conciliaci\u00f3n\u201d junto a organizaciones de la Red Nacional de Cuidados.<\/p>\n\n\n\n<p>\u201cInsistimos en la necesidad de desplegar iniciativas concretas para apoyar a las madres trabajadoras y avanzar hacia una verdadera corresponsabilidad del Estado y de la sociedad\u201d, agreg\u00f3.<\/p>\n\n\n\n<p>Finalmente, la diputada anunci\u00f3 que durante las pr\u00f3ximas semanas desarrollar\u00e1 espacios de informaci\u00f3n y di\u00e1logo en la regi\u00f3n.<\/p>\n\n\n\n<p>\u201cEstaremos informando de distintos foros laborales que realizaremos en la Regi\u00f3n de O\u2019Higgins, para que todas y todos los trabajadores est\u00e9n al tanto de estos importantes proyectos y puedan ser protagonistas en su discusi\u00f3n\u201d, concluy\u00f3.<\/p>\n","protected":false},"excerpt":{"rendered":"Este viernes, la Diputada por la Regi\u00f3n de O\u2019Higgins, Marta Gonz\u00e1lez, sostuvo una importante reuni\u00f3n en el Ministerio&hellip;\n","protected":false},"author":1,"featured_media":3573,"comment_status":"open","ping_status":"open","sticky":false,"template":"","format":"standard","meta":{"_monsterinsights_skip_tracking":false,"_monsterinsights_sitenote_active":false,"_monsterinsights_sitenote_note":"","_monsterinsights_sitenote_category":0,"footnotes":""},"categories":[11,8],"tags":[],"class_list":{"0":"post-3552","1":"post","2":"type-post","3":"status-publish","4":"format-standard","5":"has-post-thumbnail","7":"category-politica","8":"category-portada"},"aioseo_notices":[],"_links":{"self":[{"href":"https:\/\/www.rengoenlanoticia.cl\/prensa\/wp-json\/wp\/v2\/posts\/3552","targetHints":{"allow":["GET"]}}],"collection":[{"href":"https:\/\/www.rengoenlanoticia.cl\/prensa\/wp-json\/wp\/v2\/posts"}],"about":[{"href":"https:\/\/www.rengoenlanoticia.cl\/prensa\/wp-json\/wp\/v2\/types\/post"}],"author":[{"embeddable":true,"href":"https:\/\/www.rengoenlanoticia.cl\/prensa\/wp-json\/wp\/v2\/users\/1"}],"replies":[{"embeddable":true,"href":"https:\/\/www.rengoenlanoticia.cl\/prensa\/wp-json\/wp\/v2\/comments?post=3552"}],"version-history":[{"count":3,"href":"https:\/\/www.rengoenlanoticia.cl\/prensa\/wp-json\/wp\/v2\/posts\/3552\/revisions"}],"predecessor-version":[{"id":3575,"href":"https:\/\/www.rengoenlanoticia.cl\/prensa\/wp-json\/wp\/v2\/posts\/3552\/revisions\/3575"}],"wp:featuredmedia":[{"embeddable":true,"href":"https:\/\/www.rengoenlanoticia.cl\/prensa\/wp-json\/wp\/v2\/media\/3573"}],"wp:attachment":[{"href":"https:\/\/www.rengoenlanoticia.cl\/prensa\/wp-json\/wp\/v2\/media?parent=3552"}],"wp:term":[{"taxonomy":"category","embeddable":true,"href":"https:\/\/www.rengoenlanoticia.cl\/prensa\/wp-json\/wp\/v2\/categories?post=3552"},{"taxonomy":"post_tag","embeddable":true,"href":"https:\/\/www.rengoenlanoticia.cl\/prensa\/wp-json\/wp\/v2\/tags?post=3552"}],"curies":[{"name":"wp","href":"https:\/\/api.w.org\/{rel}","templated":true}]}}