{"id":3013,"date":"2025-05-08T00:39:13","date_gmt":"2025-05-08T00:39:13","guid":{"rendered":"https:\/\/www.rengoenlanoticia.cl\/prensa\/?p=3013"},"modified":"2025-05-08T00:39:15","modified_gmt":"2025-05-08T00:39:15","slug":"gobierno-regional-junto-a-carabineros-anunciaron-proyecto-para-la-construccion-de-una-nueva-escuela-de-formacion-en-ohiggins","status":"publish","type":"post","link":"https:\/\/www.rengoenlanoticia.cl\/prensa\/2025\/05\/08\/gobierno-regional-junto-a-carabineros-anunciaron-proyecto-para-la-construccion-de-una-nueva-escuela-de-formacion-en-ohiggins\/","title":{"rendered":"Gobierno Regional junto a Carabineros anunciaron proyecto para la construcci\u00f3n de una nueva escuela de formaci\u00f3n en O\u2019Higgins\u2022"},"content":{"rendered":"\n<p><\/p>\n\n\n\n<p>El proyecto contempla la habilitaci\u00f3n de modernas instalaciones con el equipamiento y tecnolog\u00eda adecuada para la instrucci\u00f3n de los nuevos uniformados.<\/p>\n\n\n\n<p>Hasta la regi\u00f3n de O\u2019Higgins lleg\u00f3 la Directora Nacional de Apoyo a las Operaciones Policiales de Carabineros, General Inspector Mar\u00eda Teresa Araya, quien sostuvo una trascendental reuni\u00f3n de trabajo con el Gobernador Regional, Pablo Silva Amaya, con el fin de materializar una ambiciosa iniciativa de seguridad p\u00fablica.<\/p>\n\n\n\n<p>Se trata del proyecto de construcci\u00f3n de la primera Escuela de Formaci\u00f3n de Carabineros en O\u2019Higgins, un plan que busca instruir a nuevas generaciones de uniformados y con ello enfrentar de forma s\u00f3lida al crimen organizado. \u201cPor encargo tambi\u00e9n del General Director, un tema que hab\u00edamos conversado con \u00e9l, hemos decidido financiar e impulsar la instalaci\u00f3n de una Escuela de Formaci\u00f3n de Carabineros ac\u00e1 en la regi\u00f3n de O\u2019Higgins\u201d, afirm\u00f3 el Gobernador Regional, Pablo Silva Amaya.<\/p>\n\n\n\n<p>Esta idea responde a un plan maestro policial, pero tambi\u00e9n a una demanda de la ciudadan\u00eda que requiere mayor presencia de efectivos en sus comunas. Al respecto, la Directora Nacional de Apoyo a las Operaciones Policiales, General Inspector Mar\u00eda Teresa Araya, asegur\u00f3 que \u201csostuvimos una reuni\u00f3n en primera instancia con el gobernador para poder explicarle esta iniciativa de inversi\u00f3n\u201d, agregando que \u201cel gobernador nos dijo que s\u00ed, que lo vamos a presentar al GORE con la finalidad de poder absorber esta necesidad\u201d.<\/p>\n\n\n\n<p>El delegado Presidencial de O\u2019Higgins, Fabio L\u00f3pez, sostuvo que \u201ces una excelente noticia para la regi\u00f3n de O\u2019Higgins. Hay un compromiso del Gobierno, hay un compromiso de Carabineros en tener que acortar la brecha de 12 mil Carabineros que hoy d\u00eda existen porque es lo que m\u00e1s demanda la ciudadan\u00eda\u201d.<\/p>\n\n\n\n<p>En ese contexto, la General Inspector, Mar\u00eda Teresa Araya, indic\u00f3 que \u201ctenemos tres prototipos de proyectos, uno para una capacidad de alumnos de 120, otro de 240 y otro de 360 conforme a la demanda que se puede distribuir a nivel regional\u201d.<\/p>\n\n\n\n<p>La iniciativa contempla una inversi\u00f3n entre los 30 mil y 40 mil millones pesos. Para el Gobernador Regional, Pablo Silva Amaya, este plan representa \u201cvarias ventajas\u201d.<\/p>\n\n\n\n<p>\u201cEl tema de seguridad que es lo principal, la posibilidad de formaci\u00f3n de personas de la regi\u00f3n de O\u2019Higgins, pero tambi\u00e9n es una posibilidad de educaci\u00f3n y trabajo para muchos j\u00f3venes\u201d, agreg\u00f3 la m\u00e1xima autoridad regional.<\/p>\n\n\n\n<p>Las autoridades estiman que el proyecto se presentar\u00e1 al Gobierno Regional de O\u2019Higgins durante el 2026, y se ejecutar\u00e1 durante \u201c3 a\u00f1os aproximadamente\u201d.<\/p>\n\n\n\n<p>Carabineros, se propuso que \u201ccon la formaci\u00f3n de los dos a\u00f1os, se quedar\u00e1 aqu\u00ed en la regi\u00f3n, entre el 20% y el 30% del total de la dotaci\u00f3n, pero tambi\u00e9n usted va a tener una oferta disponible de dos a\u00f1os, porque se est\u00e1n formando Carabineros, por situaciones de emergencias, en la cual usted requiera de ese recurso humano, lo va a tener aqu\u00ed en la regi\u00f3n\u201d, concluy\u00f3 la General Inspector, Mar\u00eda Teresa Araya.<\/p>\n","protected":false},"excerpt":{"rendered":"El proyecto contempla la habilitaci\u00f3n de modernas instalaciones con el equipamiento y tecnolog\u00eda adecuada para la instrucci\u00f3n de&hellip;\n","protected":false},"author":1,"featured_media":3024,"comment_status":"open","ping_status":"open","sticky":false,"template":"","format":"standard","meta":{"_monsterinsights_skip_tracking":false,"_monsterinsights_sitenote_active":false,"_monsterinsights_sitenote_note":"","_monsterinsights_sitenote_category":0,"footnotes":""},"categories":[5,8],"tags":[],"class_list":{"0":"post-3013","1":"post","2":"type-post","3":"status-publish","4":"format-standard","5":"has-post-thumbnail","7":"category-policial","8":"category-portada"},"aioseo_notices":[],"_links":{"self":[{"href":"https:\/\/www.rengoenlanoticia.cl\/prensa\/wp-json\/wp\/v2\/posts\/3013","targetHints":{"allow":["GET"]}}],"collection":[{"href":"https:\/\/www.rengoenlanoticia.cl\/prensa\/wp-json\/wp\/v2\/posts"}],"about":[{"href":"https:\/\/www.rengoenlanoticia.cl\/prensa\/wp-json\/wp\/v2\/types\/post"}],"author":[{"embeddable":true,"href":"https:\/\/www.rengoenlanoticia.cl\/prensa\/wp-json\/wp\/v2\/users\/1"}],"replies":[{"embeddable":true,"href":"https:\/\/www.rengoenlanoticia.cl\/prensa\/wp-json\/wp\/v2\/comments?post=3013"}],"version-history":[{"count":3,"href":"https:\/\/www.rengoenlanoticia.cl\/prensa\/wp-json\/wp\/v2\/posts\/3013\/revisions"}],"predecessor-version":[{"id":3028,"href":"https:\/\/www.rengoenlanoticia.cl\/prensa\/wp-json\/wp\/v2\/posts\/3013\/revisions\/3028"}],"wp:featuredmedia":[{"embeddable":true,"href":"https:\/\/www.rengoenlanoticia.cl\/prensa\/wp-json\/wp\/v2\/media\/3024"}],"wp:attachment":[{"href":"https:\/\/www.rengoenlanoticia.cl\/prensa\/wp-json\/wp\/v2\/media?parent=3013"}],"wp:term":[{"taxonomy":"category","embeddable":true,"href":"https:\/\/www.rengoenlanoticia.cl\/prensa\/wp-json\/wp\/v2\/categories?post=3013"},{"taxonomy":"post_tag","embeddable":true,"href":"https:\/\/www.rengoenlanoticia.cl\/prensa\/wp-json\/wp\/v2\/tags?post=3013"}],"curies":[{"name":"wp","href":"https:\/\/api.w.org\/{rel}","templated":true}]}}