{"id":3008,"date":"2025-05-08T00:04:42","date_gmt":"2025-05-08T00:04:42","guid":{"rendered":"https:\/\/www.rengoenlanoticia.cl\/prensa\/?p=3008"},"modified":"2025-05-08T00:05:35","modified_gmt":"2025-05-08T00:05:35","slug":"seremi-del-medio-ambiente-realiza-charla-informativa-a-vecinos-de-poblacion-salvador-allende-de-machali","status":"publish","type":"post","link":"https:\/\/www.rengoenlanoticia.cl\/prensa\/2025\/05\/08\/seremi-del-medio-ambiente-realiza-charla-informativa-a-vecinos-de-poblacion-salvador-allende-de-machali\/","title":{"rendered":"Seremi del Medio Ambiente realiza charla informativa a vecinos de poblaci\u00f3n Salvador Allende de Machal\u00ed"},"content":{"rendered":"\n<p><em>M\u00e1s de 60 personas pudieron resolver sus dudas sobre la prohibici\u00f3n del uso de artefactos a le\u00f1a y la postulaci\u00f3n al Programa Recambio de Calefactores 2025.<\/em><\/p>\n\n\n\n<p><strong><em>Mi\u00e9rcoles 07 mayo.- <\/em><\/strong>Continuando con el ciclo de talleres que se encuentra realizando la Seremi del Medio Ambiente O\u00b4Higgins para informar en terreno a vecinas y vecinos acerca de la medida de prohibici\u00f3n del uso de artefactos a le\u00f1a que comenz\u00f3 a regir desde el pasado 29 de marzo, es que se realiz\u00f3, una jornada informativa \u2013 con&nbsp; el apoyo del Programa Quiero Mi Barrio &#8211; para vecinas y vecinos de la poblaci\u00f3n Salvador Allende de Machal\u00ed, instancia d\u00f3nde tambi\u00e9n se les inform\u00f3 todos los detalles del proceso de postulaci\u00f3n del Programa Recambio de Calefactores 2025 que culmin\u00f3 su etapa de postulaci\u00f3n el pasado 23 de abril.<\/p>\n\n\n\n<p>Al respecto, la Seremi del Medio Ambiente, Giovanna Amaya, sostuvo que \u201cestas instancias son tremendamente valiosas para nuestra instituci\u00f3n, ya que nos permiten poder responder las dudas que surgen en la comunidad sobre las medidas que hemos implementado y para que puedan entender su fundamento, que no es m\u00e1s que el cuidar su salud y mejorar su calidad de vida y la de sus familias\u201d.<\/p>\n\n\n\n<p>Claudio Mu\u00f1oz, vecino del sector, sostuvo que \u201ces muy bueno que se venga a instruir a la comunidad constantemente cuando hay que hacer alg\u00fan tipo de pol\u00edtica p\u00fablica (\u2026) La medida me parece excelente porque nuestra geograf\u00eda es complicada, estamos en una cuenca, en un valle donde estamos rodeados de monta\u00f1as y eso nos ha venido perjudicando\u201d.<\/p>\n\n\n\n<p><strong>\u00bfQu\u00e9 establece y d\u00f3nde aplica la prohibici\u00f3n?<\/strong><\/p>\n\n\n\n<p>Dicha medida prohibi\u00f3 desde el 29 de marzo pasado, el uso de artefactos a le\u00f1a: calefactores, cocinas y calderas de calefacci\u00f3n en Rancagua y Machal\u00ed Urbano, mientras que para el resto de las comunas de la zona saturada del Valle Central de O\u00b4Higgins, vale decir: Graneros, Do\u00f1ihue, Olivar, Coltauco, Co\u00ednco, Quinta de Tilcoco, San Vicente de Tagua Tagua, Placilla, Mostazal, Codegua, Malloa, Rengo, Requ\u00ednoa, San Fernando y Chimbarongo, no se pueden usar salamandras, artefactos hechizos y cocinas a le\u00f1a de manera permanente durante todo el a\u00f1o.<\/p>\n\n\n\n<p>El equipo de la Seremi del Medio Ambiente seguir\u00e1 realizando talleres para la ciudadan\u00eda y establecimientos educacionales del Valle Central de la regi\u00f3n, a fin de generar una instancia de informaci\u00f3n y dialogo directo con las personas.<\/p>\n\n\n\n<p>Para conocer m\u00e1s de la medida de prohibici\u00f3n del uso de artefactos a le\u00f1a, la Seremi del Medio Ambiente ha habilitado el sitio web mma.gob.cl\/ohiggins\/pda donde se encuentran gr\u00e1ficas informativas, videos, entrevistas, noticias del Plan, la calidad del aire en tiempo real y preguntas frecuentes, entre otras informaciones.<\/p>\n","protected":false},"excerpt":{"rendered":"M\u00e1s de 60 personas pudieron resolver sus dudas sobre la prohibici\u00f3n del uso de artefactos a le\u00f1a y&hellip;\n","protected":false},"author":1,"featured_media":3017,"comment_status":"open","ping_status":"open","sticky":false,"template":"","format":"standard","meta":{"_monsterinsights_skip_tracking":false,"_monsterinsights_sitenote_active":false,"_monsterinsights_sitenote_note":"","_monsterinsights_sitenote_category":0,"footnotes":""},"categories":[8],"tags":[],"class_list":{"0":"post-3008","1":"post","2":"type-post","3":"status-publish","4":"format-standard","5":"has-post-thumbnail","7":"category-portada"},"aioseo_notices":[],"_links":{"self":[{"href":"https:\/\/www.rengoenlanoticia.cl\/prensa\/wp-json\/wp\/v2\/posts\/3008","targetHints":{"allow":["GET"]}}],"collection":[{"href":"https:\/\/www.rengoenlanoticia.cl\/prensa\/wp-json\/wp\/v2\/posts"}],"about":[{"href":"https:\/\/www.rengoenlanoticia.cl\/prensa\/wp-json\/wp\/v2\/types\/post"}],"author":[{"embeddable":true,"href":"https:\/\/www.rengoenlanoticia.cl\/prensa\/wp-json\/wp\/v2\/users\/1"}],"replies":[{"embeddable":true,"href":"https:\/\/www.rengoenlanoticia.cl\/prensa\/wp-json\/wp\/v2\/comments?post=3008"}],"version-history":[{"count":2,"href":"https:\/\/www.rengoenlanoticia.cl\/prensa\/wp-json\/wp\/v2\/posts\/3008\/revisions"}],"predecessor-version":[{"id":3019,"href":"https:\/\/www.rengoenlanoticia.cl\/prensa\/wp-json\/wp\/v2\/posts\/3008\/revisions\/3019"}],"wp:featuredmedia":[{"embeddable":true,"href":"https:\/\/www.rengoenlanoticia.cl\/prensa\/wp-json\/wp\/v2\/media\/3017"}],"wp:attachment":[{"href":"https:\/\/www.rengoenlanoticia.cl\/prensa\/wp-json\/wp\/v2\/media?parent=3008"}],"wp:term":[{"taxonomy":"category","embeddable":true,"href":"https:\/\/www.rengoenlanoticia.cl\/prensa\/wp-json\/wp\/v2\/categories?post=3008"},{"taxonomy":"post_tag","embeddable":true,"href":"https:\/\/www.rengoenlanoticia.cl\/prensa\/wp-json\/wp\/v2\/tags?post=3008"}],"curies":[{"name":"wp","href":"https:\/\/api.w.org\/{rel}","templated":true}]}}