{"id":2989,"date":"2025-05-08T00:01:45","date_gmt":"2025-05-08T00:01:45","guid":{"rendered":"https:\/\/www.rengoenlanoticia.cl\/prensa\/?p=2989"},"modified":"2025-05-08T00:09:03","modified_gmt":"2025-05-08T00:09:03","slug":"tecnologia-y-resiliencia-las-claves-del-lanzamiento-del-programa-pati-de-corfo-que-orienta-la-modernizacion-del-agro-regional","status":"publish","type":"post","link":"https:\/\/www.rengoenlanoticia.cl\/prensa\/2025\/05\/08\/tecnologia-y-resiliencia-las-claves-del-lanzamiento-del-programa-pati-de-corfo-que-orienta-la-modernizacion-del-agro-regional\/","title":{"rendered":"Tecnolog\u00eda y resiliencia: Las claves del lanzamiento del Programa PATI de Corfo que orienta la modernizaci\u00f3n del agro regional"},"content":{"rendered":"\n<p><strong>Con el cofinanciamiento de Corfo y la ejecuci\u00f3n de CRD Consultores, los productores agr\u00edcolas de la regi\u00f3n comenzar\u00e1n a incorporar tecnolog\u00edas de monitoreo y gesti\u00f3n inteligente para fortalecer su competitividad frente al cambio clim\u00e1tico.<\/strong><\/p>\n\n\n\n<p>Con el prop\u00f3sito de fortalecer la resiliencia del agro frente a los efectos del cambio clim\u00e1tico, se lanz\u00f3 en Santa Cruz el primer Programa de Absorci\u00f3n Tecnol\u00f3gica para la Innovaci\u00f3n (PATI) de la Regi\u00f3n de O&#8217;Higgins. Esta iniciativa, impulsada por Corfo y ejecutada por CRD Consultores, beneficiar\u00e1 a 10 peque\u00f1as y medianas empresas agr\u00edcolas mediante la incorporaci\u00f3n de herramientas digitales avanzadas y capacitaciones especializadas.<\/p>\n\n\n\n<p>El evento de lanzamiento, desarrollado en Santa Cruz, reuni\u00f3 a m\u00e1s de 50 personas, entre autoridades regionales, representantes de Corfo, productores frut\u00edcolas y expertos en innovaci\u00f3n agr\u00edcola. Entre los participantes, destacaron el director regional de Corfo O&#8217;Higgins, \u00d3scar \u00c1vila M\u00e9ndez; representantes de CRD Consultores; productores de Vi\u00f1a Santa Cruz, Agrogreen SPA, Agr\u00edcola San Eduardo, y otros beneficiarios directores del programa.<\/p>\n\n\n\n<p>El PATI O&#8217;Higgins, denominado \u201cTecnolog\u00edas Clim\u00e1ticas para una Agricultura Resiliente\u201d, no solo busca instruir a las empresas agr\u00edcolas de tecnolog\u00edas como sensores de suelo, estaciones meteorol\u00f3gicas inteligentes y plataformas de toma de decisiones basadas en inteligencia artificial, sino tambi\u00e9n asegurar la absorci\u00f3n efectiva de estos conocimientos para su aplicaci\u00f3n aut\u00f3noma.<\/p>\n\n\n\n<figure class=\"wp-block-image size-full\"><img loading=\"lazy\" decoding=\"async\" width=\"1024\" height=\"768\" src=\"https:\/\/www.rengoenlanoticia.cl\/prensa\/wp-content\/uploads\/2025\/05\/LANZAMIENTO-PATI-2.jpg\" alt=\"\" class=\"wp-image-2997\" srcset=\"https:\/\/www.rengoenlanoticia.cl\/prensa\/wp-content\/uploads\/2025\/05\/LANZAMIENTO-PATI-2.jpg 1024w, https:\/\/www.rengoenlanoticia.cl\/prensa\/wp-content\/uploads\/2025\/05\/LANZAMIENTO-PATI-2-300x225.jpg 300w, https:\/\/www.rengoenlanoticia.cl\/prensa\/wp-content\/uploads\/2025\/05\/LANZAMIENTO-PATI-2-768x576.jpg 768w, https:\/\/www.rengoenlanoticia.cl\/prensa\/wp-content\/uploads\/2025\/05\/LANZAMIENTO-PATI-2-110x83.jpg 110w, https:\/\/www.rengoenlanoticia.cl\/prensa\/wp-content\/uploads\/2025\/05\/LANZAMIENTO-PATI-2-200x150.jpg 200w, https:\/\/www.rengoenlanoticia.cl\/prensa\/wp-content\/uploads\/2025\/05\/LANZAMIENTO-PATI-2-380x285.jpg 380w, https:\/\/www.rengoenlanoticia.cl\/prensa\/wp-content\/uploads\/2025\/05\/LANZAMIENTO-PATI-2-255x191.jpg 255w, https:\/\/www.rengoenlanoticia.cl\/prensa\/wp-content\/uploads\/2025\/05\/LANZAMIENTO-PATI-2-550x413.jpg 550w, https:\/\/www.rengoenlanoticia.cl\/prensa\/wp-content\/uploads\/2025\/05\/LANZAMIENTO-PATI-2-800x600.jpg 800w\" sizes=\"auto, (max-width: 1024px) 100vw, 1024px\" \/><\/figure>\n\n\n\n<p>\u00abEste primer Programa de Absorci\u00f3n Tecnol\u00f3gica para la Innovaci\u00f3n, impulsado por Corfo, representa una oportunidad concreta para modernizar la agricultura en O&#8217;Higgins, un sector clave para el desarrollo regional. Estamos llegando con e innovaci\u00f3n a productores de distintas comunas del valle de Colchagua, fortaleciendo su competitividad y prepar\u00e1ndolos para enfrentar los desaf\u00edos del cambio clim\u00e1tico. Adem\u00e1s, la iniciativa busca democratizar el acceso a herramientas tecnol\u00f3gicas, en sinton\u00eda con la estrategia de desarrollo regional y el trabajo del Desarrollo Productivo\u201d, enfatiz\u00f3 al director regional de Corfo, \u00d3scar \u00c1vila.<\/p>\n\n\n\n<p>El seminario \u00abHacia una Agricultura Resiliente\u00bb, desarrollado como parte del lanzamiento, abord\u00f3 los principales desaf\u00edos de la digitalizaci\u00f3n del sector agropecuario, la necesidad de una producci\u00f3n m\u00e1s sostenible y el rol de la innovaci\u00f3n para enfrentar fen\u00f3menos como la sequ\u00eda y las altas temperaturas.<\/p>\n\n\n\n<p>En este sentido&nbsp;<em>,<\/em>&nbsp;<em>Jorge Cisternas, director de CRD Consultores, destac\u00f3 que<\/em>&nbsp;\u00abgracias al apoyo de Corfo, este Programa no solo da a conocer tecnolog\u00eda, sino que gu\u00eda a los productores en su incorporaci\u00f3n efectiva. La diferencia respecto a otras iniciativas est\u00e1 en que, al finalizar, los beneficiarios contar\u00e1n con herramientas instaladas y el conocimiento necesario para usarlas de forma aut\u00f3noma. Por este motivo, nuestro desaf\u00edo es cultural: lograr que absorban esta tecnolog\u00eda y comprendan su valor para tomar mejores decisiones, reducir costos y enfrentar el cambio clim\u00e1tico\u00bb.<\/p>\n\n\n\n<p>\u201cEste PATI se inserta en dos ejes estrat\u00e9gicos que estamos impulsando desde Corfo: la descentralizaci\u00f3n, promoviendo el impacto real de las iniciativas en regiones, y la sostenibilidad, mejorando la cadena de valor mediante el uso eficiente de recursos. Al incorporar tecnolog\u00eda avanzada para optimizar el riego y anticipar condiciones clim\u00e1ticas, buscamos generar un impacto sustancial en el rubro agr\u00edcola y mejorar el desempe\u00f1o de sus procesos productivos\u201d, se\u00f1al\u00f3&nbsp;<em>Hugo Jara, ejecutivo del Programa de Absorci\u00f3n Tecnol\u00f3gica de Corfo<\/em>&nbsp;<em>.<\/em><\/p>\n\n\n\n<p>Cabe se\u00f1alar que el Programa forma parte de una estrategia nacional de Corfo, que adjudic\u00f3 11 proyectos de este tipo en distintas regiones del pa\u00eds, orientados a diversos rubros.<\/p>\n\n\n\n<figure class=\"wp-block-image size-full\"><img loading=\"lazy\" decoding=\"async\" width=\"1024\" height=\"649\" src=\"https:\/\/www.rengoenlanoticia.cl\/prensa\/wp-content\/uploads\/2025\/05\/LANZAMIENTO-PATI-3.jpg\" alt=\"\" class=\"wp-image-2999\" srcset=\"https:\/\/www.rengoenlanoticia.cl\/prensa\/wp-content\/uploads\/2025\/05\/LANZAMIENTO-PATI-3.jpg 1024w, https:\/\/www.rengoenlanoticia.cl\/prensa\/wp-content\/uploads\/2025\/05\/LANZAMIENTO-PATI-3-300x190.jpg 300w, https:\/\/www.rengoenlanoticia.cl\/prensa\/wp-content\/uploads\/2025\/05\/LANZAMIENTO-PATI-3-768x487.jpg 768w, https:\/\/www.rengoenlanoticia.cl\/prensa\/wp-content\/uploads\/2025\/05\/LANZAMIENTO-PATI-3-110x70.jpg 110w, https:\/\/www.rengoenlanoticia.cl\/prensa\/wp-content\/uploads\/2025\/05\/LANZAMIENTO-PATI-3-200x127.jpg 200w, https:\/\/www.rengoenlanoticia.cl\/prensa\/wp-content\/uploads\/2025\/05\/LANZAMIENTO-PATI-3-380x241.jpg 380w, https:\/\/www.rengoenlanoticia.cl\/prensa\/wp-content\/uploads\/2025\/05\/LANZAMIENTO-PATI-3-255x162.jpg 255w, https:\/\/www.rengoenlanoticia.cl\/prensa\/wp-content\/uploads\/2025\/05\/LANZAMIENTO-PATI-3-550x349.jpg 550w, https:\/\/www.rengoenlanoticia.cl\/prensa\/wp-content\/uploads\/2025\/05\/LANZAMIENTO-PATI-3-800x507.jpg 800w\" sizes=\"auto, (max-width: 1024px) 100vw, 1024px\" \/><\/figure>\n\n\n\n<p><strong>Participantes y foco regional<\/strong><\/p>\n\n\n\n<p>Entre las entidades participantes del PATI O&#8217;Higgins se encuentran empresas de la provincia de Colchagua, en un esfuerzo por descentralizar el acceso a tecnolog\u00edas y fomentar la adopci\u00f3n de innovaciones pr\u00e1cticas que responden a las condiciones particulares de cada territorio, para ello se congregar\u00e1 a m\u00e1s de 40 invitados que podr\u00e1n acercar el conocimiento observado a su entorno productivo.<\/p>\n\n\n\n<p>Tras el seminario, tanto participantes como beneficiarios valoraron el evento y los datos transmitidos por los expositores.&nbsp;<a>El jefe del \u00c1rea Agr\u00edcola de Vi\u00f1a Santa Cruz, Andr\u00e9s Campos, resalt\u00f3 que \u00abhoy se vivi\u00f3 una jornada intensa en que se mostraron varios tipos de tecnolog\u00eda que podemos aplicar, considerando la contingencia del cambio clim\u00e1tico y los factores que repercuten en nuestro medio productivo. Por este motivo, las herramientas que nos han mostrado nos dejan bastante tranquilos, con ganas de seguir conoci\u00e9ndolas y poder aplicarlas en nuestros campos<br><em>para hacer m\u00e1s eficientes nuestros marcos productivos\u201d.<\/em><\/a><\/p>\n\n\n\n<p><em>\u00abEste seminario ha sido muy importante, sobre todo hoy que se debe aplicar tecnolog\u00eda para llevar una buena gesti\u00f3n productiva y comercial en los campos. Todo lo que favorece los manejos siempre es bienvenido, especialmente, aprender a identificar herramientas ya que no siempre sabemos cu\u00e1les hay disponibles\u00bb, concluy\u00f3 Rosario Larra\u00edn, ingeniero agr\u00f3nomo Zonal de Prunesco en Colchagua.<\/em><\/p>\n\n\n\n<p>Atentamente,<\/p>\n","protected":false},"excerpt":{"rendered":"Con el cofinanciamiento de Corfo y la ejecuci\u00f3n de CRD Consultores, los productores agr\u00edcolas de la regi\u00f3n comenzar\u00e1n&hellip;\n","protected":false},"author":1,"featured_media":2998,"comment_status":"open","ping_status":"open","sticky":false,"template":"","format":"standard","meta":{"_monsterinsights_skip_tracking":false,"_monsterinsights_sitenote_active":false,"_monsterinsights_sitenote_note":"","_monsterinsights_sitenote_category":0,"footnotes":""},"categories":[8],"tags":[],"class_list":{"0":"post-2989","1":"post","2":"type-post","3":"status-publish","4":"format-standard","5":"has-post-thumbnail","7":"category-portada"},"aioseo_notices":[],"_links":{"self":[{"href":"https:\/\/www.rengoenlanoticia.cl\/prensa\/wp-json\/wp\/v2\/posts\/2989","targetHints":{"allow":["GET"]}}],"collection":[{"href":"https:\/\/www.rengoenlanoticia.cl\/prensa\/wp-json\/wp\/v2\/posts"}],"about":[{"href":"https:\/\/www.rengoenlanoticia.cl\/prensa\/wp-json\/wp\/v2\/types\/post"}],"author":[{"embeddable":true,"href":"https:\/\/www.rengoenlanoticia.cl\/prensa\/wp-json\/wp\/v2\/users\/1"}],"replies":[{"embeddable":true,"href":"https:\/\/www.rengoenlanoticia.cl\/prensa\/wp-json\/wp\/v2\/comments?post=2989"}],"version-history":[{"count":2,"href":"https:\/\/www.rengoenlanoticia.cl\/prensa\/wp-json\/wp\/v2\/posts\/2989\/revisions"}],"predecessor-version":[{"id":3015,"href":"https:\/\/www.rengoenlanoticia.cl\/prensa\/wp-json\/wp\/v2\/posts\/2989\/revisions\/3015"}],"wp:featuredmedia":[{"embeddable":true,"href":"https:\/\/www.rengoenlanoticia.cl\/prensa\/wp-json\/wp\/v2\/media\/2998"}],"wp:attachment":[{"href":"https:\/\/www.rengoenlanoticia.cl\/prensa\/wp-json\/wp\/v2\/media?parent=2989"}],"wp:term":[{"taxonomy":"category","embeddable":true,"href":"https:\/\/www.rengoenlanoticia.cl\/prensa\/wp-json\/wp\/v2\/categories?post=2989"},{"taxonomy":"post_tag","embeddable":true,"href":"https:\/\/www.rengoenlanoticia.cl\/prensa\/wp-json\/wp\/v2\/tags?post=2989"}],"curies":[{"name":"wp","href":"https:\/\/api.w.org\/{rel}","templated":true}]}}