{"id":2910,"date":"2025-04-23T22:31:46","date_gmt":"2025-04-23T22:31:46","guid":{"rendered":"https:\/\/www.rengoenlanoticia.cl\/prensa\/?p=2910"},"modified":"2025-04-23T22:32:23","modified_gmt":"2025-04-23T22:32:23","slug":"region-de-ohiggins-registra-un-notable-crecimiento-del-58-en-el-pib-del-ultimo-trimestre-del-2024-impulsada-por-el-agro-y-el-comercio","status":"publish","type":"post","link":"https:\/\/www.rengoenlanoticia.cl\/prensa\/2025\/04\/23\/region-de-ohiggins-registra-un-notable-crecimiento-del-58-en-el-pib-del-ultimo-trimestre-del-2024-impulsada-por-el-agro-y-el-comercio\/","title":{"rendered":"Regi\u00f3n de O&#8217;Higgins Registra un Notable Crecimiento del 5,8% en el PIB del \u00faltimo trimestre del 2024, Impulsada por el Agro y el Comercio."},"content":{"rendered":"\n<p>A nivel nacional, el crecimiento del PIB se explica, principalmente, por las actividades de miner\u00eda, comercio, servicios personales y transporte, que contribuyeron de manera significativa en la mayor\u00eda de las regiones. El aumento en el consumo de los hogares se atribuye a una mejora en todos sus componentes, con un destacado aporte de los servicios y bienes durables en varias regiones.<\/p>\n\n\n\n<p>Seg\u00fan datos preliminares de las Cuentas Nacionales, en el a\u00f1o 2024, catorce de las diecis\u00e9is regiones del pa\u00eds experimentaron un incremento en su Producto Interno Bruto (PIB), con una tasa de crecimiento nacional de 2,6%. Este avance se tradujo en un aumento considerable del consumo de los hogares, que creci\u00f3 en quince regiones, logrando un incremento del 1,0% a nivel nacional.<\/p>\n\n\n\n<p>Particularmente, la regi\u00f3n del Libertador General Bernardo O\u2019Higgins destac\u00f3 por un impresionante crecimiento del 5,8%, impulsado por el desempe\u00f1o de los sectores agropecuario-silv\u00edcola y comercio. Este avance fue favorecido por una positiva temporada frut\u00edcola, especialmente en la producci\u00f3n de cerezas. Adem\u00e1s, el consumo de los hogares en la regi\u00f3n tambi\u00e9n aument\u00f3 en un 1,5%, asociado al mayor gasto en servicios y en bienes no durables, tales como vestuario, calzado y alimentos.<\/p>\n\n\n\n<p>El Delegado Presidencial Regional, Fabio L\u00f3pez Aguilera, expres\u00f3: \u00abEstamos muy contentos con estos resultados, los cuales son testimonio del incansable esfuerzo y la dedicaci\u00f3n de nuestros agricultores y comerciantes en la Regi\u00f3n de O&#8217;Higgins. Este notable crecimiento no solo impulsa la econom\u00eda local, sino que tambi\u00e9n transforma positivamente la calidad de vida de cada uno de nuestros ciudadanos, mostrando que juntos podemos construir un futuro m\u00e1s pr\u00f3spero.<\/p>\n\n\n\n<p>Nuestro compromiso es seguir apoyando y fortaleciendo a nuestros sectores productivos, asegurando que esta tendencia positiva no solo se mantenga, sino que se convierta en un pilar fundamental de desarrollo sostenible. Estamos convencidos de que, con el trabajo conjunto entre el gobierno, la comunidad y el sector privado, podemos seguir generando oportunidades y bienestar para todos.\u00bb<\/p>\n\n\n\n<p>Por su parte, el Seremi de Econom\u00eda, Dar\u00edo Garc\u00eda, agreg\u00f3: \u00abEl crecimiento del 5,8% en la Regi\u00f3n de O\u2019Higgins durante el \u00faltimo trimestre responde al s\u00f3lido desempe\u00f1o del sector agropecuario-silv\u00edcola y del comercio, impulsados por una muy buena temporada frut\u00edcola, especialmente en la producci\u00f3n de cerezas. A esto se suma un aumento del 1,5% en el consumo de los hogares, asociado a un mayor gasto en servicios y en bienes no durables como vestuario, calzado y alimentos. Este positivo resultado es fruto del trabajo intersectorial que hemos desarrollado desde el Gobierno, liderado en la regi\u00f3n por el Delegado Presidencial Fabio L\u00f3pez, y que ha articulado esfuerzos entre carteras clave como Agricultura, Obras P\u00fablicas, Transportes y Miner\u00eda. Todo ello en el marco del mandato del Presidente Gabriel Boric y del Gabinete Pro Crecimiento y Empleo, lo que nos permite hoy ver se\u00f1ales claras de reactivaci\u00f3n econ\u00f3mica para nuestra regi\u00f3n.\u00bb<\/p>\n\n\n\n<p>Estos resultados reflejan el dinamismo de la econom\u00eda regional y el impacto positivo de la actividad agr\u00edcola y comercial en la calidad de vida de los habitantes de O&#8217;Higgins.<\/p>\n","protected":false},"excerpt":{"rendered":"A nivel nacional, el crecimiento del PIB se explica, principalmente, por las actividades de miner\u00eda, comercio, servicios personales&hellip;\n","protected":false},"author":1,"featured_media":2914,"comment_status":"open","ping_status":"open","sticky":false,"template":"","format":"standard","meta":{"_monsterinsights_skip_tracking":false,"_monsterinsights_sitenote_active":false,"_monsterinsights_sitenote_note":"","_monsterinsights_sitenote_category":0,"footnotes":""},"categories":[8],"tags":[],"class_list":{"0":"post-2910","1":"post","2":"type-post","3":"status-publish","4":"format-standard","5":"has-post-thumbnail","7":"category-portada"},"aioseo_notices":[],"_links":{"self":[{"href":"https:\/\/www.rengoenlanoticia.cl\/prensa\/wp-json\/wp\/v2\/posts\/2910","targetHints":{"allow":["GET"]}}],"collection":[{"href":"https:\/\/www.rengoenlanoticia.cl\/prensa\/wp-json\/wp\/v2\/posts"}],"about":[{"href":"https:\/\/www.rengoenlanoticia.cl\/prensa\/wp-json\/wp\/v2\/types\/post"}],"author":[{"embeddable":true,"href":"https:\/\/www.rengoenlanoticia.cl\/prensa\/wp-json\/wp\/v2\/users\/1"}],"replies":[{"embeddable":true,"href":"https:\/\/www.rengoenlanoticia.cl\/prensa\/wp-json\/wp\/v2\/comments?post=2910"}],"version-history":[{"count":2,"href":"https:\/\/www.rengoenlanoticia.cl\/prensa\/wp-json\/wp\/v2\/posts\/2910\/revisions"}],"predecessor-version":[{"id":2920,"href":"https:\/\/www.rengoenlanoticia.cl\/prensa\/wp-json\/wp\/v2\/posts\/2910\/revisions\/2920"}],"wp:featuredmedia":[{"embeddable":true,"href":"https:\/\/www.rengoenlanoticia.cl\/prensa\/wp-json\/wp\/v2\/media\/2914"}],"wp:attachment":[{"href":"https:\/\/www.rengoenlanoticia.cl\/prensa\/wp-json\/wp\/v2\/media?parent=2910"}],"wp:term":[{"taxonomy":"category","embeddable":true,"href":"https:\/\/www.rengoenlanoticia.cl\/prensa\/wp-json\/wp\/v2\/categories?post=2910"},{"taxonomy":"post_tag","embeddable":true,"href":"https:\/\/www.rengoenlanoticia.cl\/prensa\/wp-json\/wp\/v2\/tags?post=2910"}],"curies":[{"name":"wp","href":"https:\/\/api.w.org\/{rel}","templated":true}]}}