{"id":2874,"date":"2025-04-23T00:45:29","date_gmt":"2025-04-23T00:45:29","guid":{"rendered":"https:\/\/www.rengoenlanoticia.cl\/prensa\/?p=2874"},"modified":"2025-04-23T00:47:06","modified_gmt":"2025-04-23T00:47:06","slug":"se-acerca-el-primer-gran-encuentro-internacional-de-impulsa-ohiggins-fortalece","status":"publish","type":"post","link":"https:\/\/www.rengoenlanoticia.cl\/prensa\/2025\/04\/23\/se-acerca-el-primer-gran-encuentro-internacional-de-impulsa-ohiggins-fortalece\/","title":{"rendered":"\u00a1Se acerca el primer gran encuentro internacional de Impulsa O\u2019Higgins Fortalece!"},"content":{"rendered":"\n<p>La cita es este mi\u00e9rcoles 23 de abril a partir de las 9:30 hrs en el Teatro Pista Municipal de la comuna de Pichilemu.<\/p>\n\n\n\n<p>La Corporaci\u00f3n Pro O\u2019Higgins y Corfo invitan a toda la comunidad a ser parte del primer evento internacional del programa <strong>Impulsa O\u2019Higgins Fortalece<\/strong>, una iniciativa que recorrer\u00e1 la regi\u00f3n destacando su riqueza cultural, natural y productiva a trav\u00e9s de tres encuentros internacionales con enfoques innovadores.<\/p>\n\n\n\n<p>El punto de partida ser\u00e1 <strong>\u201cO\u2019Higgins sin Fronteras: creatividad, cultura y turismo\u201d<\/strong>, que se realizar\u00e1 este <strong>mi\u00e9rcoles 23 de abril en la comuna de Pichilemu<\/strong>. El evento estar\u00e1 enfocado en el <strong>turismo naranja<\/strong>, una tendencia global que busca potenciar el talento creativo local como motor de experiencias tur\u00edsticas \u00fanicas y memorables.<\/p>\n\n\n\n<p>Durante la jornada, expertos internacionales y actores locales compartir\u00e1n ideas, casos de \u00e9xito y herramientas para fortalecer el v\u00ednculo entre cultura, creatividad y turismo en la regi\u00f3n de O\u2019Higgins.<\/p>\n\n\n\n<p>La primera conferencia \u201cLa Creatividad un Activo Valioso para la Econom\u00eda y el Turismo\u201d, estar\u00e1 a cargo de Mauricio Cifuentes, Gerente del Programa Chile Creativo de CORFO. Despu\u00e9s estar\u00e1 la directora de la Cooperativa Ruta de los Abastos, Pamela Villagra, compartiendo una charla que ha denominado \u201cTerritorios M\u00e1gicos de O&#8217;Higgins\u201d.<\/p>\n\n\n\n<p>El segundo bloque de la ma\u00f1ana lo abre Alexandra Gar\u00edn, Gerente del Programa Estrat\u00e9gico Regional Valpara\u00edso Creativo de CORFO, con la conferencia \u201cOportunidades de las Industrias Creativas y el Turismo\u201d y tras esta exposici\u00f3n, se abre el espacio para el invitado internacional Paulo Carvajal, Fundador y CDO de B\u00e1sica, socio de Corporaci\u00f3n Art Music y CoCreador de ConjugARTE, Colombia, quien llega a Pichilemu para compartir su experiencia de \u201cCrear y Creer, Disrupci\u00f3n del Turismo Naranja para Eras Turbulentas\u201d.<\/p>\n\n\n\n<p>En la jornada de la tarde se pone a prueba el relacionamiento y la interacci\u00f3n con los talleres: \u201cCreando Valor Tur\u00edstico Desde lo Humano\u201d de Paulo Carvajal y \u201cDise\u00f1o de Experiencia Tur\u00edstica Creativa\u201d; Sergio Ossa, profesional de la Potenciadora de Negocios IncubatecUFRO, especialista en Desarrollo Tur\u00edstico y Gesti\u00f3n Territorial.<\/p>\n\n\n\n<p>Este evento cuenta con el valioso respaldo en difusi\u00f3n y convocatoria de Mundo, los Centros de Desarrollo de Negocios de Rancagua, San Fernando y Santa Cruz \u2013 Pichilemu; Horticrece, la Ilustre Municipalidad de Pichilemu, FIA, Sim\u00f3n de Cirene, Wedo, En Modo Emprendedor y Kinsa Partner.<\/p>\n\n\n\n<p>Impulsa O\u2019Higgins Fortalece es una gran oportunidad de conectar, aprender e impulsar el desarrollo creativo y tur\u00edstico de la regi\u00f3n de O\u2019Higgins.<\/p>\n","protected":false},"excerpt":{"rendered":"La cita es este mi\u00e9rcoles 23 de abril a partir de las 9:30 hrs en el Teatro Pista&hellip;\n","protected":false},"author":1,"featured_media":2875,"comment_status":"open","ping_status":"open","sticky":false,"template":"","format":"standard","meta":{"_monsterinsights_skip_tracking":false,"_monsterinsights_sitenote_active":false,"_monsterinsights_sitenote_note":"","_monsterinsights_sitenote_category":0,"footnotes":""},"categories":[8],"tags":[],"class_list":{"0":"post-2874","1":"post","2":"type-post","3":"status-publish","4":"format-standard","5":"has-post-thumbnail","7":"category-portada"},"aioseo_notices":[],"_links":{"self":[{"href":"https:\/\/www.rengoenlanoticia.cl\/prensa\/wp-json\/wp\/v2\/posts\/2874","targetHints":{"allow":["GET"]}}],"collection":[{"href":"https:\/\/www.rengoenlanoticia.cl\/prensa\/wp-json\/wp\/v2\/posts"}],"about":[{"href":"https:\/\/www.rengoenlanoticia.cl\/prensa\/wp-json\/wp\/v2\/types\/post"}],"author":[{"embeddable":true,"href":"https:\/\/www.rengoenlanoticia.cl\/prensa\/wp-json\/wp\/v2\/users\/1"}],"replies":[{"embeddable":true,"href":"https:\/\/www.rengoenlanoticia.cl\/prensa\/wp-json\/wp\/v2\/comments?post=2874"}],"version-history":[{"count":3,"href":"https:\/\/www.rengoenlanoticia.cl\/prensa\/wp-json\/wp\/v2\/posts\/2874\/revisions"}],"predecessor-version":[{"id":2878,"href":"https:\/\/www.rengoenlanoticia.cl\/prensa\/wp-json\/wp\/v2\/posts\/2874\/revisions\/2878"}],"wp:featuredmedia":[{"embeddable":true,"href":"https:\/\/www.rengoenlanoticia.cl\/prensa\/wp-json\/wp\/v2\/media\/2875"}],"wp:attachment":[{"href":"https:\/\/www.rengoenlanoticia.cl\/prensa\/wp-json\/wp\/v2\/media?parent=2874"}],"wp:term":[{"taxonomy":"category","embeddable":true,"href":"https:\/\/www.rengoenlanoticia.cl\/prensa\/wp-json\/wp\/v2\/categories?post=2874"},{"taxonomy":"post_tag","embeddable":true,"href":"https:\/\/www.rengoenlanoticia.cl\/prensa\/wp-json\/wp\/v2\/tags?post=2874"}],"curies":[{"name":"wp","href":"https:\/\/api.w.org\/{rel}","templated":true}]}}