{"id":2872,"date":"2025-04-23T01:02:02","date_gmt":"2025-04-23T01:02:02","guid":{"rendered":"https:\/\/www.rengoenlanoticia.cl\/prensa\/?p=2872"},"modified":"2025-04-23T01:02:07","modified_gmt":"2025-04-23T01:02:07","slug":"senador-castro-respalda-prohibicion-del-uso-de-lena-para-calefaccion-en-zonas-urbanas-de-machali-y-rancagua-es-una-medida-que-protege-la-salud-de-las-personas","status":"publish","type":"post","link":"https:\/\/www.rengoenlanoticia.cl\/prensa\/2025\/04\/23\/senador-castro-respalda-prohibicion-del-uso-de-lena-para-calefaccion-en-zonas-urbanas-de-machali-y-rancagua-es-una-medida-que-protege-la-salud-de-las-personas\/","title":{"rendered":"Senador Castro respalda prohibici\u00f3n del uso de le\u00f1a para calefacci\u00f3n en zonas urbanas de Machal\u00ed y Rancagua: \u201cEs una medida que protege la salud de las personas\u201d"},"content":{"rendered":"\n<p><br><em>El tambi\u00e9n m\u00e9dico, explic\u00f3 que esta disposici\u00f3n fue anunciada hace dos a\u00f1os como parte del Plan de Descontaminaci\u00f3n Atmosf\u00e9rica del valle central de O&#8217;Higgins.<\/em><\/p>\n\n\n\n<p>El senador Juan Luis Castro, integrante de la Comisi\u00f3n de Salud de la C\u00e1mara Alta, expres\u00f3 su total respaldo a la medida que proh\u00edbe el uso de le\u00f1a como medio de calefacci\u00f3n domiciliaria en las zonas urbanas de Machal\u00ed y Rancagua, que entr\u00f3 en vigencia el pasado 29 de marzo. Esta disposici\u00f3n forma parte del Plan de Descontaminaci\u00f3n Atmosf\u00e9rica (PDA) del valle central de la regi\u00f3n de O&#8217;Higgins, vigente desde el a\u00f1o 2022.<\/p>\n\n\n\n<p>\u00abLa medida ya estaba contemplada hace dos a\u00f1os. Es una decisi\u00f3n sanitaria necesaria, que busca proteger la salud de las personas, especialmente en el invierno, cuando las enfermedades respiratorias graves se incrementan en nuestra zona\u00bb, afirm\u00f3 el senador.<\/p>\n\n\n\n<p>El tambi\u00e9n m\u00e9dico explic\u00f3 que la contaminaci\u00f3n por material particulado proveniente de la combusti\u00f3n de le\u00f1a, sumada a las bajas temperaturas y la circulaci\u00f3n de virus respiratorios, conforman una \u201ctr\u00edada mortal\u201d que ha generado graves consecuencias sanitarias a\u00f1o tras a\u00f1o.<\/p>\n\n\n\n<p>El parlamentario enfatiz\u00f3 la importancia de no obstaculizar esta pol\u00edtica p\u00fablica. \u00abM\u00e1s que tratar de salir al paso a oponerse, lo que corresponde es colaborar, incentivar a\u00fan m\u00e1s el recambio de calefactores y promover el uso de energ\u00edas limpias. El objetivo es uno solo: evitar enfermedades respiratorias graves\u00bb, se\u00f1al\u00f3.<\/p>\n\n\n\n<p>\u201cEs clave que este esfuerzo sanitario venga acompa\u00f1ado del apoyo necesario para que las familias puedan transitar hacia formas de calefacci\u00f3n menos contaminantes\u201d, puntualiz\u00f3.<\/p>\n","protected":false},"excerpt":{"rendered":"El tambi\u00e9n m\u00e9dico, explic\u00f3 que esta disposici\u00f3n fue anunciada hace dos a\u00f1os como parte del Plan de Descontaminaci\u00f3n&hellip;\n","protected":false},"author":1,"featured_media":2883,"comment_status":"open","ping_status":"open","sticky":false,"template":"","format":"standard","meta":{"_monsterinsights_skip_tracking":false,"_monsterinsights_sitenote_active":false,"_monsterinsights_sitenote_note":"","_monsterinsights_sitenote_category":0,"footnotes":""},"categories":[8],"tags":[],"class_list":{"0":"post-2872","1":"post","2":"type-post","3":"status-publish","4":"format-standard","5":"has-post-thumbnail","7":"category-portada"},"aioseo_notices":[],"_links":{"self":[{"href":"https:\/\/www.rengoenlanoticia.cl\/prensa\/wp-json\/wp\/v2\/posts\/2872","targetHints":{"allow":["GET"]}}],"collection":[{"href":"https:\/\/www.rengoenlanoticia.cl\/prensa\/wp-json\/wp\/v2\/posts"}],"about":[{"href":"https:\/\/www.rengoenlanoticia.cl\/prensa\/wp-json\/wp\/v2\/types\/post"}],"author":[{"embeddable":true,"href":"https:\/\/www.rengoenlanoticia.cl\/prensa\/wp-json\/wp\/v2\/users\/1"}],"replies":[{"embeddable":true,"href":"https:\/\/www.rengoenlanoticia.cl\/prensa\/wp-json\/wp\/v2\/comments?post=2872"}],"version-history":[{"count":3,"href":"https:\/\/www.rengoenlanoticia.cl\/prensa\/wp-json\/wp\/v2\/posts\/2872\/revisions"}],"predecessor-version":[{"id":2887,"href":"https:\/\/www.rengoenlanoticia.cl\/prensa\/wp-json\/wp\/v2\/posts\/2872\/revisions\/2887"}],"wp:featuredmedia":[{"embeddable":true,"href":"https:\/\/www.rengoenlanoticia.cl\/prensa\/wp-json\/wp\/v2\/media\/2883"}],"wp:attachment":[{"href":"https:\/\/www.rengoenlanoticia.cl\/prensa\/wp-json\/wp\/v2\/media?parent=2872"}],"wp:term":[{"taxonomy":"category","embeddable":true,"href":"https:\/\/www.rengoenlanoticia.cl\/prensa\/wp-json\/wp\/v2\/categories?post=2872"},{"taxonomy":"post_tag","embeddable":true,"href":"https:\/\/www.rengoenlanoticia.cl\/prensa\/wp-json\/wp\/v2\/tags?post=2872"}],"curies":[{"name":"wp","href":"https:\/\/api.w.org\/{rel}","templated":true}]}}