{"id":2847,"date":"2025-04-22T04:28:34","date_gmt":"2025-04-22T04:28:34","guid":{"rendered":"https:\/\/www.rengoenlanoticia.cl\/prensa\/?p=2847"},"modified":"2025-04-22T04:28:36","modified_gmt":"2025-04-22T04:28:36","slug":"diputada-romero-en-graneros-los-robos-se-han-disparado-hasta-en-un-111-segun-el-sistema-tactico-de-carabineros","status":"publish","type":"post","link":"https:\/\/www.rengoenlanoticia.cl\/prensa\/2025\/04\/22\/diputada-romero-en-graneros-los-robos-se-han-disparado-hasta-en-un-111-segun-el-sistema-tactico-de-carabineros\/","title":{"rendered":"Diputada Romero: \u00abEn Graneros los robos se han disparado hasta en un 111% seg\u00fan el Sistema T\u00e1ctico de Carabineros\u00bb"},"content":{"rendered":"\n<p>La legisladora de O\u2019Higgins manifest\u00f3 su preocupaci\u00f3n por los delitos que han aumentado en la zona, como los robos con violencia (15,4%), por sorpresa (61,5%), los de veh\u00edculos (111,1%) y en lugares habitados (51,9%) y no habitados (100%), por lo que exigi\u00f3 una intervenci\u00f3n \u201curgente\u201d.<\/p>\n\n\n\n<p>La diputada por la Regi\u00f3n de O\u2019Higgins e integrante de la comisi\u00f3n de la Familia de la C\u00e1mara Baja, Natalia Romero (Ind. UDI), advirti\u00f3 un alza \u201cdescontrolada\u201d de los robos cometidos durante este a\u00f1o en la comuna de Graneros, donde la madrugada del 12 de marzo de produjo uno de los delitos m\u00e1s violentos que se tenga registro, luego que el matrimonio compuesto por Carolina Calleja y Rodrigo Gonz\u00e1lez fueran brutalmente asesinados al interior de su hogar, sin que a la fecha hayan detenidos.<br>Al respecto, y de acuerdo con el Sistema T\u00e1ctico de Operaci\u00f3n Policial (STOP) de Carabineros, la parlamentaria inform\u00f3 que hasta el 13 de abril de este a\u00f1o se hab\u00eda registrado un preocupante aumento en los sectores a cargo de la Segunda Comisar\u00eda de Carabineros, en comparaci\u00f3n con 2024.<br>Por ejemplo, Romero detall\u00f3 que los robos con fuerza han aumentado un 109,3%, pasando de 75 delitos cometidos el a\u00f1o pasado a 157 en la actualidad, en la misma fecha. En el desglose, los delitos que incrementaron en dichos sectores de Graneros fueron los robos de veh\u00edculo (111,1%), los de objeto de o desde veh\u00edculos (266,7%), en lugares habitados (51,9%) y en lugares no habitados (100%).<br>Pero adem\u00e1s, la representante del Distrito 15 tambi\u00e9n manifest\u00f3 su preocupaci\u00f3n por el alza de los robos con violencia, en un 15,4%, y los robos por sorpresa (61,5%) en la comuna, lo que su juicio ser\u00edan antecedentes \u201cm\u00e1s que suficientes como para que las autoridades tomen medidas urgentes\u201d.<br>\u201cTodos los llamados que han hecho las actuales autoridades durante el \u00faltimo tiempo, en relaci\u00f3n a que ha disminuido la delincuencia y la sensaci\u00f3n de inseguridad en el pa\u00eds, no se condicen en lo absoluto con la grave situaci\u00f3n que estamos viviendo en nuestra regi\u00f3n, en particular en comunas como Graneros. Hace poco m\u00e1s de un mes se registr\u00f3 uno de los hechos de violencia m\u00e1s graves de nuestra historia, con el cobarde homicidio del matrimonio de Carolina y Rodrigo, y pese a ello no hemos visto que se hayan adoptado las medidas necesarias para enfrentar dicho escenario. Y basta con revisar las estad\u00edsticas oficiales del STOP de Carabineros para corroborar que existe un aumento sostenido y descontrolado de una serie de delitos en la comuna, que es lo que mantiene a los vecinos de Graneros viviendo con el permanente temor a ser v\u00edctimas de la delincuencia\u201d, cuestion\u00f3 Romero.<br>Por lo mismo, la parlamentaria llam\u00f3 al nuevo ministro de Seguridad P\u00fablica, Luis Cordero, como tambi\u00e9n al delegado presidencial de O\u2019Higgins, Fabio L\u00f3pez, a aumentar la presencia policial en la comuna de manera \u201curgente\u201d y a disponer de un plan de intervenci\u00f3n que permita frenar el alza desmedida de los delitos. Lo anterior, considerando que las mismas estad\u00edsticas tambi\u00e9n reflejan un incremento de varios tipos de robo en el resto de la regi\u00f3n, lo que reafirma lo que viene se\u00f1alando desde hace a\u00f1os la diputada Romero, respecto del desplazamiento de la delincuencia a otras zonas.<br>\u201cSi las autoridades no se toman en serio lo que est\u00e1 ocurriendo en Graneros y en otras comunas de nuestra regi\u00f3n, vamos a llegar a un punto de no retorno en materia de delincuencia. Este es el minuto en que se deben tomar acciones y vamos a exigir que as\u00ed lo hagan, porque de lo contrario el crimen organizado y el narcotr\u00e1fico seguir\u00e1n apoder\u00e1ndose de estos sectores\u201d, reiter\u00f3 la legisladora.<\/p>\n","protected":false},"excerpt":{"rendered":"La legisladora de O\u2019Higgins manifest\u00f3 su preocupaci\u00f3n por los delitos que han aumentado en la zona, como los&hellip;\n","protected":false},"author":1,"featured_media":2853,"comment_status":"open","ping_status":"open","sticky":false,"template":"","format":"standard","meta":{"_monsterinsights_skip_tracking":false,"_monsterinsights_sitenote_active":false,"_monsterinsights_sitenote_note":"","_monsterinsights_sitenote_category":0,"footnotes":""},"categories":[11,8],"tags":[],"class_list":{"0":"post-2847","1":"post","2":"type-post","3":"status-publish","4":"format-standard","5":"has-post-thumbnail","7":"category-politica","8":"category-portada"},"aioseo_notices":[],"_links":{"self":[{"href":"https:\/\/www.rengoenlanoticia.cl\/prensa\/wp-json\/wp\/v2\/posts\/2847","targetHints":{"allow":["GET"]}}],"collection":[{"href":"https:\/\/www.rengoenlanoticia.cl\/prensa\/wp-json\/wp\/v2\/posts"}],"about":[{"href":"https:\/\/www.rengoenlanoticia.cl\/prensa\/wp-json\/wp\/v2\/types\/post"}],"author":[{"embeddable":true,"href":"https:\/\/www.rengoenlanoticia.cl\/prensa\/wp-json\/wp\/v2\/users\/1"}],"replies":[{"embeddable":true,"href":"https:\/\/www.rengoenlanoticia.cl\/prensa\/wp-json\/wp\/v2\/comments?post=2847"}],"version-history":[{"count":3,"href":"https:\/\/www.rengoenlanoticia.cl\/prensa\/wp-json\/wp\/v2\/posts\/2847\/revisions"}],"predecessor-version":[{"id":2866,"href":"https:\/\/www.rengoenlanoticia.cl\/prensa\/wp-json\/wp\/v2\/posts\/2847\/revisions\/2866"}],"wp:featuredmedia":[{"embeddable":true,"href":"https:\/\/www.rengoenlanoticia.cl\/prensa\/wp-json\/wp\/v2\/media\/2853"}],"wp:attachment":[{"href":"https:\/\/www.rengoenlanoticia.cl\/prensa\/wp-json\/wp\/v2\/media?parent=2847"}],"wp:term":[{"taxonomy":"category","embeddable":true,"href":"https:\/\/www.rengoenlanoticia.cl\/prensa\/wp-json\/wp\/v2\/categories?post=2847"},{"taxonomy":"post_tag","embeddable":true,"href":"https:\/\/www.rengoenlanoticia.cl\/prensa\/wp-json\/wp\/v2\/tags?post=2847"}],"curies":[{"name":"wp","href":"https:\/\/api.w.org\/{rel}","templated":true}]}}