{"id":2844,"date":"2025-04-22T04:21:47","date_gmt":"2025-04-22T04:21:47","guid":{"rendered":"https:\/\/www.rengoenlanoticia.cl\/prensa\/?p=2844"},"modified":"2025-04-22T04:27:57","modified_gmt":"2025-04-22T04:27:57","slug":"juzgado-de-garantia-de-rancagua-fija-caucion-de-exalcalde-por-peligro-de-fuga","status":"publish","type":"post","link":"https:\/\/www.rengoenlanoticia.cl\/prensa\/2025\/04\/22\/juzgado-de-garantia-de-rancagua-fija-caucion-de-exalcalde-por-peligro-de-fuga\/","title":{"rendered":"Juzgado de Garant\u00eda de Rancagua fija cauci\u00f3n de exalcalde por peligro de fuga"},"content":{"rendered":"\n<p>El Juzgado de Garant\u00eda de Rancagua resolvi\u00f3 este lunes 21 de abril\u2013 mantener en prisi\u00f3n preventiva a Juan Ram\u00f3n Godoy Mu\u00f1oz, imputado por el Ministerio P\u00fablico como autor de los delitos de malversaci\u00f3n de caudales p\u00fablicos, fraude al fisco, lavado de activos, delitos tributarios y cohecho agravado y reiterado. Il\u00edcitos perpetrados desde 2021, en la comuna.<\/p>\n\n\n\n<p>En la audiencia de revisi\u00f3n de la medida cautelar (causa rol 1.106-2023), el magistrado Gianni Libretti Pe\u00f1a mantuvo la privaci\u00f3n de libertad del imputado, pero por peligro de fuga, por lo que fij\u00f3 la cauci\u00f3n (fianza) en la suma de $70.000.000 y, en el evento que la pague, Godoy Mu\u00f1oz quedar\u00e1 sujeto a las medidas cautelares de arresto domiciliario total, prohibici\u00f3n de contactar con los coimputados y arraigo nacional. Adem\u00e1s, aumento el plazo de investigaci\u00f3n en 45 d\u00edas.<\/p>\n\n\n\n<p>\u201cA juicio del tribunal existen antecedentes de comisi\u00f3n del delito y participaci\u00f3n. Lo que debe determinar el tribunal es que si se puede a\u00fan mantener la medida cautelar de prisi\u00f3n preventiva habiendo transcurrido un a\u00f1o desde la misma, no habi\u00e9ndose cerrado la investigaci\u00f3n ni llegado a juicio oral\u201d, consigna la resoluci\u00f3n.<\/p>\n\n\n\n<p>\u201c(\u2026) considera este tribunal que no constituye un peligro para la seguridad de la sociedad por cuanto ya no tiene el car\u00e1cter de funcionario p\u00fablico, la investigaci\u00f3n se encuentra pr\u00e1cticamente agotada y lo \u00fanico que sustenta la prisi\u00f3n preventiva es el cumplimiento de la pena, por lo tanto se modificar\u00e1 la medida cautelar de peligro para la seguridad de la sociedad a peligro de fuga, y se fijar\u00e1 una cauci\u00f3n econ\u00f3mica o hipotecaria de un inmueble que no sea del imputado, sino de un tercero\u201d, a\u00f1ade.<\/p>\n","protected":false},"excerpt":{"rendered":"El Juzgado de Garant\u00eda de Rancagua resolvi\u00f3 este lunes 21 de abril\u2013 mantener en prisi\u00f3n preventiva a Juan&hellip;\n","protected":false},"author":1,"featured_media":2852,"comment_status":"open","ping_status":"open","sticky":false,"template":"","format":"standard","meta":{"_monsterinsights_skip_tracking":false,"_monsterinsights_sitenote_active":false,"_monsterinsights_sitenote_note":"","_monsterinsights_sitenote_category":0,"footnotes":""},"categories":[5,8],"tags":[],"class_list":{"0":"post-2844","1":"post","2":"type-post","3":"status-publish","4":"format-standard","5":"has-post-thumbnail","7":"category-policial","8":"category-portada"},"aioseo_notices":[],"_links":{"self":[{"href":"https:\/\/www.rengoenlanoticia.cl\/prensa\/wp-json\/wp\/v2\/posts\/2844","targetHints":{"allow":["GET"]}}],"collection":[{"href":"https:\/\/www.rengoenlanoticia.cl\/prensa\/wp-json\/wp\/v2\/posts"}],"about":[{"href":"https:\/\/www.rengoenlanoticia.cl\/prensa\/wp-json\/wp\/v2\/types\/post"}],"author":[{"embeddable":true,"href":"https:\/\/www.rengoenlanoticia.cl\/prensa\/wp-json\/wp\/v2\/users\/1"}],"replies":[{"embeddable":true,"href":"https:\/\/www.rengoenlanoticia.cl\/prensa\/wp-json\/wp\/v2\/comments?post=2844"}],"version-history":[{"count":3,"href":"https:\/\/www.rengoenlanoticia.cl\/prensa\/wp-json\/wp\/v2\/posts\/2844\/revisions"}],"predecessor-version":[{"id":2865,"href":"https:\/\/www.rengoenlanoticia.cl\/prensa\/wp-json\/wp\/v2\/posts\/2844\/revisions\/2865"}],"wp:featuredmedia":[{"embeddable":true,"href":"https:\/\/www.rengoenlanoticia.cl\/prensa\/wp-json\/wp\/v2\/media\/2852"}],"wp:attachment":[{"href":"https:\/\/www.rengoenlanoticia.cl\/prensa\/wp-json\/wp\/v2\/media?parent=2844"}],"wp:term":[{"taxonomy":"category","embeddable":true,"href":"https:\/\/www.rengoenlanoticia.cl\/prensa\/wp-json\/wp\/v2\/categories?post=2844"},{"taxonomy":"post_tag","embeddable":true,"href":"https:\/\/www.rengoenlanoticia.cl\/prensa\/wp-json\/wp\/v2\/tags?post=2844"}],"curies":[{"name":"wp","href":"https:\/\/api.w.org\/{rel}","templated":true}]}}