{"id":2841,"date":"2025-04-22T04:24:14","date_gmt":"2025-04-22T04:24:14","guid":{"rendered":"https:\/\/www.rengoenlanoticia.cl\/prensa\/?p=2841"},"modified":"2025-04-22T04:24:16","modified_gmt":"2025-04-22T04:24:16","slug":"comision-corredor-bioceanico-del-core-sesiono-en-las-termas-del-flaco","status":"publish","type":"post","link":"https:\/\/www.rengoenlanoticia.cl\/prensa\/2025\/04\/22\/comision-corredor-bioceanico-del-core-sesiono-en-las-termas-del-flaco\/","title":{"rendered":"Comisi\u00f3n Corredor Bioce\u00e1nico del\u00a0CORE\u00a0sesion\u00f3 en las Termas del Flaco"},"content":{"rendered":"\n<p>Con el objetivo de conocer el estado de las obras de mejoramiento de la Ruta I-45 que conduce a las Termas del Flaco, junto con escuchar y recoger las problem\u00e1ticas de la comunidad y dirigentes de la localidad del Alto Colchagua, sesion\u00f3 el pasado mi\u00e9rcoles la Comisi\u00f3n de Corredor Bioce\u00e1nico del Consejo Regional de O\u2019Higgins, presidida por el consejero regional Alejandro D\u00edaz y la asistencia de los consejeros regionales Sebasti\u00e1n Rocha, Manuel Morales, Deysi Navarro, Edgardo Vargas, Pedro Bustamante y Gerardo Contreras.<\/p>\n\n\n\n<p>As\u00ed lo coment\u00f3 el consejero regional Alejandro D\u00edaz. \u201cHemos sesionado en Termas del Flaco para ver el estado de avance de la Ruta I-45, esta mantenci\u00f3n de emergencia que realiz\u00f3 el MOP y que ya se entregaron los trabajos y que finalmente las personas de Termas del Flaco van a poder utilizar. Y en segundo punto, conocer la problem\u00e1tica de Termas del Flaco y poder aunar distintos puntos y autoridades\u201d, coment\u00f3 el presidente de la Comisi\u00f3n Corredor Bioce\u00e1nico.<\/p>\n\n\n\n<figure class=\"wp-block-image size-full\"><img loading=\"lazy\" decoding=\"async\" width=\"1024\" height=\"683\" src=\"https:\/\/www.rengoenlanoticia.cl\/prensa\/wp-content\/uploads\/2025\/04\/Core-1.jpg\" alt=\"\" class=\"wp-image-2851\" srcset=\"https:\/\/www.rengoenlanoticia.cl\/prensa\/wp-content\/uploads\/2025\/04\/Core-1.jpg 1024w, https:\/\/www.rengoenlanoticia.cl\/prensa\/wp-content\/uploads\/2025\/04\/Core-1-300x200.jpg 300w, https:\/\/www.rengoenlanoticia.cl\/prensa\/wp-content\/uploads\/2025\/04\/Core-1-768x512.jpg 768w, https:\/\/www.rengoenlanoticia.cl\/prensa\/wp-content\/uploads\/2025\/04\/Core-1-110x73.jpg 110w, https:\/\/www.rengoenlanoticia.cl\/prensa\/wp-content\/uploads\/2025\/04\/Core-1-200x133.jpg 200w, https:\/\/www.rengoenlanoticia.cl\/prensa\/wp-content\/uploads\/2025\/04\/Core-1-380x253.jpg 380w, https:\/\/www.rengoenlanoticia.cl\/prensa\/wp-content\/uploads\/2025\/04\/Core-1-255x170.jpg 255w, https:\/\/www.rengoenlanoticia.cl\/prensa\/wp-content\/uploads\/2025\/04\/Core-1-550x367.jpg 550w, https:\/\/www.rengoenlanoticia.cl\/prensa\/wp-content\/uploads\/2025\/04\/Core-1-800x534.jpg 800w\" sizes=\"auto, (max-width: 1024px) 100vw, 1024px\" \/><\/figure>\n\n\n\n<p>La presentaci\u00f3n de los trabajos realizados a la Ruta I-45 estuvo a cargo de la Seremi del MOP, Mar\u00eda de los \u00c1ngeles Latorre, obras ejecutadas por la Direcci\u00f3n Regional de Vialidad que incluyeron intervenciones para recuperar y reforzar la conectividad hacia las Termas.<\/p>\n\n\n\n<p>El core Alejandro D\u00edaz mostr\u00f3 su satisfacci\u00f3n por cumplirse los objetivos de la Comisi\u00f3n. \u201cQuedamos contentos porque pudimos escuchar y estar en el territorio viendo las problem\u00e1ticas, que la gente pudiera estar contenta con los trabajos que se realizaron y conocer en terreno todo lo que tiene que ver con el Paso Las Damas y recoger todo lo que tiene que ver con ello\u201d, afirm\u00f3 el consejero regional.<\/p>\n\n\n\n<p>La Comisi\u00f3n Corredor Bioce\u00e1nico del CORE cont\u00f3 con la asistencia de las concejalas de San Fernando, Mar\u00eda Jos\u00e9 Alem\u00e1n y Paz Rodr\u00edguez, y los concejales Mat\u00edas \u00c1lvarez y Cristian Calder\u00f3n; adem\u00e1s del profesional Jos\u00e9 Ignacio Urrutia, en representaci\u00f3n del alcalde Pablo Silva P\u00e9rez.<\/p>\n\n\n\n<p>La comunidad y locatarios de Termas del Flaco, en tanto, estuvo representada por el presidente de la Junta de Vecinos, Fernando Bozo.<\/p>\n","protected":false},"excerpt":{"rendered":"Con el objetivo de conocer el estado de las obras de mejoramiento de la Ruta I-45 que conduce&hellip;\n","protected":false},"author":1,"featured_media":2850,"comment_status":"open","ping_status":"open","sticky":false,"template":"","format":"standard","meta":{"_monsterinsights_skip_tracking":false,"_monsterinsights_sitenote_active":false,"_monsterinsights_sitenote_note":"","_monsterinsights_sitenote_category":0,"footnotes":""},"categories":[11,8],"tags":[],"class_list":{"0":"post-2841","1":"post","2":"type-post","3":"status-publish","4":"format-standard","5":"has-post-thumbnail","7":"category-politica","8":"category-portada"},"aioseo_notices":[],"_links":{"self":[{"href":"https:\/\/www.rengoenlanoticia.cl\/prensa\/wp-json\/wp\/v2\/posts\/2841","targetHints":{"allow":["GET"]}}],"collection":[{"href":"https:\/\/www.rengoenlanoticia.cl\/prensa\/wp-json\/wp\/v2\/posts"}],"about":[{"href":"https:\/\/www.rengoenlanoticia.cl\/prensa\/wp-json\/wp\/v2\/types\/post"}],"author":[{"embeddable":true,"href":"https:\/\/www.rengoenlanoticia.cl\/prensa\/wp-json\/wp\/v2\/users\/1"}],"replies":[{"embeddable":true,"href":"https:\/\/www.rengoenlanoticia.cl\/prensa\/wp-json\/wp\/v2\/comments?post=2841"}],"version-history":[{"count":3,"href":"https:\/\/www.rengoenlanoticia.cl\/prensa\/wp-json\/wp\/v2\/posts\/2841\/revisions"}],"predecessor-version":[{"id":2860,"href":"https:\/\/www.rengoenlanoticia.cl\/prensa\/wp-json\/wp\/v2\/posts\/2841\/revisions\/2860"}],"wp:featuredmedia":[{"embeddable":true,"href":"https:\/\/www.rengoenlanoticia.cl\/prensa\/wp-json\/wp\/v2\/media\/2850"}],"wp:attachment":[{"href":"https:\/\/www.rengoenlanoticia.cl\/prensa\/wp-json\/wp\/v2\/media?parent=2841"}],"wp:term":[{"taxonomy":"category","embeddable":true,"href":"https:\/\/www.rengoenlanoticia.cl\/prensa\/wp-json\/wp\/v2\/categories?post=2841"},{"taxonomy":"post_tag","embeddable":true,"href":"https:\/\/www.rengoenlanoticia.cl\/prensa\/wp-json\/wp\/v2\/tags?post=2841"}],"curies":[{"name":"wp","href":"https:\/\/api.w.org\/{rel}","templated":true}]}}