{"id":2723,"date":"2025-04-16T20:21:39","date_gmt":"2025-04-16T20:21:39","guid":{"rendered":"https:\/\/www.rengoenlanoticia.cl\/prensa\/?p=2723"},"modified":"2025-04-16T20:59:14","modified_gmt":"2025-04-16T20:59:14","slug":"pdi-realiza-procedimiento-por-dorgas-en-pichilemu","status":"publish","type":"post","link":"https:\/\/www.rengoenlanoticia.cl\/prensa\/2025\/04\/16\/pdi-realiza-procedimiento-por-dorgas-en-pichilemu\/","title":{"rendered":"PDI REALIZA PROCEDIMIENTO POR DORGAS EN PICHILEMU"},"content":{"rendered":"\n<p>Funcionarios de la PDI de Pichilemu, en virtud a investigaci\u00f3n por el delito de Cultivo de especies vegetales estupefacientes, tras realizar las diligencias tendientes a la comprobaci\u00f3n del delito, realizaron un procedimiento de entrada y registro en un domicilio del sector de Coguil, logrando ubicar 10 frascos contenedores de una especie vegetal del tipo cannabis sativa, ya cosechada y en estado seco, adem\u00e1s de elementos com\u00fanmente utilizados para la dosificaci\u00f3n de la droga.<br>En el lugar se detuvo a un hombre chileno mayor de edad, quien tras ser puesto a disposici\u00f3n del Tribunal de Garant\u00eda de Pichilemu el d\u00eda de hoy, qued\u00f3 con medidas cautelares de firma mensual y se decretaron 90 d\u00edas de investigaci\u00f3n.<\/p>\n\n\n\n<p><\/p>\n","protected":false},"excerpt":{"rendered":"Funcionarios de la PDI de Pichilemu, en virtud a investigaci\u00f3n por el delito de Cultivo de especies vegetales&hellip;\n","protected":false},"author":1,"featured_media":2725,"comment_status":"open","ping_status":"open","sticky":false,"template":"","format":"standard","meta":{"_monsterinsights_skip_tracking":false,"_monsterinsights_sitenote_active":false,"_monsterinsights_sitenote_note":"","_monsterinsights_sitenote_category":0,"footnotes":""},"categories":[5,8],"tags":[],"class_list":{"0":"post-2723","1":"post","2":"type-post","3":"status-publish","4":"format-standard","5":"has-post-thumbnail","7":"category-policial","8":"category-portada"},"aioseo_notices":[],"_links":{"self":[{"href":"https:\/\/www.rengoenlanoticia.cl\/prensa\/wp-json\/wp\/v2\/posts\/2723","targetHints":{"allow":["GET"]}}],"collection":[{"href":"https:\/\/www.rengoenlanoticia.cl\/prensa\/wp-json\/wp\/v2\/posts"}],"about":[{"href":"https:\/\/www.rengoenlanoticia.cl\/prensa\/wp-json\/wp\/v2\/types\/post"}],"author":[{"embeddable":true,"href":"https:\/\/www.rengoenlanoticia.cl\/prensa\/wp-json\/wp\/v2\/users\/1"}],"replies":[{"embeddable":true,"href":"https:\/\/www.rengoenlanoticia.cl\/prensa\/wp-json\/wp\/v2\/comments?post=2723"}],"version-history":[{"count":3,"href":"https:\/\/www.rengoenlanoticia.cl\/prensa\/wp-json\/wp\/v2\/posts\/2723\/revisions"}],"predecessor-version":[{"id":2736,"href":"https:\/\/www.rengoenlanoticia.cl\/prensa\/wp-json\/wp\/v2\/posts\/2723\/revisions\/2736"}],"wp:featuredmedia":[{"embeddable":true,"href":"https:\/\/www.rengoenlanoticia.cl\/prensa\/wp-json\/wp\/v2\/media\/2725"}],"wp:attachment":[{"href":"https:\/\/www.rengoenlanoticia.cl\/prensa\/wp-json\/wp\/v2\/media?parent=2723"}],"wp:term":[{"taxonomy":"category","embeddable":true,"href":"https:\/\/www.rengoenlanoticia.cl\/prensa\/wp-json\/wp\/v2\/categories?post=2723"},{"taxonomy":"post_tag","embeddable":true,"href":"https:\/\/www.rengoenlanoticia.cl\/prensa\/wp-json\/wp\/v2\/tags?post=2723"}],"curies":[{"name":"wp","href":"https:\/\/api.w.org\/{rel}","templated":true}]}}