{"id":2657,"date":"2025-04-15T22:16:16","date_gmt":"2025-04-15T22:16:16","guid":{"rendered":"https:\/\/www.rengoenlanoticia.cl\/prensa\/?p=2657"},"modified":"2025-04-15T22:31:35","modified_gmt":"2025-04-15T22:31:35","slug":"ley-tommy-rey-diputada-marta-gonzalez-ind-ppd-presenta-proyecto-de-ley-para-que-interpretes-puedan-recibir-remuneracion-por-reproducciones-en-plataformas-digitales","status":"publish","type":"post","link":"https:\/\/www.rengoenlanoticia.cl\/prensa\/2025\/04\/15\/ley-tommy-rey-diputada-marta-gonzalez-ind-ppd-presenta-proyecto-de-ley-para-que-interpretes-puedan-recibir-remuneracion-por-reproducciones-en-plataformas-digitales\/","title":{"rendered":"\u00abLey Tommy Rey\u00bb: Diputada Marta Gonz\u00e1lez (Ind-PPD) presenta proyecto de ley para que int\u00e9rpretes puedan recibir remuneraci\u00f3n por reproducciones en plataformas digitales"},"content":{"rendered":"\n<p>Con la presencia de m\u00faltiples artistas y organizaciones, entre ellos Gloria Simonetti, Luis Alberto Mart\u00ednez, Joan Amor, Pancho Puelma y Rodrigo Osorio (Sinergia), la diputada Marta Gonz\u00e1lez (PPD-IND), la presidenta de la Comisi\u00f3n de Cultura de la C\u00e1mara de Diputadas y Diputados, present\u00f3 este martes el proyecto de ley \u201cTommy Rey\u201d, una iniciativa que busca asegurar que los artistas int\u00e9rpretes y ejecutantes reciban un pago cada vez que su m\u00fasica sea reproducida en plataformas digitales como Spotify y Apple Music. Esto, incluso si han cedido sus derechos contractuales a sellos discogr\u00e1ficos o productores.<\/p>\n\n\n\n<figure class=\"wp-block-image size-large\"><img loading=\"lazy\" decoding=\"async\" width=\"1024\" height=\"682\" src=\"https:\/\/www.rengoenlanoticia.cl\/prensa\/wp-content\/uploads\/2025\/04\/WhatsApp-Image-2025-04-15-at-16.24.02-3-1024x682.jpeg\" alt=\"\" class=\"wp-image-2662\" srcset=\"https:\/\/www.rengoenlanoticia.cl\/prensa\/wp-content\/uploads\/2025\/04\/WhatsApp-Image-2025-04-15-at-16.24.02-3-1024x682.jpeg 1024w, https:\/\/www.rengoenlanoticia.cl\/prensa\/wp-content\/uploads\/2025\/04\/WhatsApp-Image-2025-04-15-at-16.24.02-3-300x200.jpeg 300w, https:\/\/www.rengoenlanoticia.cl\/prensa\/wp-content\/uploads\/2025\/04\/WhatsApp-Image-2025-04-15-at-16.24.02-3-768x512.jpeg 768w, https:\/\/www.rengoenlanoticia.cl\/prensa\/wp-content\/uploads\/2025\/04\/WhatsApp-Image-2025-04-15-at-16.24.02-3-1536x1023.jpeg 1536w, https:\/\/www.rengoenlanoticia.cl\/prensa\/wp-content\/uploads\/2025\/04\/WhatsApp-Image-2025-04-15-at-16.24.02-3-110x73.jpeg 110w, https:\/\/www.rengoenlanoticia.cl\/prensa\/wp-content\/uploads\/2025\/04\/WhatsApp-Image-2025-04-15-at-16.24.02-3-200x133.jpeg 200w, https:\/\/www.rengoenlanoticia.cl\/prensa\/wp-content\/uploads\/2025\/04\/WhatsApp-Image-2025-04-15-at-16.24.02-3-380x253.jpeg 380w, https:\/\/www.rengoenlanoticia.cl\/prensa\/wp-content\/uploads\/2025\/04\/WhatsApp-Image-2025-04-15-at-16.24.02-3-255x170.jpeg 255w, https:\/\/www.rengoenlanoticia.cl\/prensa\/wp-content\/uploads\/2025\/04\/WhatsApp-Image-2025-04-15-at-16.24.02-3-550x366.jpeg 550w, https:\/\/www.rengoenlanoticia.cl\/prensa\/wp-content\/uploads\/2025\/04\/WhatsApp-Image-2025-04-15-at-16.24.02-3-800x533.jpeg 800w, https:\/\/www.rengoenlanoticia.cl\/prensa\/wp-content\/uploads\/2025\/04\/WhatsApp-Image-2025-04-15-at-16.24.02-3-1160x773.jpeg 1160w, https:\/\/www.rengoenlanoticia.cl\/prensa\/wp-content\/uploads\/2025\/04\/WhatsApp-Image-2025-04-15-at-16.24.02-3.jpeg 1600w\" sizes=\"auto, (max-width: 1024px) 100vw, 1024px\" \/><\/figure>\n\n\n\n<p>La Diputada Gonz\u00e1lez, autora del proyecto , se\u00f1al\u00f3 que \u201cnos convoca una situaci\u00f3n que han vivido los int\u00e9rpretes a trav\u00e9s de las plataformas digitales. Hoy la revoluci\u00f3n tecnol\u00f3gica ha dejado un vac\u00edo en nuestra legislaci\u00f3n y con ello ha dejado en una posici\u00f3n de desventaja en particular a los int\u00e9rpretes. Es por eso que presentamos un proyecto de ley que modifica el art\u00edculo 67 bis de la Ley 17.244, para que se reconozcan los derechos conexos de los int\u00e9rpretes. Esto est\u00e1 reconocido en la televisi\u00f3n, en las radioemisoras, pero no en las plataformas digitales\u201d.<\/p>\n\n\n\n<p>La actividad, realizada en el Congreso Nacional, fue tambi\u00e9n un homenaje p\u00f3stumo a Patricio Z\u00fa\u00f1iga, m\u00e1s conocido como Tommy Rey, \u00edcono de la cumbia chilena y voz principal de La Sonora de Tommy Rey, fallecido hace pocas semanas. A pesar de la masiva difusi\u00f3n de sus grabaciones, que forman parte esencial de festividades y celebraciones en todo el pa\u00eds, Z\u00fa\u00f1iga no percib\u00eda ingresos por la explotaci\u00f3n digital de sus interpretaciones, debido a que la legislaci\u00f3n chilena no contempla actualmente el pago de derechos conexos en plataformas digitales.<\/p>\n\n\n\n<figure class=\"wp-block-image size-large\"><img loading=\"lazy\" decoding=\"async\" width=\"1024\" height=\"682\" src=\"https:\/\/www.rengoenlanoticia.cl\/prensa\/wp-content\/uploads\/2025\/04\/WhatsApp-Image-2025-04-15-at-16.24.02-2-1024x682.jpeg\" alt=\"\" class=\"wp-image-2663\" srcset=\"https:\/\/www.rengoenlanoticia.cl\/prensa\/wp-content\/uploads\/2025\/04\/WhatsApp-Image-2025-04-15-at-16.24.02-2-1024x682.jpeg 1024w, https:\/\/www.rengoenlanoticia.cl\/prensa\/wp-content\/uploads\/2025\/04\/WhatsApp-Image-2025-04-15-at-16.24.02-2-300x200.jpeg 300w, https:\/\/www.rengoenlanoticia.cl\/prensa\/wp-content\/uploads\/2025\/04\/WhatsApp-Image-2025-04-15-at-16.24.02-2-768x512.jpeg 768w, https:\/\/www.rengoenlanoticia.cl\/prensa\/wp-content\/uploads\/2025\/04\/WhatsApp-Image-2025-04-15-at-16.24.02-2-1536x1023.jpeg 1536w, https:\/\/www.rengoenlanoticia.cl\/prensa\/wp-content\/uploads\/2025\/04\/WhatsApp-Image-2025-04-15-at-16.24.02-2-110x73.jpeg 110w, https:\/\/www.rengoenlanoticia.cl\/prensa\/wp-content\/uploads\/2025\/04\/WhatsApp-Image-2025-04-15-at-16.24.02-2-200x133.jpeg 200w, https:\/\/www.rengoenlanoticia.cl\/prensa\/wp-content\/uploads\/2025\/04\/WhatsApp-Image-2025-04-15-at-16.24.02-2-380x253.jpeg 380w, https:\/\/www.rengoenlanoticia.cl\/prensa\/wp-content\/uploads\/2025\/04\/WhatsApp-Image-2025-04-15-at-16.24.02-2-255x170.jpeg 255w, https:\/\/www.rengoenlanoticia.cl\/prensa\/wp-content\/uploads\/2025\/04\/WhatsApp-Image-2025-04-15-at-16.24.02-2-550x366.jpeg 550w, https:\/\/www.rengoenlanoticia.cl\/prensa\/wp-content\/uploads\/2025\/04\/WhatsApp-Image-2025-04-15-at-16.24.02-2-800x533.jpeg 800w, https:\/\/www.rengoenlanoticia.cl\/prensa\/wp-content\/uploads\/2025\/04\/WhatsApp-Image-2025-04-15-at-16.24.02-2-1160x773.jpeg 1160w, https:\/\/www.rengoenlanoticia.cl\/prensa\/wp-content\/uploads\/2025\/04\/WhatsApp-Image-2025-04-15-at-16.24.02-2.jpeg 1600w\" sizes=\"auto, (max-width: 1024px) 100vw, 1024px\" \/><\/figure>\n\n\n\n<p>Rodrigo Osorio, presidente de la Sociedad Chilena de Autores e Int\u00e9rpretes Musicales , a\u00f1adi\u00f3 que \u201ceste proyecto se llama \u00abTommy Rey\u00bb porque \u00abbusca que los int\u00e9rpretes, vale decir los que cantan o tocan un instrumento, reciban el derecho correspondiente. Hoy las plataformas digitales pagan el derecho de autor, quien hace la letra y la m\u00fasica, pero no pagan a quien canta, a quien interpreta, y en particular al maestro Tommy Rey no recibi\u00f3 un solo peso de parte de las plataformas digitales, siendo que \u00e9l est\u00e1 en todos nuestros celulares\u00bb.<\/p>\n\n\n\n<p>El dirigente agreg\u00f3 que \u201cla televisi\u00f3n s\u00ed paga el derecho de int\u00e9rprete, la radio s\u00ed paga, los locales lo pagan, pero las plataformas no lo hacen. Esta ley es una reivindicaci\u00f3n. Las plataformas digitales generan miles de millones de d\u00f3lares con nuestra m\u00fasica, con las canciones emblem\u00e1ticas que populariz\u00f3 Tommy Rey y nada de lo que le corresponde a los int\u00e9rpretes se est\u00e1 recaudando. La mejor forma de homenajear al gran Tommy Rey es que exista esta ley que permita que quienes cantan y quienes nos emocionan con su voz e interpretaci\u00f3n puedan recibir los derechos que les correspondan\u00bb.<\/p>\n\n\n\n<p>A diferencia de los compositores, que suelen recibir regal\u00edas a trav\u00e9s de sociedades de autor, los int\u00e9rpretes y ejecutantes no cuentan con un mecanismo legal m\u00ednimo que les garantice ingresos por su trabajo en el entorno digital, quedando relegados a lo que logren negociar en contextos muchas veces desventajosos.<\/p>\n\n\n\n<p>Estudios internacionales revelan que en servicios como Spotify, los artistas reciben en promedio entre 0,003 y 0,005 d\u00f3lares por reproducci\u00f3n, dependiendo de las condiciones de sus contratos. Adem\u00e1s, un 76% de los m\u00fasicos europeos encuestados declar\u00f3 ganar menos de 1.000 euros al a\u00f1o por la disponibilidad de sus fonogramas en l\u00ednea, y un 87,5% manifest\u00f3 su insatisfacci\u00f3n con la remuneraci\u00f3n obtenida en plataformas digitales.<\/p>\n\n\n\n<figure class=\"wp-block-image size-large\"><img loading=\"lazy\" decoding=\"async\" width=\"1024\" height=\"682\" src=\"https:\/\/www.rengoenlanoticia.cl\/prensa\/wp-content\/uploads\/2025\/04\/WhatsApp-Image-2025-04-15-at-16.24.02-4-1024x682.jpeg\" alt=\"\" class=\"wp-image-2664\" srcset=\"https:\/\/www.rengoenlanoticia.cl\/prensa\/wp-content\/uploads\/2025\/04\/WhatsApp-Image-2025-04-15-at-16.24.02-4-1024x682.jpeg 1024w, https:\/\/www.rengoenlanoticia.cl\/prensa\/wp-content\/uploads\/2025\/04\/WhatsApp-Image-2025-04-15-at-16.24.02-4-300x200.jpeg 300w, https:\/\/www.rengoenlanoticia.cl\/prensa\/wp-content\/uploads\/2025\/04\/WhatsApp-Image-2025-04-15-at-16.24.02-4-768x512.jpeg 768w, https:\/\/www.rengoenlanoticia.cl\/prensa\/wp-content\/uploads\/2025\/04\/WhatsApp-Image-2025-04-15-at-16.24.02-4-1536x1023.jpeg 1536w, https:\/\/www.rengoenlanoticia.cl\/prensa\/wp-content\/uploads\/2025\/04\/WhatsApp-Image-2025-04-15-at-16.24.02-4-110x73.jpeg 110w, https:\/\/www.rengoenlanoticia.cl\/prensa\/wp-content\/uploads\/2025\/04\/WhatsApp-Image-2025-04-15-at-16.24.02-4-200x133.jpeg 200w, https:\/\/www.rengoenlanoticia.cl\/prensa\/wp-content\/uploads\/2025\/04\/WhatsApp-Image-2025-04-15-at-16.24.02-4-380x253.jpeg 380w, https:\/\/www.rengoenlanoticia.cl\/prensa\/wp-content\/uploads\/2025\/04\/WhatsApp-Image-2025-04-15-at-16.24.02-4-255x170.jpeg 255w, https:\/\/www.rengoenlanoticia.cl\/prensa\/wp-content\/uploads\/2025\/04\/WhatsApp-Image-2025-04-15-at-16.24.02-4-550x366.jpeg 550w, https:\/\/www.rengoenlanoticia.cl\/prensa\/wp-content\/uploads\/2025\/04\/WhatsApp-Image-2025-04-15-at-16.24.02-4-800x533.jpeg 800w, https:\/\/www.rengoenlanoticia.cl\/prensa\/wp-content\/uploads\/2025\/04\/WhatsApp-Image-2025-04-15-at-16.24.02-4-1160x773.jpeg 1160w, https:\/\/www.rengoenlanoticia.cl\/prensa\/wp-content\/uploads\/2025\/04\/WhatsApp-Image-2025-04-15-at-16.24.02-4.jpeg 1600w\" sizes=\"auto, (max-width: 1024px) 100vw, 1024px\" \/><\/figure>\n\n\n\n<p>Leo Soto, fundador de la Sonora de Tommy Rey, agradeci\u00f3 la iniciativa y se\u00f1al\u00f3 que \u00abTommy en toda su trayectoria nunca recibi\u00f3 un peso, as\u00ed como muchos artistas y m\u00fasicos m\u00e1s. Se est\u00e1 empezando a hacer justicia con los artistas y los m\u00fasicos chilenos. Esperamos que esto sea pronto una ley\u201d.<\/p>\n\n\n\n<p>Uno de los pilares de la propuesta es que este derecho subsistir\u00e1 incluso si el artista ha transferido previamente sus derechos, una situaci\u00f3n muy com\u00fan en la industria musical, especialmente en contratos firmados con sellos discogr\u00e1ficos. De esta manera, se busca garantizar una compensaci\u00f3n b\u00e1sica que no pueda ser eliminada ni negociada en contra de los artistas.<\/p>\n\n\n\n<p>Adem\u00e1s, el proyecto introduce una modificaci\u00f3n concreta al actual marco legal para proteger a los m\u00fasicos frente a contratos abusivos. En Chile, muchas veces los artistas ceden sus derechos conexos autom\u00e1ticamente al firmar con productoras o disqueras, lo que impide que reciban pagos por la difusi\u00f3n p\u00fablica de sus interpretaciones.<\/p>\n\n\n\n<p>Esta nueva normativa establece que, salvo prueba en contrario, el derecho a obtener una remuneraci\u00f3n equitativa por la reproducci\u00f3n digital seguir\u00e1 perteneciendo al artista, incluso si firm\u00f3 un contrato con un productor.<\/p>\n","protected":false},"excerpt":{"rendered":"Con la presencia de m\u00faltiples artistas y organizaciones, entre ellos Gloria Simonetti, Luis Alberto Mart\u00ednez, Joan Amor, Pancho&hellip;\n","protected":false},"author":1,"featured_media":2661,"comment_status":"open","ping_status":"open","sticky":false,"template":"","format":"standard","meta":{"_monsterinsights_skip_tracking":false,"_monsterinsights_sitenote_active":false,"_monsterinsights_sitenote_note":"","_monsterinsights_sitenote_category":0,"footnotes":""},"categories":[11,8],"tags":[],"class_list":{"0":"post-2657","1":"post","2":"type-post","3":"status-publish","4":"format-standard","5":"has-post-thumbnail","7":"category-politica","8":"category-portada"},"aioseo_notices":[],"_links":{"self":[{"href":"https:\/\/www.rengoenlanoticia.cl\/prensa\/wp-json\/wp\/v2\/posts\/2657","targetHints":{"allow":["GET"]}}],"collection":[{"href":"https:\/\/www.rengoenlanoticia.cl\/prensa\/wp-json\/wp\/v2\/posts"}],"about":[{"href":"https:\/\/www.rengoenlanoticia.cl\/prensa\/wp-json\/wp\/v2\/types\/post"}],"author":[{"embeddable":true,"href":"https:\/\/www.rengoenlanoticia.cl\/prensa\/wp-json\/wp\/v2\/users\/1"}],"replies":[{"embeddable":true,"href":"https:\/\/www.rengoenlanoticia.cl\/prensa\/wp-json\/wp\/v2\/comments?post=2657"}],"version-history":[{"count":3,"href":"https:\/\/www.rengoenlanoticia.cl\/prensa\/wp-json\/wp\/v2\/posts\/2657\/revisions"}],"predecessor-version":[{"id":2677,"href":"https:\/\/www.rengoenlanoticia.cl\/prensa\/wp-json\/wp\/v2\/posts\/2657\/revisions\/2677"}],"wp:featuredmedia":[{"embeddable":true,"href":"https:\/\/www.rengoenlanoticia.cl\/prensa\/wp-json\/wp\/v2\/media\/2661"}],"wp:attachment":[{"href":"https:\/\/www.rengoenlanoticia.cl\/prensa\/wp-json\/wp\/v2\/media?parent=2657"}],"wp:term":[{"taxonomy":"category","embeddable":true,"href":"https:\/\/www.rengoenlanoticia.cl\/prensa\/wp-json\/wp\/v2\/categories?post=2657"},{"taxonomy":"post_tag","embeddable":true,"href":"https:\/\/www.rengoenlanoticia.cl\/prensa\/wp-json\/wp\/v2\/tags?post=2657"}],"curies":[{"name":"wp","href":"https:\/\/api.w.org\/{rel}","templated":true}]}}