{"id":2643,"date":"2025-04-15T22:14:39","date_gmt":"2025-04-15T22:14:39","guid":{"rendered":"https:\/\/www.rengoenlanoticia.cl\/prensa\/?p=2643"},"modified":"2025-04-15T22:27:33","modified_gmt":"2025-04-15T22:27:33","slug":"carabineros-detiene-a-hombre-por-homicidio-frustrado-en-coinco","status":"publish","type":"post","link":"https:\/\/www.rengoenlanoticia.cl\/prensa\/2025\/04\/15\/carabineros-detiene-a-hombre-por-homicidio-frustrado-en-coinco\/","title":{"rendered":"Carabineros detiene a hombre por homicidio frustrado en Co\u00ednco"},"content":{"rendered":"\n<p>Mantiene un amplio prontuario delictivo con uso de armas de fuego. Adem\u00e1s se detuvo por infracci\u00f3n a la Ley 20.000 a una mujer que le daba refugio y protecci\u00f3n.<\/p>\n\n\n\n<p>A ra\u00edz de diversas diligencias investigativas, Carabineros especializados del OS-9 O\u2019Higgins lograron la detenci\u00f3n de un individuo que manten\u00eda una denuncia por homicidio frustrado en la comuna Co\u00ednco, ocurrida la noche del lunes 14 de abril; y otras seis anteriores por hechos delictuales con uso de arma de fuego, donde resultaron lesionadas las v\u00edctimas, entre ellos robo con violencia, robo en lugar no habitado, disparos injustificados, amenazas contra las personas y lesiones leves y graves. Un historial delictivo que lleg\u00f3 a su fin con su detenci\u00f3n y la de una mujer que le prestaba apoyo para esconderse y refugiarse para no ser ubicado tras realizar los il\u00edcitos,<br>El ahora imputado fue identificado como M.I.M.P, chileno, de 26 a\u00f1os de edad, con antecedentes policiales. Este fue detenido en el sector de Chaval Ruta H-38, de Co\u00ednco.<br>Durante el procedimiento tambi\u00e9n se detuvo a la mujer, identificada como \u2060M.I.G.R., de 41 a\u00f1os, chilena, con antecedentes policiales, por infracci\u00f3n a la Ley 20.000 de drogas, debido a que se encontraron en el inmueble 9 contenedores de vidrio con marihuana elaborada a granel.<br>En el inmueble se encontraron 1 escopeta, calibre 12mm. y 3 cartuchos calibre 12mm., por lo que se le imput\u00f3 el delito de porte ilegal de arma de fuego que fueron incautadas y por instrucci\u00f3n de Fiscal\u00eda ser\u00e1n periciadas por Carabineros especializados de Labocar. Ambos imputados pasaran a Control de detenci\u00f3n ma\u00f1ana 16.05.2025., en el caso del hombre ser\u00e1 por el delito de homicidio frustrado e infracci\u00f3n a la Ley de Armas y en el de la mujer por infracci\u00f3n a la Ley 20.000.<\/p>\n","protected":false},"excerpt":{"rendered":"Mantiene un amplio prontuario delictivo con uso de armas de fuego. Adem\u00e1s se detuvo por infracci\u00f3n a la&hellip;\n","protected":false},"author":1,"featured_media":2673,"comment_status":"open","ping_status":"open","sticky":false,"template":"","format":"standard","meta":{"_monsterinsights_skip_tracking":false,"_monsterinsights_sitenote_active":false,"_monsterinsights_sitenote_note":"","_monsterinsights_sitenote_category":0,"footnotes":""},"categories":[5,11],"tags":[],"class_list":{"0":"post-2643","1":"post","2":"type-post","3":"status-publish","4":"format-standard","5":"has-post-thumbnail","7":"category-policial","8":"category-politica"},"aioseo_notices":[],"_links":{"self":[{"href":"https:\/\/www.rengoenlanoticia.cl\/prensa\/wp-json\/wp\/v2\/posts\/2643","targetHints":{"allow":["GET"]}}],"collection":[{"href":"https:\/\/www.rengoenlanoticia.cl\/prensa\/wp-json\/wp\/v2\/posts"}],"about":[{"href":"https:\/\/www.rengoenlanoticia.cl\/prensa\/wp-json\/wp\/v2\/types\/post"}],"author":[{"embeddable":true,"href":"https:\/\/www.rengoenlanoticia.cl\/prensa\/wp-json\/wp\/v2\/users\/1"}],"replies":[{"embeddable":true,"href":"https:\/\/www.rengoenlanoticia.cl\/prensa\/wp-json\/wp\/v2\/comments?post=2643"}],"version-history":[{"count":3,"href":"https:\/\/www.rengoenlanoticia.cl\/prensa\/wp-json\/wp\/v2\/posts\/2643\/revisions"}],"predecessor-version":[{"id":2676,"href":"https:\/\/www.rengoenlanoticia.cl\/prensa\/wp-json\/wp\/v2\/posts\/2643\/revisions\/2676"}],"wp:featuredmedia":[{"embeddable":true,"href":"https:\/\/www.rengoenlanoticia.cl\/prensa\/wp-json\/wp\/v2\/media\/2673"}],"wp:attachment":[{"href":"https:\/\/www.rengoenlanoticia.cl\/prensa\/wp-json\/wp\/v2\/media?parent=2643"}],"wp:term":[{"taxonomy":"category","embeddable":true,"href":"https:\/\/www.rengoenlanoticia.cl\/prensa\/wp-json\/wp\/v2\/categories?post=2643"},{"taxonomy":"post_tag","embeddable":true,"href":"https:\/\/www.rengoenlanoticia.cl\/prensa\/wp-json\/wp\/v2\/tags?post=2643"}],"curies":[{"name":"wp","href":"https:\/\/api.w.org\/{rel}","templated":true}]}}