{"id":2636,"date":"2025-04-15T19:28:57","date_gmt":"2025-04-15T19:28:57","guid":{"rendered":"https:\/\/www.rengoenlanoticia.cl\/prensa\/?p=2636"},"modified":"2025-04-15T19:31:53","modified_gmt":"2025-04-15T19:31:53","slug":"senador-juan-luis-castro-llama-a-enfrentar-deficit-presupuestario-en-salud-con-un-plan-de-accion-para-ohiggins","status":"publish","type":"post","link":"https:\/\/www.rengoenlanoticia.cl\/prensa\/2025\/04\/15\/senador-juan-luis-castro-llama-a-enfrentar-deficit-presupuestario-en-salud-con-un-plan-de-accion-para-ohiggins\/","title":{"rendered":"Senador Juan Luis Castro llama a enfrentar d\u00e9ficit presupuestario en salud con un plan de acci\u00f3n para O&#8217;Higgins"},"content":{"rendered":"\n<p><\/p>\n\n\n\n<p><em>El parlamentario respald\u00f3 el diagn\u00f3stico del Colegio M\u00e9dico regional, advirtiendo que el presupuesto actual no alcanza para cubrir las necesidades asistenciales del a\u00f1o.<\/em><\/p>\n\n\n\n<p>Luego de que el Colegio M\u00e9dico de la regi\u00f3n de O&#8217;Higgins hizo p\u00fablico su diagn\u00f3stico sobre la situaci\u00f3n presupuestaria del sistema p\u00fablico de salud, el senador Juan Luis Castro, integrante de la Comisi\u00f3n de Salud de la C\u00e1mara Alta, valor\u00f3 el pronunciamiento del gremio y propuso avanzar en un plan de choque que permita abordar con urgencia el d\u00e9ficit presupuestario en la zona.<\/p>\n\n\n\n<p>\u00abEl Colegio M\u00e9dico, en su versi\u00f3n racional y regional, ha dado a conocer un punto clave: el presupuesto de salud no alcanza. Lo que antes era un problema a finales de a\u00f1o, hoy d\u00eda partimos con este drama social que yo creo que es incalculable, porque claramente las listas de espera en la zona suman 140 mil personas. La falta de especialistas y las dificultades de acceso de pacientes que viven en Colchagua y Cardenal Caro especialmente, ahondan el dolor y la espera\u00bb, se\u00f1al\u00f3 el senador Castro.<\/p>\n\n\n\n<p>El parlamentario insisti\u00f3 en que se requiere un esfuerzo fiscal concreto, dirigido a resolver los problemas de fondo que afectan a la red asistencial:<\/p>\n\n\n\n<p>\u201cLo que vamos a hacer desde la Comisi\u00f3n de Salud es enfrentar esta situaci\u00f3n decididamente, con m\u00e1s fuerza, para que haya m\u00e1s presupuesto fiscal para salud, y mejor cobertura de determinadas especialidades como traumatolog\u00eda, otorrino, dermatolog\u00eda y oftalmolog\u00eda, que son las m\u00e1s carentes en nuestra zona\u201d.<\/p>\n\n\n\n<p>Asimismo, el senador subray\u00f3 que es momento de avanzar en un enfoque resolutivo y pr\u00e1ctico.&nbsp;\u00abUn plan de choque, un plan de abordaje: dos palabras que deben traducirse en hechos, para que este a\u00f1o no tengamos el miedo al colapso ni una crisis que se repita una y otra vez. La gente lo que espera son soluciones frente a un problema vital como es la enfermedad grave, la espera \u2014a veces indefinida\u2014 y, sobre todo, la complicaci\u00f3n y la muerte\u00bb.<\/p>\n\n\n\n<p>Las declaraciones del senador Castro se suman a la preocupaci\u00f3n manifestada por el Colegio M\u00e9dico de O&#8217;Higgins, que advirti\u00f3 que, de mantener la ejecuci\u00f3n presupuestaria actual, los recursos disponibles podr\u00edan agotarse en julio, afectando directamente la operatividad del sistema en el segundo semestre. La Dra. Sonia Correa, presidenta regional del gremio, advirti\u00f3 que la falta de liquidez compromete el pago a proveedores, el abastecimiento de insumos y la continuidad de tratamientos y cirug\u00edas.<\/p>\n","protected":false},"excerpt":{"rendered":"El parlamentario respald\u00f3 el diagn\u00f3stico del Colegio M\u00e9dico regional, advirtiendo que el presupuesto actual no alcanza para cubrir&hellip;\n","protected":false},"author":1,"featured_media":2648,"comment_status":"open","ping_status":"open","sticky":false,"template":"","format":"standard","meta":{"_monsterinsights_skip_tracking":false,"_monsterinsights_sitenote_active":false,"_monsterinsights_sitenote_note":"","_monsterinsights_sitenote_category":0,"footnotes":""},"categories":[8],"tags":[],"class_list":{"0":"post-2636","1":"post","2":"type-post","3":"status-publish","4":"format-standard","5":"has-post-thumbnail","7":"category-portada"},"aioseo_notices":[],"_links":{"self":[{"href":"https:\/\/www.rengoenlanoticia.cl\/prensa\/wp-json\/wp\/v2\/posts\/2636","targetHints":{"allow":["GET"]}}],"collection":[{"href":"https:\/\/www.rengoenlanoticia.cl\/prensa\/wp-json\/wp\/v2\/posts"}],"about":[{"href":"https:\/\/www.rengoenlanoticia.cl\/prensa\/wp-json\/wp\/v2\/types\/post"}],"author":[{"embeddable":true,"href":"https:\/\/www.rengoenlanoticia.cl\/prensa\/wp-json\/wp\/v2\/users\/1"}],"replies":[{"embeddable":true,"href":"https:\/\/www.rengoenlanoticia.cl\/prensa\/wp-json\/wp\/v2\/comments?post=2636"}],"version-history":[{"count":3,"href":"https:\/\/www.rengoenlanoticia.cl\/prensa\/wp-json\/wp\/v2\/posts\/2636\/revisions"}],"predecessor-version":[{"id":2655,"href":"https:\/\/www.rengoenlanoticia.cl\/prensa\/wp-json\/wp\/v2\/posts\/2636\/revisions\/2655"}],"wp:featuredmedia":[{"embeddable":true,"href":"https:\/\/www.rengoenlanoticia.cl\/prensa\/wp-json\/wp\/v2\/media\/2648"}],"wp:attachment":[{"href":"https:\/\/www.rengoenlanoticia.cl\/prensa\/wp-json\/wp\/v2\/media?parent=2636"}],"wp:term":[{"taxonomy":"category","embeddable":true,"href":"https:\/\/www.rengoenlanoticia.cl\/prensa\/wp-json\/wp\/v2\/categories?post=2636"},{"taxonomy":"post_tag","embeddable":true,"href":"https:\/\/www.rengoenlanoticia.cl\/prensa\/wp-json\/wp\/v2\/tags?post=2636"}],"curies":[{"name":"wp","href":"https:\/\/api.w.org\/{rel}","templated":true}]}}