{"id":2625,"date":"2025-04-15T19:17:03","date_gmt":"2025-04-15T19:17:03","guid":{"rendered":"https:\/\/www.rengoenlanoticia.cl\/prensa\/?p=2625"},"modified":"2025-04-15T19:17:07","modified_gmt":"2025-04-15T19:17:07","slug":"mas-de-300-adultos-mayores-han-mejorado-su-salud-visual-mediante-operativos-masivos","status":"publish","type":"post","link":"https:\/\/www.rengoenlanoticia.cl\/prensa\/2025\/04\/15\/mas-de-300-adultos-mayores-han-mejorado-su-salud-visual-mediante-operativos-masivos\/","title":{"rendered":"M\u00e1s de 300 adultos mayores han mejorado su salud visual mediante operativos masivos"},"content":{"rendered":"\n<p><\/p>\n\n\n\n<p>El Programa es parte de las medidas para enfrentar las Listas de Espera oftalmol\u00f3gica.<\/p>\n\n\n\n<p>&nbsp;Desde el mes de enero reci\u00e9n pasado, cada s\u00e1bado y domingo, decenas de personas mayores han recibido soluciones a sus problemas de cataratas, gracias al trabajo de un equipo multidisciplinario en el Hospital Dr. Franco Ravera Zunino (HFRZ), que ya ha entregado alivio a m\u00e1s de 300 personas desde su implementaci\u00f3n.<\/p>\n\n\n\n<p>Mar\u00eda Ang\u00e9lica Araya, que fue operada de su ojo derecho, a dos semanas de una primera cirug\u00eda en el otro globo ocular tras esperar casi un a\u00f1o por la intervenci\u00f3n, destac\u00f3 el trabajo realizado y se\u00f1al\u00f3 que \u201cfue muy r\u00e1pido y fui muy bien atendida\u201d.&nbsp;<\/p>\n\n\n\n<p>El proceso es ambulatorio. Adem\u00e1s, la hija de Mar\u00eda Ang\u00e9lica, Jocelyn Reyes, asegur\u00f3 que \u201cla ayudaron harto, le entregaron remedios, nos facilitaron harta ayuda. Estamos conformes\u201d. finaliz\u00f3.<\/p>\n\n\n\n<figure class=\"wp-block-image size-large\"><img loading=\"lazy\" decoding=\"async\" width=\"1024\" height=\"768\" src=\"https:\/\/www.rengoenlanoticia.cl\/prensa\/wp-content\/uploads\/2025\/04\/c9e278dd-1c37-47ee-9430-8371c0331a2c-1024x768.jpeg\" alt=\"\" class=\"wp-image-2627\" srcset=\"https:\/\/www.rengoenlanoticia.cl\/prensa\/wp-content\/uploads\/2025\/04\/c9e278dd-1c37-47ee-9430-8371c0331a2c-1024x768.jpeg 1024w, https:\/\/www.rengoenlanoticia.cl\/prensa\/wp-content\/uploads\/2025\/04\/c9e278dd-1c37-47ee-9430-8371c0331a2c-300x225.jpeg 300w, https:\/\/www.rengoenlanoticia.cl\/prensa\/wp-content\/uploads\/2025\/04\/c9e278dd-1c37-47ee-9430-8371c0331a2c-768x576.jpeg 768w, https:\/\/www.rengoenlanoticia.cl\/prensa\/wp-content\/uploads\/2025\/04\/c9e278dd-1c37-47ee-9430-8371c0331a2c-110x83.jpeg 110w, https:\/\/www.rengoenlanoticia.cl\/prensa\/wp-content\/uploads\/2025\/04\/c9e278dd-1c37-47ee-9430-8371c0331a2c-200x150.jpeg 200w, https:\/\/www.rengoenlanoticia.cl\/prensa\/wp-content\/uploads\/2025\/04\/c9e278dd-1c37-47ee-9430-8371c0331a2c-380x285.jpeg 380w, https:\/\/www.rengoenlanoticia.cl\/prensa\/wp-content\/uploads\/2025\/04\/c9e278dd-1c37-47ee-9430-8371c0331a2c-255x191.jpeg 255w, https:\/\/www.rengoenlanoticia.cl\/prensa\/wp-content\/uploads\/2025\/04\/c9e278dd-1c37-47ee-9430-8371c0331a2c-550x413.jpeg 550w, https:\/\/www.rengoenlanoticia.cl\/prensa\/wp-content\/uploads\/2025\/04\/c9e278dd-1c37-47ee-9430-8371c0331a2c-800x600.jpeg 800w, https:\/\/www.rengoenlanoticia.cl\/prensa\/wp-content\/uploads\/2025\/04\/c9e278dd-1c37-47ee-9430-8371c0331a2c-1160x870.jpeg 1160w, https:\/\/www.rengoenlanoticia.cl\/prensa\/wp-content\/uploads\/2025\/04\/c9e278dd-1c37-47ee-9430-8371c0331a2c.jpeg 1280w\" sizes=\"auto, (max-width: 1024px) 100vw, 1024px\" \/><\/figure>\n\n\n\n<p>El oftalm\u00f3logo Rodrigo Castillo, a cargo de las cirug\u00edas, enfatiza en que cada fin de semana, promedian las cincuenta personas que son operadas por cataratas y que estas son de gran relevancia porque \u201ces un beneficio muy importante, la poblaci\u00f3n que operamos es mayoritariamente adulto mayor, vienen con sus familias, que los pueden acompa\u00f1ar. Hemos visto una Lista de Espera alta, entonces operar este n\u00famero cada fin de semana, ha sido una importante medida para bajar las listas\u201d.<\/p>\n\n\n\n<figure class=\"wp-block-image size-large\"><img loading=\"lazy\" decoding=\"async\" width=\"1024\" height=\"768\" src=\"https:\/\/www.rengoenlanoticia.cl\/prensa\/wp-content\/uploads\/2025\/04\/8a129e29-0755-4f28-8533-4a8e98c13213-1024x768.jpeg\" alt=\"\" class=\"wp-image-2628\" srcset=\"https:\/\/www.rengoenlanoticia.cl\/prensa\/wp-content\/uploads\/2025\/04\/8a129e29-0755-4f28-8533-4a8e98c13213-1024x768.jpeg 1024w, https:\/\/www.rengoenlanoticia.cl\/prensa\/wp-content\/uploads\/2025\/04\/8a129e29-0755-4f28-8533-4a8e98c13213-300x225.jpeg 300w, https:\/\/www.rengoenlanoticia.cl\/prensa\/wp-content\/uploads\/2025\/04\/8a129e29-0755-4f28-8533-4a8e98c13213-768x576.jpeg 768w, https:\/\/www.rengoenlanoticia.cl\/prensa\/wp-content\/uploads\/2025\/04\/8a129e29-0755-4f28-8533-4a8e98c13213-110x83.jpeg 110w, https:\/\/www.rengoenlanoticia.cl\/prensa\/wp-content\/uploads\/2025\/04\/8a129e29-0755-4f28-8533-4a8e98c13213-200x150.jpeg 200w, https:\/\/www.rengoenlanoticia.cl\/prensa\/wp-content\/uploads\/2025\/04\/8a129e29-0755-4f28-8533-4a8e98c13213-380x285.jpeg 380w, https:\/\/www.rengoenlanoticia.cl\/prensa\/wp-content\/uploads\/2025\/04\/8a129e29-0755-4f28-8533-4a8e98c13213-255x191.jpeg 255w, https:\/\/www.rengoenlanoticia.cl\/prensa\/wp-content\/uploads\/2025\/04\/8a129e29-0755-4f28-8533-4a8e98c13213-550x413.jpeg 550w, https:\/\/www.rengoenlanoticia.cl\/prensa\/wp-content\/uploads\/2025\/04\/8a129e29-0755-4f28-8533-4a8e98c13213-800x600.jpeg 800w, https:\/\/www.rengoenlanoticia.cl\/prensa\/wp-content\/uploads\/2025\/04\/8a129e29-0755-4f28-8533-4a8e98c13213-1160x870.jpeg 1160w, https:\/\/www.rengoenlanoticia.cl\/prensa\/wp-content\/uploads\/2025\/04\/8a129e29-0755-4f28-8533-4a8e98c13213.jpeg 1280w\" sizes=\"auto, (max-width: 1024px) 100vw, 1024px\" \/><\/figure>\n\n\n\n<p>Para finalizar, el cirujano Castillo, relev\u00f3 el trabajo de los funcionarios, destacando que ac\u00e1 trabaja mucha gente \u201cen la admisi\u00f3n, en farmacia, en esterilizaci\u00f3n, aseo, pabell\u00f3n. Hay bastantes personas que est\u00e1n detr\u00e1s para que funcione\u201d, concluy\u00f3.<\/p>\n\n\n\n<p>El fin de semana reci\u00e9n pasado, fueron intervenidas 16 personas el s\u00e1bado y diez el domingo.<\/p>\n","protected":false},"excerpt":{"rendered":"El Programa es parte de las medidas para enfrentar las Listas de Espera oftalmol\u00f3gica. &nbsp;Desde el mes de&hellip;\n","protected":false},"author":2,"featured_media":2626,"comment_status":"open","ping_status":"open","sticky":false,"template":"","format":"standard","meta":{"_monsterinsights_skip_tracking":false,"_monsterinsights_sitenote_active":false,"_monsterinsights_sitenote_note":"","_monsterinsights_sitenote_category":0,"footnotes":""},"categories":[1],"tags":[],"class_list":{"0":"post-2625","1":"post","2":"type-post","3":"status-publish","4":"format-standard","5":"has-post-thumbnail","7":"category-uncategorized"},"aioseo_notices":[],"_links":{"self":[{"href":"https:\/\/www.rengoenlanoticia.cl\/prensa\/wp-json\/wp\/v2\/posts\/2625","targetHints":{"allow":["GET"]}}],"collection":[{"href":"https:\/\/www.rengoenlanoticia.cl\/prensa\/wp-json\/wp\/v2\/posts"}],"about":[{"href":"https:\/\/www.rengoenlanoticia.cl\/prensa\/wp-json\/wp\/v2\/types\/post"}],"author":[{"embeddable":true,"href":"https:\/\/www.rengoenlanoticia.cl\/prensa\/wp-json\/wp\/v2\/users\/2"}],"replies":[{"embeddable":true,"href":"https:\/\/www.rengoenlanoticia.cl\/prensa\/wp-json\/wp\/v2\/comments?post=2625"}],"version-history":[{"count":2,"href":"https:\/\/www.rengoenlanoticia.cl\/prensa\/wp-json\/wp\/v2\/posts\/2625\/revisions"}],"predecessor-version":[{"id":2638,"href":"https:\/\/www.rengoenlanoticia.cl\/prensa\/wp-json\/wp\/v2\/posts\/2625\/revisions\/2638"}],"wp:featuredmedia":[{"embeddable":true,"href":"https:\/\/www.rengoenlanoticia.cl\/prensa\/wp-json\/wp\/v2\/media\/2626"}],"wp:attachment":[{"href":"https:\/\/www.rengoenlanoticia.cl\/prensa\/wp-json\/wp\/v2\/media?parent=2625"}],"wp:term":[{"taxonomy":"category","embeddable":true,"href":"https:\/\/www.rengoenlanoticia.cl\/prensa\/wp-json\/wp\/v2\/categories?post=2625"},{"taxonomy":"post_tag","embeddable":true,"href":"https:\/\/www.rengoenlanoticia.cl\/prensa\/wp-json\/wp\/v2\/tags?post=2625"}],"curies":[{"name":"wp","href":"https:\/\/api.w.org\/{rel}","templated":true}]}}