{"id":2622,"date":"2025-04-15T19:11:21","date_gmt":"2025-04-15T19:11:21","guid":{"rendered":"https:\/\/www.rengoenlanoticia.cl\/prensa\/?p=2622"},"modified":"2025-04-15T19:11:23","modified_gmt":"2025-04-15T19:11:23","slug":"ohiggins-se-posiciona-como-destino-turistico-en-semana-santa","status":"publish","type":"post","link":"https:\/\/www.rengoenlanoticia.cl\/prensa\/2025\/04\/15\/ohiggins-se-posiciona-como-destino-turistico-en-semana-santa\/","title":{"rendered":"O\u2019Higgins se posiciona como destino tur\u00edstico en Semana Santa"},"content":{"rendered":"\n<p><em>Seg\u00fan una proyecci\u00f3n desarrollada por la Subsecretar\u00eda de Turismo y Sernatur, entre el jueves 17 y el s\u00e1bado 19 de abril de 2025, se espera que se realicen entre 1,2 y 1,4 millones de viajes con pernoctaci\u00f3n dentro del pa\u00eds.<\/em><\/p>\n\n\n\n<p><em>&nbsp;<\/em>La Subsecretar\u00eda de Turismo, en conjunto con el Servicio Nacional de Turismo (Sernatur) dieron a conocer las proyecciones de viajes totales internos con motivo del fin de semana largo de Semana Santa, que este a\u00f1o se extiende entre el jueves 17 y el domingo 20 de abril.<\/p>\n\n\n\n<p>&nbsp;Las principales regiones emisoras de estos viajes ser\u00e1n la Regi\u00f3n Metropolitana (46,2%), Biob\u00edo (9,2%) y Valpara\u00edso (7,5%). Por su parte, las regiones m\u00e1s visitadas ser\u00e1n Valpara\u00edso (25,7%), O\u2019Higgins (11,1%) y Maule (10,4%).<\/p>\n\n\n\n<p>&nbsp;A nivel de comunas, Puente Alto, Maip\u00fa, Las Condes, Santiago y Temuco ser\u00e1n l\u00edderes en emisi\u00f3n de viajes, mientras que los destinos m\u00e1s concurridos ser\u00e1n El Tabo, Vi\u00f1a del Mar, El Quisco, Algarrobo y Pichilemu.<\/p>\n\n\n\n<p>&nbsp;En este sentido, la regi\u00f3n de O\u2019Higgins se posiciona como un importante destino tur\u00edstico.<\/p>\n\n\n\n<p>\u201cNos llena de orgullo que O\u2019Higgins sea la segunda regi\u00f3n a nivel nacional que m\u00e1s turistas recibir\u00e1 en el fin de semana largo de Semana Santa, seg\u00fan la proyecci\u00f3n de la subsecretar\u00eda de Turismo y Sernatur. Esto es una se\u00f1al, no s\u00f3lo de la buena articulaci\u00f3n entre prestadores tur\u00edsticos, institucionalidad p\u00fablica y academia, sino que tambi\u00e9n de nuestros paisajes, gastronom\u00eda y patrimonio. Adem\u00e1s, un aspecto clave es la vinculaci\u00f3n con la ruralidad, que nos permite desconectarnos plenamente en estos d\u00edas de descanso\u201d, destac\u00f3 Carlos Escobar, director regional de Sernatur O&#8217;Higgins.<\/p>\n\n\n\n<p><strong>Aumenta n\u00famero de viajes respecto de 2024<\/strong><\/p>\n\n\n\n<p>De acuerdo con las proyecciones, se espera que se realicen entre 1.215.034 y 1.444.860 viajes totales con pernoctaci\u00f3n a lo largo del pa\u00eds, lo que representa un crecimiento de entre +25,5% y +49,2% respecto a la Semana Santa 2024.<\/p>\n\n\n\n<p>&nbsp;El 44,6% de los viajes se concentrar\u00edan durante el viernes 18 de abril, lo que convierte ese d\u00eda en el principal momento de salida.<\/p>\n\n\n\n<p>&nbsp;La subsecretaria de Turismo, Ver\u00f3nica Pardo, destac\u00f3 que estas cifras son una se\u00f1al positiva para el sector tur\u00edstico \u00ab<em>Esperamos que este fin de semana largo \u2014el primero de este a\u00f1o\u2014 sea muy positivo para nuestra industria tur\u00edstica a lo largo del pa\u00eds. Venimos de una temporada estival hist\u00f3rica, con m\u00e1s de 2,1 millones de turistas extranjeros y una ocupaci\u00f3n hotelera que super\u00f3 el 90% en varios destinos. Esto da cuenta del enorme potencial del turismo como motor de desarrollo. Por eso, confiamos en que esta tendencia contin\u00fae y que m\u00e1s chilenos sigan eligiendo recorrer su propio pa\u00eds, lo que no solo impulsa las econom\u00edas locales, sino que tambi\u00e9n genera empleo, oportunidades y calidad de vida en las comunidades.\u201d<\/em><\/p>\n\n\n\n<p>Tanto la Subsecretar\u00eda de Turismo, como Sernatur, destacan que este tipo de fines de semana largos son una oportunidad para seguir fortaleciendo el turismo interno, incentivando los viajes dentro del pa\u00eds y promoviendo una oferta diversa, accesible y sostenible para todos los p\u00fablicos.<\/p>\n\n\n\n<p>&nbsp;Para m\u00e1s informaci\u00f3n de panoramas y destinos tur\u00edsticos se puede visitar el sitio web&nbsp;<a href=\"http:\/\/www.chileestuyo.cl\/\">www.chileestuyo.cl<\/a>&nbsp;.<\/p>\n","protected":false},"excerpt":{"rendered":"Seg\u00fan una proyecci\u00f3n desarrollada por la Subsecretar\u00eda de Turismo y Sernatur, entre el jueves 17 y el s\u00e1bado&hellip;\n","protected":false},"author":1,"featured_media":2624,"comment_status":"open","ping_status":"open","sticky":false,"template":"","format":"standard","meta":{"_monsterinsights_skip_tracking":false,"_monsterinsights_sitenote_active":false,"_monsterinsights_sitenote_note":"","_monsterinsights_sitenote_category":0,"footnotes":""},"categories":[8],"tags":[],"class_list":{"0":"post-2622","1":"post","2":"type-post","3":"status-publish","4":"format-standard","5":"has-post-thumbnail","7":"category-portada"},"aioseo_notices":[],"_links":{"self":[{"href":"https:\/\/www.rengoenlanoticia.cl\/prensa\/wp-json\/wp\/v2\/posts\/2622","targetHints":{"allow":["GET"]}}],"collection":[{"href":"https:\/\/www.rengoenlanoticia.cl\/prensa\/wp-json\/wp\/v2\/posts"}],"about":[{"href":"https:\/\/www.rengoenlanoticia.cl\/prensa\/wp-json\/wp\/v2\/types\/post"}],"author":[{"embeddable":true,"href":"https:\/\/www.rengoenlanoticia.cl\/prensa\/wp-json\/wp\/v2\/users\/1"}],"replies":[{"embeddable":true,"href":"https:\/\/www.rengoenlanoticia.cl\/prensa\/wp-json\/wp\/v2\/comments?post=2622"}],"version-history":[{"count":3,"href":"https:\/\/www.rengoenlanoticia.cl\/prensa\/wp-json\/wp\/v2\/posts\/2622\/revisions"}],"predecessor-version":[{"id":2634,"href":"https:\/\/www.rengoenlanoticia.cl\/prensa\/wp-json\/wp\/v2\/posts\/2622\/revisions\/2634"}],"wp:featuredmedia":[{"embeddable":true,"href":"https:\/\/www.rengoenlanoticia.cl\/prensa\/wp-json\/wp\/v2\/media\/2624"}],"wp:attachment":[{"href":"https:\/\/www.rengoenlanoticia.cl\/prensa\/wp-json\/wp\/v2\/media?parent=2622"}],"wp:term":[{"taxonomy":"category","embeddable":true,"href":"https:\/\/www.rengoenlanoticia.cl\/prensa\/wp-json\/wp\/v2\/categories?post=2622"},{"taxonomy":"post_tag","embeddable":true,"href":"https:\/\/www.rengoenlanoticia.cl\/prensa\/wp-json\/wp\/v2\/tags?post=2622"}],"curies":[{"name":"wp","href":"https:\/\/api.w.org\/{rel}","templated":true}]}}