{"id":2620,"date":"2025-04-15T19:10:09","date_gmt":"2025-04-15T19:10:09","guid":{"rendered":"https:\/\/www.rengoenlanoticia.cl\/prensa\/?p=2620"},"modified":"2025-04-15T19:10:11","modified_gmt":"2025-04-15T19:10:11","slug":"minvu-destinara-48-mil-millones-para-revitalizar-32-nuevos-barrios-del-pais-incluyendo-ohiggins","status":"publish","type":"post","link":"https:\/\/www.rengoenlanoticia.cl\/prensa\/2025\/04\/15\/minvu-destinara-48-mil-millones-para-revitalizar-32-nuevos-barrios-del-pais-incluyendo-ohiggins\/","title":{"rendered":"Minvu destinar\u00e1 $48 mil millones para revitalizar 32 nuevos barrios del pa\u00eds, incluyendo O&#8217;Higgins"},"content":{"rendered":"\n<p><\/p>\n\n\n\n<p><em>\u2022 Postulaciones al Programa Quiero mi Barrio estar\u00e1n abiertas hasta el 7 de mayo.<br>\u2022 La regi\u00f3n de O&#8217;Higgins podr\u00e1 acceder a recursos por $1.500 millones por cada barrio seleccionado.<\/em><\/p>\n\n\n\n<p>El Ministerio de Vivienda y Urbanismo abri\u00f3 el proceso de postulaci\u00f3n 2025 del Programa Quiero Mi Barrio, que permitir\u00e1 incorporar 32 nuevos sectores a nivel nacional, con una inversi\u00f3n total de $48 mil millones. Las municipalidades podr\u00e1n postular hasta el mi\u00e9rcoles 7 de mayo. Cada barrio seleccionado recibir\u00e1 $1.500 millones para desarrollar obras y espacios p\u00fablicos con participaci\u00f3n vecinal. En la Regi\u00f3n de O&#8217;Higgins, el programa ha intervenido 35 barrios desde 2006, beneficiando a cerca de 20 mil viviendas y m\u00e1s de 73 mil personas.<\/p>\n\n\n\n<p>\u00abEste programa emblem\u00e1tico del Minvu nos permite desarrollar un trabajo conjunto con el municipio y las comunidades. Este modelo participativo ayuda a priorizar y focalizar la inversi\u00f3n del programa. Algunas obras buscan iluminar espacios deteriorados, otras a recuperar sitios que hoy son microbasurales y tambi\u00e9n est\u00e1n las orientadas a mejorar una sede social para que los dirigentes y dirigentas se re\u00fanan con los vecinos a realizar una serie de actividades que fortalecen el tejido social. Todos ello contribuyen y colaboran a vivir m\u00e1s seguros, a vivir mejor y recuperar la vida de barrio\u00bb, dijo el&nbsp;<strong>Ministro de Vivienda y Urbanismo, Carlos Montes.<\/strong><\/p>\n\n\n\n<p>En la Regi\u00f3n de O&#8217;Higgins, el Programa Quiero mi Barrio ha estado presente desde 2006. En ese sentido, el Seremi de Vivienda y Urbanismo,&nbsp;<strong>Luis Barboza<\/strong>&nbsp;, destac\u00f3 la relevancia de esta nueva convocatoria: \u00abQuiero mi Barrio es uno de los programas m\u00e1s significativos del Minvu, porque pone a las personas en el centro de la recuperaci\u00f3n urbana. En O&#8217;Higgins ya hemos intervenido 35 barrios, con m\u00e1s de 73 mil vecinos y vecinas beneficiadas, lo que da cuenta de un trabajo sostenido por a\u00f1os Hoy, con esta nueva convocatoria, queremos que m\u00e1s comunas se sumen y puedan acceder a estos recursos que transforman espacios y fortalecen la vida comunitaria\u201d.<\/p>\n\n\n\n<p>Los municipios interesados deben presentar su postulaci\u00f3n a trav\u00e9s de las respectivas Secretar\u00edas Regionales Ministeriales (Seremi) de Vivienda y Urbanismo, cumpliendo con los requisitos establecidos en la resoluci\u00f3n publicada el pasado 26 de marzo en el Diario Oficial. Los resultados ser\u00e1n anunciados el 18 de julio de 2025.<\/p>\n\n\n\n<p><strong>Sobre el Programa Quiero mi Barrio<\/strong><\/p>\n\n\n\n<p>Creado en 2006, el Programa Quiero mi Barrio busca mejorar la calidad de vida en sectores urbanos a trav\u00e9s de una intervenci\u00f3n integral que combina obras f\u00edsicas con activaci\u00f3n comunitaria. En estos casi 20 a\u00f1os, ha beneficiado a m\u00e1s de 1 mill\u00f3n 600 mil personas en 846 barrios del pa\u00eds.<\/p>\n\n\n\n<p>La metodolog\u00eda del programa se organiza en tres fases: una etapa de diagn\u00f3stico participativo que se extiende por cerca de un a\u00f1o; una segunda fase de dise\u00f1o y ejecuci\u00f3n de obras y proyectos sociales; y una tercera etapa de evaluaci\u00f3n y seguimiento. En total, cada intervenci\u00f3n contempla entre 4 y 5 a\u00f1os de trabajo conjunto entre el Minvu, el municipio y la comunidad.<\/p>\n","protected":false},"excerpt":{"rendered":"\u2022 Postulaciones al Programa Quiero mi Barrio estar\u00e1n abiertas hasta el 7 de mayo.\u2022 La regi\u00f3n de O&#8217;Higgins&hellip;\n","protected":false},"author":1,"featured_media":2621,"comment_status":"open","ping_status":"open","sticky":false,"template":"","format":"standard","meta":{"_monsterinsights_skip_tracking":false,"_monsterinsights_sitenote_active":false,"_monsterinsights_sitenote_note":"","_monsterinsights_sitenote_category":0,"footnotes":""},"categories":[8],"tags":[],"class_list":{"0":"post-2620","1":"post","2":"type-post","3":"status-publish","4":"format-standard","5":"has-post-thumbnail","7":"category-portada"},"aioseo_notices":[],"_links":{"self":[{"href":"https:\/\/www.rengoenlanoticia.cl\/prensa\/wp-json\/wp\/v2\/posts\/2620","targetHints":{"allow":["GET"]}}],"collection":[{"href":"https:\/\/www.rengoenlanoticia.cl\/prensa\/wp-json\/wp\/v2\/posts"}],"about":[{"href":"https:\/\/www.rengoenlanoticia.cl\/prensa\/wp-json\/wp\/v2\/types\/post"}],"author":[{"embeddable":true,"href":"https:\/\/www.rengoenlanoticia.cl\/prensa\/wp-json\/wp\/v2\/users\/1"}],"replies":[{"embeddable":true,"href":"https:\/\/www.rengoenlanoticia.cl\/prensa\/wp-json\/wp\/v2\/comments?post=2620"}],"version-history":[{"count":3,"href":"https:\/\/www.rengoenlanoticia.cl\/prensa\/wp-json\/wp\/v2\/posts\/2620\/revisions"}],"predecessor-version":[{"id":2631,"href":"https:\/\/www.rengoenlanoticia.cl\/prensa\/wp-json\/wp\/v2\/posts\/2620\/revisions\/2631"}],"wp:featuredmedia":[{"embeddable":true,"href":"https:\/\/www.rengoenlanoticia.cl\/prensa\/wp-json\/wp\/v2\/media\/2621"}],"wp:attachment":[{"href":"https:\/\/www.rengoenlanoticia.cl\/prensa\/wp-json\/wp\/v2\/media?parent=2620"}],"wp:term":[{"taxonomy":"category","embeddable":true,"href":"https:\/\/www.rengoenlanoticia.cl\/prensa\/wp-json\/wp\/v2\/categories?post=2620"},{"taxonomy":"post_tag","embeddable":true,"href":"https:\/\/www.rengoenlanoticia.cl\/prensa\/wp-json\/wp\/v2\/tags?post=2620"}],"curies":[{"name":"wp","href":"https:\/\/api.w.org\/{rel}","templated":true}]}}