{"id":2610,"date":"2025-04-15T00:10:48","date_gmt":"2025-04-15T00:10:48","guid":{"rendered":"https:\/\/www.rengoenlanoticia.cl\/prensa\/?p=2610"},"modified":"2025-04-15T00:10:50","modified_gmt":"2025-04-15T00:10:50","slug":"publicacion-base-de-conscripcion-ano-2025","status":"publish","type":"post","link":"https:\/\/www.rengoenlanoticia.cl\/prensa\/2025\/04\/15\/publicacion-base-de-conscripcion-ano-2025\/","title":{"rendered":"PUBLICACI\u00d3N BASE DE CONSCRIPCI\u00d3N A\u00d1O 2025"},"content":{"rendered":"\n<p><\/p>\n\n\n\n<p>El Cant\u00f3n de Reclutamiento Rengo informa a la ciudadan\u00eda que ya se public\u00f3 la Base de Conscripci\u00f3n a\u00f1o 2025, que considera a todos los varones nacidos el a\u00f1o 2007. Junto con ello, se inici\u00f3 el proceso de inscripci\u00f3n al Servicio Militar para hombres y mujeres entre 17 y 24 a\u00f1os de edad.<\/p>\n\n\n\n<p><strong>INSCR\u00cdBETE COMO VOLUNTARIO<\/strong><\/p>\n\n\n\n<h1 id=\"1-revisa\" class=\"wp-block-heading\">1.&nbsp;&nbsp; REVISA<\/h1>\n\n\n\n<p><strong>\u00a1Tienes 18 a\u00f1os o los vas a cumplir!<\/strong><\/p>\n\n\n\n<p>Revisa con tu RUT la Base de Conscripci\u00f3n en la p\u00e1gina <a href=\"http:\/\/www.serviciomilitar.cl\">www.serviciomilitar.cl<\/a> y conocer\u00e1s si est\u00e1s en la lista de quienes ser\u00e1n convocados para cumplir el Servicio Militar Obligatorio en el a\u00f1o 2026.<\/p>\n\n\n\n<h1 id=\"2-decide\" class=\"wp-block-heading\">2.&nbsp;&nbsp; DECIDE<\/h1>\n\n\n\n<p><strong>\u00a1Recuerda, el Servicio Militar es OBLIGATORIO!, pero puedes inscribirte como voluntario<\/strong><\/p>\n\n\n\n<h1 id=\"3-inscribete\" class=\"wp-block-heading\">3.&nbsp;&nbsp; INSCR\u00cdBETE<\/h1>\n\n\n\n<p><strong>\u00a1Online o Presencial!<\/strong><\/p>\n\n\n\n<p>Inscr\u00edbete voluntario con tu clave \u00fanica en <strong>www.serviciomilitar.cl<\/strong> o en el Cant\u00f3n de Reclutamiento \u201cSan Vicente\u201d, de lunes a viernes en horario de 09:00 a 14:00 horas.<\/p>\n\n\n\n<p><strong>Mayor informaci\u00f3n:<\/strong><\/p>\n\n\n\n<ul class=\"wp-block-list\">\n<li>Tel\u00e9fono 72 2610719<\/li>\n\n\n\n<li>Email canton_san_vicente@dgmn.cl<\/li>\n\n\n\n<li>P\u00e1gina <a href=\"http:\/\/www.serviciomilitar.cl\">www.serviciomilitar.cl<\/a><\/li>\n<\/ul>\n","protected":false},"excerpt":{"rendered":"El Cant\u00f3n de Reclutamiento Rengo informa a la ciudadan\u00eda que ya se public\u00f3 la Base de Conscripci\u00f3n a\u00f1o&hellip;\n","protected":false},"author":1,"featured_media":2611,"comment_status":"open","ping_status":"open","sticky":false,"template":"","format":"standard","meta":{"_monsterinsights_skip_tracking":false,"_monsterinsights_sitenote_active":false,"_monsterinsights_sitenote_note":"","_monsterinsights_sitenote_category":0,"footnotes":""},"categories":[8],"tags":[],"class_list":{"0":"post-2610","1":"post","2":"type-post","3":"status-publish","4":"format-standard","5":"has-post-thumbnail","7":"category-portada"},"aioseo_notices":[],"_links":{"self":[{"href":"https:\/\/www.rengoenlanoticia.cl\/prensa\/wp-json\/wp\/v2\/posts\/2610","targetHints":{"allow":["GET"]}}],"collection":[{"href":"https:\/\/www.rengoenlanoticia.cl\/prensa\/wp-json\/wp\/v2\/posts"}],"about":[{"href":"https:\/\/www.rengoenlanoticia.cl\/prensa\/wp-json\/wp\/v2\/types\/post"}],"author":[{"embeddable":true,"href":"https:\/\/www.rengoenlanoticia.cl\/prensa\/wp-json\/wp\/v2\/users\/1"}],"replies":[{"embeddable":true,"href":"https:\/\/www.rengoenlanoticia.cl\/prensa\/wp-json\/wp\/v2\/comments?post=2610"}],"version-history":[{"count":3,"href":"https:\/\/www.rengoenlanoticia.cl\/prensa\/wp-json\/wp\/v2\/posts\/2610\/revisions"}],"predecessor-version":[{"id":2615,"href":"https:\/\/www.rengoenlanoticia.cl\/prensa\/wp-json\/wp\/v2\/posts\/2610\/revisions\/2615"}],"wp:featuredmedia":[{"embeddable":true,"href":"https:\/\/www.rengoenlanoticia.cl\/prensa\/wp-json\/wp\/v2\/media\/2611"}],"wp:attachment":[{"href":"https:\/\/www.rengoenlanoticia.cl\/prensa\/wp-json\/wp\/v2\/media?parent=2610"}],"wp:term":[{"taxonomy":"category","embeddable":true,"href":"https:\/\/www.rengoenlanoticia.cl\/prensa\/wp-json\/wp\/v2\/categories?post=2610"},{"taxonomy":"post_tag","embeddable":true,"href":"https:\/\/www.rengoenlanoticia.cl\/prensa\/wp-json\/wp\/v2\/tags?post=2610"}],"curies":[{"name":"wp","href":"https:\/\/api.w.org\/{rel}","templated":true}]}}