{"id":2594,"date":"2025-04-15T00:00:48","date_gmt":"2025-04-15T00:00:48","guid":{"rendered":"https:\/\/www.rengoenlanoticia.cl\/prensa\/?p=2594"},"modified":"2025-04-15T00:00:50","modified_gmt":"2025-04-15T00:00:50","slug":"mateo-y-emma-fueron-los-nombres-mas-inscritos-en-ohiggins-durante-el-2024","status":"publish","type":"post","link":"https:\/\/www.rengoenlanoticia.cl\/prensa\/2025\/04\/15\/mateo-y-emma-fueron-los-nombres-mas-inscritos-en-ohiggins-durante-el-2024\/","title":{"rendered":"Mateo y Emma fueron los nombres m\u00e1s inscritos en O\u2019Higgins durante el 2024"},"content":{"rendered":"\n<p>Registro Civil&nbsp; dio a conocer los nombres m\u00e1s tradicionales que los habitantes de la Regi\u00f3n de O\u2019Higgins pusieron a sus hijos e hijas<\/p>\n\n\n\n<p>Durante el a\u00f1o 2024 los nombres m\u00e1s inscritos a nivel nacional para nombrar a los ni\u00f1os y ni\u00f1as reci\u00e9n nacidos fueron Emma y Mateo.&nbsp; La regi\u00f3n de O\u2019Higgins no quedo ajena a esta tendencia, siendo los mismos nombres tanto en varones como en mujeres quienes encabezaron la lista de los m\u00e1s inscritos.<\/p>\n\n\n\n<p>Felipe Ascu\u00ed, Director Regional del Servicio de Registro Civil e Identificaci\u00f3n, destac\u00f3 que, \u201ca nivel nacional los nombres fueron muy similares a los que se registraron durante el a\u00f1o 2023, los primeros lugares el a\u00f1o 2024 correspondieron a Emma y Mateo.&nbsp;&nbsp;&nbsp; Existiendo tambi\u00e9n una din\u00e1mica similar en el resto de las regiones del pa\u00eds, donde se repiten algunos nombres, tanto en ni\u00f1os como en ni\u00f1as\u201d.<\/p>\n\n\n\n<p>Es importante destacar que en la regi\u00f3n de O\u2019Higgins existen 33 oficinas en las cuales se pueden realizar inscripciones de nacimiento, especialmente la ubicada al interior del Hospital Regional Rancagua la cual es especializada en este tipo de actuaciones.<\/p>\n\n\n\n<p>Los 5 nombres m\u00e1s comunes en O\u2019Higgins durante el a\u00f1o 2024 fueron los siguientes:<\/p>\n\n\n\n<figure class=\"wp-block-table\"><table class=\"has-fixed-layout\"><tbody><tr><td><strong>N\u00b0<\/strong><\/td><td><strong>Mujeres<\/strong><\/td><td><strong>Varones<\/strong><\/td><\/tr><tr><td>1<\/td><td>EMMA<\/td><td>MATEO<\/td><\/tr><tr><td>2<\/td><td>SOF\u00cdA<\/td><td>LIAM<\/td><\/tr><tr><td>3<\/td><td>ISABELLA<\/td><td>FACUNDO<\/td><\/tr><tr><td>4<\/td><td>JULIETA<\/td><td>LUCAS<\/td><\/tr><tr><td>5<\/td><td>EMILIA<\/td><td>GASPAR<\/td><\/tr><\/tbody><\/table><\/figure>\n","protected":false},"excerpt":{"rendered":"Registro Civil&nbsp; dio a conocer los nombres m\u00e1s tradicionales que los habitantes de la Regi\u00f3n de O\u2019Higgins pusieron&hellip;\n","protected":false},"author":1,"featured_media":2599,"comment_status":"open","ping_status":"open","sticky":false,"template":"","format":"standard","meta":{"_monsterinsights_skip_tracking":false,"_monsterinsights_sitenote_active":false,"_monsterinsights_sitenote_note":"","_monsterinsights_sitenote_category":0,"footnotes":""},"categories":[8],"tags":[],"class_list":{"0":"post-2594","1":"post","2":"type-post","3":"status-publish","4":"format-standard","5":"has-post-thumbnail","7":"category-portada"},"aioseo_notices":[],"_links":{"self":[{"href":"https:\/\/www.rengoenlanoticia.cl\/prensa\/wp-json\/wp\/v2\/posts\/2594","targetHints":{"allow":["GET"]}}],"collection":[{"href":"https:\/\/www.rengoenlanoticia.cl\/prensa\/wp-json\/wp\/v2\/posts"}],"about":[{"href":"https:\/\/www.rengoenlanoticia.cl\/prensa\/wp-json\/wp\/v2\/types\/post"}],"author":[{"embeddable":true,"href":"https:\/\/www.rengoenlanoticia.cl\/prensa\/wp-json\/wp\/v2\/users\/1"}],"replies":[{"embeddable":true,"href":"https:\/\/www.rengoenlanoticia.cl\/prensa\/wp-json\/wp\/v2\/comments?post=2594"}],"version-history":[{"count":3,"href":"https:\/\/www.rengoenlanoticia.cl\/prensa\/wp-json\/wp\/v2\/posts\/2594\/revisions"}],"predecessor-version":[{"id":2605,"href":"https:\/\/www.rengoenlanoticia.cl\/prensa\/wp-json\/wp\/v2\/posts\/2594\/revisions\/2605"}],"wp:featuredmedia":[{"embeddable":true,"href":"https:\/\/www.rengoenlanoticia.cl\/prensa\/wp-json\/wp\/v2\/media\/2599"}],"wp:attachment":[{"href":"https:\/\/www.rengoenlanoticia.cl\/prensa\/wp-json\/wp\/v2\/media?parent=2594"}],"wp:term":[{"taxonomy":"category","embeddable":true,"href":"https:\/\/www.rengoenlanoticia.cl\/prensa\/wp-json\/wp\/v2\/categories?post=2594"},{"taxonomy":"post_tag","embeddable":true,"href":"https:\/\/www.rengoenlanoticia.cl\/prensa\/wp-json\/wp\/v2\/tags?post=2594"}],"curies":[{"name":"wp","href":"https:\/\/api.w.org\/{rel}","templated":true}]}}