{"id":2593,"date":"2025-04-14T23:59:18","date_gmt":"2025-04-14T23:59:18","guid":{"rendered":"https:\/\/www.rengoenlanoticia.cl\/prensa\/?p=2593"},"modified":"2025-04-14T23:59:20","modified_gmt":"2025-04-14T23:59:20","slug":"presidente-de-la-corte-de-rancagua-participa-en-seminario-sobre-ley-de-fraudes-bancarios","status":"publish","type":"post","link":"https:\/\/www.rengoenlanoticia.cl\/prensa\/2025\/04\/14\/presidente-de-la-corte-de-rancagua-participa-en-seminario-sobre-ley-de-fraudes-bancarios\/","title":{"rendered":"Presidente de la Corte de Rancagua participa en seminario sobre ley de fraudes bancarios"},"content":{"rendered":"\n<p><\/p>\n\n\n\n<p>Organizado por la Asociaci\u00f3n de Jueces de Polic\u00eda Local de O\u2019HigginsEl presidente de la Corte de Apelaciones de Rancagua, ministro Pedro Caro Romero, particip\u00f3 en un seminario organizado por la Asociaci\u00f3n Regional de Jueces de Polic\u00eda Local y la Universidad de O\u2019Higgins, en el que se abordaron aspectos de la Ley 20.009, que establece un r\u00e9gimen de limitaci\u00f3n de responsabilidad para titulares o usuarios de tarjetas de pago y transacciones electr\u00f3nicas en caso de extrav\u00edo, hurto, robo o fraude.<\/p>\n\n\n\n<p>La actividad -que congreg\u00f3 un centenar de personas- se realiz\u00f3 en el auditorio de la Corte de Rancagua y cont\u00f3 con la participaci\u00f3n del presidente de la Asociaci\u00f3n, Rodrigo Paredes; el jefe de la carrera de Derecho de la Universidad de O\u2019Higgins, Marcelo Acu\u00f1a; y los jueces, juezas y funcionarios de los distintos juzgados de polic\u00eda local de la regi\u00f3n.<\/p>\n\n\n\n<p>En este seminario expuso sobre la materia el abogado y juez de polic\u00eda local de Gorbea, Andr\u00e9s Celed\u00f3n Baeza, magister en Derecho y acad\u00e9mico de la Universidad Aut\u00f3noma de Chile.<\/p>\n\n\n\n<figure class=\"wp-block-image size-large\"><img loading=\"lazy\" decoding=\"async\" width=\"1024\" height=\"682\" src=\"https:\/\/www.rengoenlanoticia.cl\/prensa\/wp-content\/uploads\/2025\/04\/WhatsApp-Image-2025-04-14-at-17.05.49-1024x682.jpeg\" alt=\"\" class=\"wp-image-2596\" srcset=\"https:\/\/www.rengoenlanoticia.cl\/prensa\/wp-content\/uploads\/2025\/04\/WhatsApp-Image-2025-04-14-at-17.05.49-1024x682.jpeg 1024w, https:\/\/www.rengoenlanoticia.cl\/prensa\/wp-content\/uploads\/2025\/04\/WhatsApp-Image-2025-04-14-at-17.05.49-300x200.jpeg 300w, https:\/\/www.rengoenlanoticia.cl\/prensa\/wp-content\/uploads\/2025\/04\/WhatsApp-Image-2025-04-14-at-17.05.49-768x512.jpeg 768w, https:\/\/www.rengoenlanoticia.cl\/prensa\/wp-content\/uploads\/2025\/04\/WhatsApp-Image-2025-04-14-at-17.05.49-1536x1023.jpeg 1536w, https:\/\/www.rengoenlanoticia.cl\/prensa\/wp-content\/uploads\/2025\/04\/WhatsApp-Image-2025-04-14-at-17.05.49-110x73.jpeg 110w, https:\/\/www.rengoenlanoticia.cl\/prensa\/wp-content\/uploads\/2025\/04\/WhatsApp-Image-2025-04-14-at-17.05.49-200x133.jpeg 200w, https:\/\/www.rengoenlanoticia.cl\/prensa\/wp-content\/uploads\/2025\/04\/WhatsApp-Image-2025-04-14-at-17.05.49-380x253.jpeg 380w, https:\/\/www.rengoenlanoticia.cl\/prensa\/wp-content\/uploads\/2025\/04\/WhatsApp-Image-2025-04-14-at-17.05.49-255x170.jpeg 255w, https:\/\/www.rengoenlanoticia.cl\/prensa\/wp-content\/uploads\/2025\/04\/WhatsApp-Image-2025-04-14-at-17.05.49-550x366.jpeg 550w, https:\/\/www.rengoenlanoticia.cl\/prensa\/wp-content\/uploads\/2025\/04\/WhatsApp-Image-2025-04-14-at-17.05.49-800x533.jpeg 800w, https:\/\/www.rengoenlanoticia.cl\/prensa\/wp-content\/uploads\/2025\/04\/WhatsApp-Image-2025-04-14-at-17.05.49-1160x773.jpeg 1160w, https:\/\/www.rengoenlanoticia.cl\/prensa\/wp-content\/uploads\/2025\/04\/WhatsApp-Image-2025-04-14-at-17.05.49.jpeg 1600w\" sizes=\"auto, (max-width: 1024px) 100vw, 1024px\" \/><\/figure>\n\n\n\n<p>\u201cComo Corte de Apelaciones de Rancagua es muy importante tener una vinculaci\u00f3n constante con las universidades y las asociaciones gremiales, en especial lo relacionado con el perfeccionamiento. Este seminario abord\u00f3 en profundidad esta norma que establece el proceso que deben llevar adelante los usuarios y las instituciones bancarias que son v\u00edctimas de fraudes. En ese sentido para nosotros es relevante aportar al an\u00e1lisis en esta materia y contribuir con la materializaci\u00f3n del seminario\u201d, se\u00f1al\u00f3 el presidente Caro.<\/p>\n\n\n\n<p>El presidente de la Asociaci\u00f3n de Jueces de Polic\u00eda Local, Rodrigo Paredes, se\u00f1al\u00f3 que esta instancia permite una capacitaci\u00f3n por las constantes modificaciones legales que les asignan competencias. \u201cEsta ha sido una ley que ha tenido una explosi\u00f3n en cuanto a cantidad de demandas, creo que debe ser una de las materias que m\u00e1s se est\u00e1n conociendo en los juzgados de polic\u00eda local en el \u00faltimo a\u00f1o\u201d, dijo.<\/p>\n","protected":false},"excerpt":{"rendered":"Organizado por la Asociaci\u00f3n de Jueces de Polic\u00eda Local de O\u2019HigginsEl presidente de la Corte de Apelaciones de&hellip;\n","protected":false},"author":1,"featured_media":2595,"comment_status":"open","ping_status":"open","sticky":false,"template":"","format":"standard","meta":{"_monsterinsights_skip_tracking":false,"_monsterinsights_sitenote_active":false,"_monsterinsights_sitenote_note":"","_monsterinsights_sitenote_category":0,"footnotes":""},"categories":[8],"tags":[],"class_list":{"0":"post-2593","1":"post","2":"type-post","3":"status-publish","4":"format-standard","5":"has-post-thumbnail","7":"category-portada"},"aioseo_notices":[],"_links":{"self":[{"href":"https:\/\/www.rengoenlanoticia.cl\/prensa\/wp-json\/wp\/v2\/posts\/2593","targetHints":{"allow":["GET"]}}],"collection":[{"href":"https:\/\/www.rengoenlanoticia.cl\/prensa\/wp-json\/wp\/v2\/posts"}],"about":[{"href":"https:\/\/www.rengoenlanoticia.cl\/prensa\/wp-json\/wp\/v2\/types\/post"}],"author":[{"embeddable":true,"href":"https:\/\/www.rengoenlanoticia.cl\/prensa\/wp-json\/wp\/v2\/users\/1"}],"replies":[{"embeddable":true,"href":"https:\/\/www.rengoenlanoticia.cl\/prensa\/wp-json\/wp\/v2\/comments?post=2593"}],"version-history":[{"count":3,"href":"https:\/\/www.rengoenlanoticia.cl\/prensa\/wp-json\/wp\/v2\/posts\/2593\/revisions"}],"predecessor-version":[{"id":2603,"href":"https:\/\/www.rengoenlanoticia.cl\/prensa\/wp-json\/wp\/v2\/posts\/2593\/revisions\/2603"}],"wp:featuredmedia":[{"embeddable":true,"href":"https:\/\/www.rengoenlanoticia.cl\/prensa\/wp-json\/wp\/v2\/media\/2595"}],"wp:attachment":[{"href":"https:\/\/www.rengoenlanoticia.cl\/prensa\/wp-json\/wp\/v2\/media?parent=2593"}],"wp:term":[{"taxonomy":"category","embeddable":true,"href":"https:\/\/www.rengoenlanoticia.cl\/prensa\/wp-json\/wp\/v2\/categories?post=2593"},{"taxonomy":"post_tag","embeddable":true,"href":"https:\/\/www.rengoenlanoticia.cl\/prensa\/wp-json\/wp\/v2\/tags?post=2593"}],"curies":[{"name":"wp","href":"https:\/\/api.w.org\/{rel}","templated":true}]}}