{"id":2573,"date":"2025-04-14T01:38:57","date_gmt":"2025-04-14T01:38:57","guid":{"rendered":"https:\/\/www.rengoenlanoticia.cl\/prensa\/?p=2573"},"modified":"2025-04-14T01:38:58","modified_gmt":"2025-04-14T01:38:58","slug":"carabineros-destacamento-rengo-realiza-diversas-actividades-a-dia-de-su-aniversario","status":"publish","type":"post","link":"https:\/\/www.rengoenlanoticia.cl\/prensa\/2025\/04\/14\/carabineros-destacamento-rengo-realiza-diversas-actividades-a-dia-de-su-aniversario\/","title":{"rendered":"Carabineros destacamento \u00a0Rengo realiza diversas actividades a d\u00eda de su aniversario"},"content":{"rendered":"\n<p>&nbsp;En su constante compromiso con la comunidad, los integrantes de la O.I.C de la 4ta. Comisar\u00eda Rengo, realizaron una jornada de charlas preventivas a ni\u00f1os y ni\u00f1as de 6to. B\u00e1sico de la escuela Rep\u00fablica de Alemania, actividad que se enfoc\u00f3 en la prevenci\u00f3n del Bullyng y Ciber acoso. ocasi\u00f3n que permiti\u00f3 que los alumnos participaran de manera muy activa.<\/p>\n\n\n\n<figure class=\"wp-block-image size-large\"><img loading=\"lazy\" decoding=\"async\" width=\"1024\" height=\"768\" src=\"https:\/\/www.rengoenlanoticia.cl\/prensa\/wp-content\/uploads\/2025\/04\/WhatsApp-Image-2025-04-09-at-09.15.03-1024x768.jpeg\" alt=\"\" class=\"wp-image-2575\" srcset=\"https:\/\/www.rengoenlanoticia.cl\/prensa\/wp-content\/uploads\/2025\/04\/WhatsApp-Image-2025-04-09-at-09.15.03-1024x768.jpeg 1024w, https:\/\/www.rengoenlanoticia.cl\/prensa\/wp-content\/uploads\/2025\/04\/WhatsApp-Image-2025-04-09-at-09.15.03-300x225.jpeg 300w, https:\/\/www.rengoenlanoticia.cl\/prensa\/wp-content\/uploads\/2025\/04\/WhatsApp-Image-2025-04-09-at-09.15.03-768x576.jpeg 768w, https:\/\/www.rengoenlanoticia.cl\/prensa\/wp-content\/uploads\/2025\/04\/WhatsApp-Image-2025-04-09-at-09.15.03-1536x1152.jpeg 1536w, https:\/\/www.rengoenlanoticia.cl\/prensa\/wp-content\/uploads\/2025\/04\/WhatsApp-Image-2025-04-09-at-09.15.03-110x83.jpeg 110w, https:\/\/www.rengoenlanoticia.cl\/prensa\/wp-content\/uploads\/2025\/04\/WhatsApp-Image-2025-04-09-at-09.15.03-200x150.jpeg 200w, https:\/\/www.rengoenlanoticia.cl\/prensa\/wp-content\/uploads\/2025\/04\/WhatsApp-Image-2025-04-09-at-09.15.03-380x285.jpeg 380w, https:\/\/www.rengoenlanoticia.cl\/prensa\/wp-content\/uploads\/2025\/04\/WhatsApp-Image-2025-04-09-at-09.15.03-255x191.jpeg 255w, https:\/\/www.rengoenlanoticia.cl\/prensa\/wp-content\/uploads\/2025\/04\/WhatsApp-Image-2025-04-09-at-09.15.03-550x413.jpeg 550w, https:\/\/www.rengoenlanoticia.cl\/prensa\/wp-content\/uploads\/2025\/04\/WhatsApp-Image-2025-04-09-at-09.15.03-800x600.jpeg 800w, https:\/\/www.rengoenlanoticia.cl\/prensa\/wp-content\/uploads\/2025\/04\/WhatsApp-Image-2025-04-09-at-09.15.03-1160x870.jpeg 1160w, https:\/\/www.rengoenlanoticia.cl\/prensa\/wp-content\/uploads\/2025\/04\/WhatsApp-Image-2025-04-09-at-09.15.03.jpeg 1600w\" sizes=\"auto, (max-width: 1024px) 100vw, 1024px\" \/><\/figure>\n\n\n\n<p>El personal de la OIC de la 4ta. Comisar\u00eda Rengo, durante la tarde de este d\u00eda mi\u00e9rcoles, junto a Seguridad P\u00fablica, participaron en una reuni\u00f3n de coordinaci\u00f3n con la directiva de la villa Los Vi\u00f1edos, enfocada en la prevenci\u00f3n del delito y recomendaciones para incrementar la organizaci\u00f3n comunitaria del sector.<\/p>\n\n\n\n<figure class=\"wp-block-image size-large\"><img loading=\"lazy\" decoding=\"async\" width=\"1024\" height=\"768\" src=\"https:\/\/www.rengoenlanoticia.cl\/prensa\/wp-content\/uploads\/2025\/04\/WhatsApp-Image-2025-04-10-at-07.36.41-1024x768.jpeg\" alt=\"\" class=\"wp-image-2576\" srcset=\"https:\/\/www.rengoenlanoticia.cl\/prensa\/wp-content\/uploads\/2025\/04\/WhatsApp-Image-2025-04-10-at-07.36.41-1024x768.jpeg 1024w, https:\/\/www.rengoenlanoticia.cl\/prensa\/wp-content\/uploads\/2025\/04\/WhatsApp-Image-2025-04-10-at-07.36.41-300x225.jpeg 300w, https:\/\/www.rengoenlanoticia.cl\/prensa\/wp-content\/uploads\/2025\/04\/WhatsApp-Image-2025-04-10-at-07.36.41-768x576.jpeg 768w, https:\/\/www.rengoenlanoticia.cl\/prensa\/wp-content\/uploads\/2025\/04\/WhatsApp-Image-2025-04-10-at-07.36.41-110x83.jpeg 110w, https:\/\/www.rengoenlanoticia.cl\/prensa\/wp-content\/uploads\/2025\/04\/WhatsApp-Image-2025-04-10-at-07.36.41-200x150.jpeg 200w, https:\/\/www.rengoenlanoticia.cl\/prensa\/wp-content\/uploads\/2025\/04\/WhatsApp-Image-2025-04-10-at-07.36.41-380x285.jpeg 380w, https:\/\/www.rengoenlanoticia.cl\/prensa\/wp-content\/uploads\/2025\/04\/WhatsApp-Image-2025-04-10-at-07.36.41-255x191.jpeg 255w, https:\/\/www.rengoenlanoticia.cl\/prensa\/wp-content\/uploads\/2025\/04\/WhatsApp-Image-2025-04-10-at-07.36.41-550x413.jpeg 550w, https:\/\/www.rengoenlanoticia.cl\/prensa\/wp-content\/uploads\/2025\/04\/WhatsApp-Image-2025-04-10-at-07.36.41-800x600.jpeg 800w, https:\/\/www.rengoenlanoticia.cl\/prensa\/wp-content\/uploads\/2025\/04\/WhatsApp-Image-2025-04-10-at-07.36.41-1160x870.jpeg 1160w, https:\/\/www.rengoenlanoticia.cl\/prensa\/wp-content\/uploads\/2025\/04\/WhatsApp-Image-2025-04-10-at-07.36.41.jpeg 1280w\" sizes=\"auto, (max-width: 1024px) 100vw, 1024px\" \/><\/figure>\n\n\n\n<p>Personal de la Tenencia Rosario, en compa\u00f1\u00eda del gu\u00eda y su can Felicia, visitaron la Escuela de Lenguaje Nuestra Sra. Del Rosario y el Jard\u00edn Manzanita, con la finalidad de continuar acercando la Instituci\u00f3n en nuestro mes de Aniversario<\/p>\n\n\n\n<figure class=\"wp-block-image size-large\"><img loading=\"lazy\" decoding=\"async\" width=\"1024\" height=\"576\" src=\"https:\/\/www.rengoenlanoticia.cl\/prensa\/wp-content\/uploads\/2025\/04\/WhatsApp-Image-2025-04-10-at-17.42.35-1024x576.jpeg\" alt=\"\" class=\"wp-image-2577\" srcset=\"https:\/\/www.rengoenlanoticia.cl\/prensa\/wp-content\/uploads\/2025\/04\/WhatsApp-Image-2025-04-10-at-17.42.35-1024x576.jpeg 1024w, https:\/\/www.rengoenlanoticia.cl\/prensa\/wp-content\/uploads\/2025\/04\/WhatsApp-Image-2025-04-10-at-17.42.35-300x169.jpeg 300w, https:\/\/www.rengoenlanoticia.cl\/prensa\/wp-content\/uploads\/2025\/04\/WhatsApp-Image-2025-04-10-at-17.42.35-768x432.jpeg 768w, https:\/\/www.rengoenlanoticia.cl\/prensa\/wp-content\/uploads\/2025\/04\/WhatsApp-Image-2025-04-10-at-17.42.35-1536x864.jpeg 1536w, https:\/\/www.rengoenlanoticia.cl\/prensa\/wp-content\/uploads\/2025\/04\/WhatsApp-Image-2025-04-10-at-17.42.35-110x62.jpeg 110w, https:\/\/www.rengoenlanoticia.cl\/prensa\/wp-content\/uploads\/2025\/04\/WhatsApp-Image-2025-04-10-at-17.42.35-200x112.jpeg 200w, https:\/\/www.rengoenlanoticia.cl\/prensa\/wp-content\/uploads\/2025\/04\/WhatsApp-Image-2025-04-10-at-17.42.35-380x214.jpeg 380w, https:\/\/www.rengoenlanoticia.cl\/prensa\/wp-content\/uploads\/2025\/04\/WhatsApp-Image-2025-04-10-at-17.42.35-255x143.jpeg 255w, https:\/\/www.rengoenlanoticia.cl\/prensa\/wp-content\/uploads\/2025\/04\/WhatsApp-Image-2025-04-10-at-17.42.35-550x309.jpeg 550w, https:\/\/www.rengoenlanoticia.cl\/prensa\/wp-content\/uploads\/2025\/04\/WhatsApp-Image-2025-04-10-at-17.42.35-800x450.jpeg 800w, https:\/\/www.rengoenlanoticia.cl\/prensa\/wp-content\/uploads\/2025\/04\/WhatsApp-Image-2025-04-10-at-17.42.35-1160x652.jpeg 1160w, https:\/\/www.rengoenlanoticia.cl\/prensa\/wp-content\/uploads\/2025\/04\/WhatsApp-Image-2025-04-10-at-17.42.35.jpeg 1599w\" sizes=\"auto, (max-width: 1024px) 100vw, 1024px\" \/><\/figure>\n\n\n\n<p>El d\u00eda s\u00e1bado 12 de abril, personal MICC, &nbsp;en conjunto con motorista de la 4ta. Comisar\u00eda Rengo, realizan escolta a &nbsp;Marcos Reyes Alamos, en su caminata solidaria para&nbsp; recaudar fondos que permitan acceder a la compra de medicamentos para sus hijos gemelos \u00abVicente y Lucas&#8217;, diagnosticado con Distrofia Muscular de Duchenne.<\/p>\n\n\n\n<figure class=\"wp-block-image size-large\"><img loading=\"lazy\" decoding=\"async\" width=\"1024\" height=\"768\" src=\"https:\/\/www.rengoenlanoticia.cl\/prensa\/wp-content\/uploads\/2025\/04\/WhatsApp-Image-2025-04-12-at-16.23.06-1024x768.jpeg\" alt=\"\" class=\"wp-image-2578\" srcset=\"https:\/\/www.rengoenlanoticia.cl\/prensa\/wp-content\/uploads\/2025\/04\/WhatsApp-Image-2025-04-12-at-16.23.06-1024x768.jpeg 1024w, https:\/\/www.rengoenlanoticia.cl\/prensa\/wp-content\/uploads\/2025\/04\/WhatsApp-Image-2025-04-12-at-16.23.06-300x225.jpeg 300w, https:\/\/www.rengoenlanoticia.cl\/prensa\/wp-content\/uploads\/2025\/04\/WhatsApp-Image-2025-04-12-at-16.23.06-768x576.jpeg 768w, https:\/\/www.rengoenlanoticia.cl\/prensa\/wp-content\/uploads\/2025\/04\/WhatsApp-Image-2025-04-12-at-16.23.06-1536x1152.jpeg 1536w, https:\/\/www.rengoenlanoticia.cl\/prensa\/wp-content\/uploads\/2025\/04\/WhatsApp-Image-2025-04-12-at-16.23.06-110x83.jpeg 110w, https:\/\/www.rengoenlanoticia.cl\/prensa\/wp-content\/uploads\/2025\/04\/WhatsApp-Image-2025-04-12-at-16.23.06-200x150.jpeg 200w, https:\/\/www.rengoenlanoticia.cl\/prensa\/wp-content\/uploads\/2025\/04\/WhatsApp-Image-2025-04-12-at-16.23.06-380x285.jpeg 380w, https:\/\/www.rengoenlanoticia.cl\/prensa\/wp-content\/uploads\/2025\/04\/WhatsApp-Image-2025-04-12-at-16.23.06-255x191.jpeg 255w, https:\/\/www.rengoenlanoticia.cl\/prensa\/wp-content\/uploads\/2025\/04\/WhatsApp-Image-2025-04-12-at-16.23.06-550x413.jpeg 550w, https:\/\/www.rengoenlanoticia.cl\/prensa\/wp-content\/uploads\/2025\/04\/WhatsApp-Image-2025-04-12-at-16.23.06-800x600.jpeg 800w, https:\/\/www.rengoenlanoticia.cl\/prensa\/wp-content\/uploads\/2025\/04\/WhatsApp-Image-2025-04-12-at-16.23.06-1160x870.jpeg 1160w, https:\/\/www.rengoenlanoticia.cl\/prensa\/wp-content\/uploads\/2025\/04\/WhatsApp-Image-2025-04-12-at-16.23.06.jpeg 1600w\" sizes=\"auto, (max-width: 1024px) 100vw, 1024px\" \/><\/figure>\n\n\n\n<p>Marcos Reyes \u00c1lamos y su acompa\u00f1antes, personal Micc y personal de la Subcomisaria Requinoa, \u00a0fueron acompa\u00f1ado hasta el peaje de los Lirios, lugar donde personal de carabineros de la Tenencia Olivar los acompa\u00f1ar\u00e1n hasta la plaza de Rancagua para continuar con la recaudaci\u00f3n de dinero para los medicamentos de sus hijos gemelos \u201cVicente y Lucas\u201d.<\/p>\n\n\n\n<figure class=\"wp-block-image size-large\"><img loading=\"lazy\" decoding=\"async\" width=\"1024\" height=\"768\" src=\"https:\/\/www.rengoenlanoticia.cl\/prensa\/wp-content\/uploads\/2025\/04\/WhatsApp-Image-2025-04-12-at-17.38.12-1024x768.jpeg\" alt=\"\" class=\"wp-image-2579\" srcset=\"https:\/\/www.rengoenlanoticia.cl\/prensa\/wp-content\/uploads\/2025\/04\/WhatsApp-Image-2025-04-12-at-17.38.12-1024x768.jpeg 1024w, https:\/\/www.rengoenlanoticia.cl\/prensa\/wp-content\/uploads\/2025\/04\/WhatsApp-Image-2025-04-12-at-17.38.12-300x225.jpeg 300w, https:\/\/www.rengoenlanoticia.cl\/prensa\/wp-content\/uploads\/2025\/04\/WhatsApp-Image-2025-04-12-at-17.38.12-768x576.jpeg 768w, https:\/\/www.rengoenlanoticia.cl\/prensa\/wp-content\/uploads\/2025\/04\/WhatsApp-Image-2025-04-12-at-17.38.12-1536x1152.jpeg 1536w, https:\/\/www.rengoenlanoticia.cl\/prensa\/wp-content\/uploads\/2025\/04\/WhatsApp-Image-2025-04-12-at-17.38.12-110x83.jpeg 110w, https:\/\/www.rengoenlanoticia.cl\/prensa\/wp-content\/uploads\/2025\/04\/WhatsApp-Image-2025-04-12-at-17.38.12-200x150.jpeg 200w, https:\/\/www.rengoenlanoticia.cl\/prensa\/wp-content\/uploads\/2025\/04\/WhatsApp-Image-2025-04-12-at-17.38.12-380x285.jpeg 380w, https:\/\/www.rengoenlanoticia.cl\/prensa\/wp-content\/uploads\/2025\/04\/WhatsApp-Image-2025-04-12-at-17.38.12-255x191.jpeg 255w, https:\/\/www.rengoenlanoticia.cl\/prensa\/wp-content\/uploads\/2025\/04\/WhatsApp-Image-2025-04-12-at-17.38.12-550x413.jpeg 550w, https:\/\/www.rengoenlanoticia.cl\/prensa\/wp-content\/uploads\/2025\/04\/WhatsApp-Image-2025-04-12-at-17.38.12-800x600.jpeg 800w, https:\/\/www.rengoenlanoticia.cl\/prensa\/wp-content\/uploads\/2025\/04\/WhatsApp-Image-2025-04-12-at-17.38.12-1160x870.jpeg 1160w, https:\/\/www.rengoenlanoticia.cl\/prensa\/wp-content\/uploads\/2025\/04\/WhatsApp-Image-2025-04-12-at-17.38.12.jpeg 1600w\" sizes=\"auto, (max-width: 1024px) 100vw, 1024px\" \/><\/figure>\n","protected":false},"excerpt":{"rendered":"&nbsp;En su constante compromiso con la comunidad, los integrantes de la O.I.C de la 4ta. Comisar\u00eda Rengo, realizaron&hellip;\n","protected":false},"author":1,"featured_media":2574,"comment_status":"open","ping_status":"open","sticky":false,"template":"","format":"standard","meta":{"_monsterinsights_skip_tracking":false,"_monsterinsights_sitenote_active":false,"_monsterinsights_sitenote_note":"","_monsterinsights_sitenote_category":0,"footnotes":""},"categories":[8],"tags":[],"class_list":{"0":"post-2573","1":"post","2":"type-post","3":"status-publish","4":"format-standard","5":"has-post-thumbnail","7":"category-portada"},"aioseo_notices":[],"_links":{"self":[{"href":"https:\/\/www.rengoenlanoticia.cl\/prensa\/wp-json\/wp\/v2\/posts\/2573","targetHints":{"allow":["GET"]}}],"collection":[{"href":"https:\/\/www.rengoenlanoticia.cl\/prensa\/wp-json\/wp\/v2\/posts"}],"about":[{"href":"https:\/\/www.rengoenlanoticia.cl\/prensa\/wp-json\/wp\/v2\/types\/post"}],"author":[{"embeddable":true,"href":"https:\/\/www.rengoenlanoticia.cl\/prensa\/wp-json\/wp\/v2\/users\/1"}],"replies":[{"embeddable":true,"href":"https:\/\/www.rengoenlanoticia.cl\/prensa\/wp-json\/wp\/v2\/comments?post=2573"}],"version-history":[{"count":3,"href":"https:\/\/www.rengoenlanoticia.cl\/prensa\/wp-json\/wp\/v2\/posts\/2573\/revisions"}],"predecessor-version":[{"id":2582,"href":"https:\/\/www.rengoenlanoticia.cl\/prensa\/wp-json\/wp\/v2\/posts\/2573\/revisions\/2582"}],"wp:featuredmedia":[{"embeddable":true,"href":"https:\/\/www.rengoenlanoticia.cl\/prensa\/wp-json\/wp\/v2\/media\/2574"}],"wp:attachment":[{"href":"https:\/\/www.rengoenlanoticia.cl\/prensa\/wp-json\/wp\/v2\/media?parent=2573"}],"wp:term":[{"taxonomy":"category","embeddable":true,"href":"https:\/\/www.rengoenlanoticia.cl\/prensa\/wp-json\/wp\/v2\/categories?post=2573"},{"taxonomy":"post_tag","embeddable":true,"href":"https:\/\/www.rengoenlanoticia.cl\/prensa\/wp-json\/wp\/v2\/tags?post=2573"}],"curies":[{"name":"wp","href":"https:\/\/api.w.org\/{rel}","templated":true}]}}