{"id":2568,"date":"2025-04-14T01:08:40","date_gmt":"2025-04-14T01:08:40","guid":{"rendered":"https:\/\/www.rengoenlanoticia.cl\/prensa\/?p=2568"},"modified":"2025-04-14T01:08:43","modified_gmt":"2025-04-14T01:08:43","slug":"region-de-ohiggins-refuerza-su-liderazgo-en-el-comite-central-del-partido-socialista","status":"publish","type":"post","link":"https:\/\/www.rengoenlanoticia.cl\/prensa\/2025\/04\/14\/region-de-ohiggins-refuerza-su-liderazgo-en-el-comite-central-del-partido-socialista\/","title":{"rendered":"Regi\u00f3n de O&#8217;Higgins refuerza su liderazgo en el Comit\u00e9 Central del Partido Socialista"},"content":{"rendered":"\n<p><em>Con una profunda vocaci\u00f3n territorial y un compromiso con la justicia social, las nuevas autoridades asumen el desaf\u00edo de reconstruir confianzas, defender la democracia y responder con fuerza a las urgencias ciudadanas en seguridad, salud y equidad<\/em>&nbsp;.<\/p>\n\n\n\n<p>Durante la ma\u00f1ana del s\u00e1bado, y tras validarse los resultados de las elecciones internas realizadas a cabo el pasado 16 de marzo, el Partido Socialista de Chile renov\u00f3 su mesa directiva nacional para el per\u00edodo 2025-2028. La nueva conducci\u00f3n no solo refleja el compromiso de renovaci\u00f3n pol\u00edtica, sino tambi\u00e9n una fuerte representaci\u00f3n de la regi\u00f3n de O&#8217;Higgins, con figuras claves: el senador Juan Luis Castro, el Consejero Regional, Mauricio Valderrama, Alba Gallardo, Elsa Cucumides y Michael Norambuena.<\/p>\n\n\n\n<p>La destacada trayectoria de estos militantes, en este nuevo rol,&nbsp;se posicionan a la regi\u00f3n de O&#8217;Higgins como una fuerza gravitante dentro de la nueva conducci\u00f3n nacional del PS.&nbsp;Se trata de liderazgos con conocimiento profundo del territorio, amplia experiencia en el mundo local y regional, y con una vocaci\u00f3n clara de unidad pol\u00edtica frente a los desaf\u00edos del pa\u00eds.<\/p>\n\n\n\n<p>El senador Juan Luis Castro, quien se alz\u00f3 con un caudal de votos en la lista nacional, se incorpor\u00f3 a la Comisi\u00f3n Pol\u00edtica del partido y destac\u00f3 la relevancia de este espacio decisional: \u00abEs un cargo de alta responsabilidad, porque estar en la Comisi\u00f3n Pol\u00edtica, el \u00f3rgano que delibera sobre alianzas y candidaturas, exige visi\u00f3n y unidad. Asumo esta tarea con el respaldo de la regi\u00f3n de O&#8217;Higgins y con la convicci\u00f3n de que debemos avanzar en las grandes reformas que el pa\u00eds espera, especialmente en seguridad y salud. El PS tiene la responsabilidad de conducir con firmeza los cambios que Chile necesita\u201d.<\/p>\n\n\n\n<p>Adem\u00e1s, se\u00f1al\u00f3 que sus colegas senadores socialistas lo han elegido como representante del Comit\u00e9 de Senadores del PS, el m\u00e1s numeroso del oficialismo, rol que cumplir\u00e1 con dedicaci\u00f3n para impulsar reformas claves como la ley de Infraestructura Cr\u00edtica y una verdadera Reforma al Sistema de Salud.<\/p>\n\n\n\n<p>Por su parte, el Consejero Regional, Mauricio Valderrama, integrante del nuevo Comit\u00e9 Central Regional, ex seremi de Gobierno y ex presidente regional del PS, valor\u00f3 el momento pol\u00edtico. \u00abEl Partido Socialista enfrenta desaf\u00edos hist\u00f3ricos. Debemos ser capaces de construir una colectividad moderna, conectada con las demandas sociales y que ponga en el centro a los trabajadores y al empleo. Queremos ser un puente entre la militancia y una visi\u00f3n de pa\u00eds m\u00e1s justo, equitativo y seguro.\u00bb<\/p>\n\n\n\n<p>En tanto, Alba Gallardo, ex gobernadora de Cachapoal y ex directora del Servicio Nacional del Adulto Mayor, electa con 233 votos como miembro del Comit\u00e9 Central Regional, reafirm\u00f3 su compromiso con el fortalecimiento del PS en la zona. \u00abNuestro rol ser\u00e1 articular a todas las comunas de O&#8217;Higgins, consolidar al Partido Socialista como eje del centro y la izquierda democr\u00e1tica, y trabajar desde los territorios para frenar el avance de la derecha extrema. Queremos una regi\u00f3n con igualdad, seguridad, equidad para hombres y mujeres, y para eso necesitamos un partido fortalecido, presente y unido.\u00bb<\/p>\n\n\n\n<p>Con miras al futuro pr\u00f3ximo, el Partido Socialista asume el compromiso de proyectarse hacia los nuevos desaf\u00edos presidenciales y parlamentarios con una profunda conexi\u00f3n con las urgencias del pa\u00eds. Las prioridades ciudadanas son claras: seguridad p\u00fablica, empleos dignos, acceso a la salud, contenci\u00f3n econ\u00f3mica para las familias, y una pol\u00edtica que escuche, di\u00e1logo y que proponga con sentido de justicia social.<\/p>\n\n\n\n<p>En este nuevo Comit\u00e9 Central, tambi\u00e9n se ratific\u00f3 la continuidad de la senadora por la regi\u00f3n del Maule, Paulina Vodanovic, como presidenta del partido y fue proclamada precandidata presidencial.<\/p>\n","protected":false},"excerpt":{"rendered":"Con una profunda vocaci\u00f3n territorial y un compromiso con la justicia social, las nuevas autoridades asumen el desaf\u00edo&hellip;\n","protected":false},"author":1,"featured_media":2569,"comment_status":"open","ping_status":"open","sticky":false,"template":"","format":"standard","meta":{"_monsterinsights_skip_tracking":false,"_monsterinsights_sitenote_active":false,"_monsterinsights_sitenote_note":"","_monsterinsights_sitenote_category":0,"footnotes":""},"categories":[11,8],"tags":[],"class_list":{"0":"post-2568","1":"post","2":"type-post","3":"status-publish","4":"format-standard","5":"has-post-thumbnail","7":"category-politica","8":"category-portada"},"aioseo_notices":[],"_links":{"self":[{"href":"https:\/\/www.rengoenlanoticia.cl\/prensa\/wp-json\/wp\/v2\/posts\/2568","targetHints":{"allow":["GET"]}}],"collection":[{"href":"https:\/\/www.rengoenlanoticia.cl\/prensa\/wp-json\/wp\/v2\/posts"}],"about":[{"href":"https:\/\/www.rengoenlanoticia.cl\/prensa\/wp-json\/wp\/v2\/types\/post"}],"author":[{"embeddable":true,"href":"https:\/\/www.rengoenlanoticia.cl\/prensa\/wp-json\/wp\/v2\/users\/1"}],"replies":[{"embeddable":true,"href":"https:\/\/www.rengoenlanoticia.cl\/prensa\/wp-json\/wp\/v2\/comments?post=2568"}],"version-history":[{"count":3,"href":"https:\/\/www.rengoenlanoticia.cl\/prensa\/wp-json\/wp\/v2\/posts\/2568\/revisions"}],"predecessor-version":[{"id":2572,"href":"https:\/\/www.rengoenlanoticia.cl\/prensa\/wp-json\/wp\/v2\/posts\/2568\/revisions\/2572"}],"wp:featuredmedia":[{"embeddable":true,"href":"https:\/\/www.rengoenlanoticia.cl\/prensa\/wp-json\/wp\/v2\/media\/2569"}],"wp:attachment":[{"href":"https:\/\/www.rengoenlanoticia.cl\/prensa\/wp-json\/wp\/v2\/media?parent=2568"}],"wp:term":[{"taxonomy":"category","embeddable":true,"href":"https:\/\/www.rengoenlanoticia.cl\/prensa\/wp-json\/wp\/v2\/categories?post=2568"},{"taxonomy":"post_tag","embeddable":true,"href":"https:\/\/www.rengoenlanoticia.cl\/prensa\/wp-json\/wp\/v2\/tags?post=2568"}],"curies":[{"name":"wp","href":"https:\/\/api.w.org\/{rel}","templated":true}]}}