{"id":2550,"date":"2025-04-12T01:17:27","date_gmt":"2025-04-12T01:17:27","guid":{"rendered":"https:\/\/www.rengoenlanoticia.cl\/prensa\/?p=2550"},"modified":"2025-04-12T01:17:29","modified_gmt":"2025-04-12T01:17:29","slug":"delegado-presidencial-regional-sobre-caso-de-nina-boliviana-en-rengo","status":"publish","type":"post","link":"https:\/\/www.rengoenlanoticia.cl\/prensa\/2025\/04\/12\/delegado-presidencial-regional-sobre-caso-de-nina-boliviana-en-rengo\/","title":{"rendered":"Delegado Presidencial Regional: Sobre\u00a0 Caso de ni\u00f1a Boliviana en Rengo"},"content":{"rendered":"\n<p>Ante la informaci\u00f3n difundida por diferentes medios de comunicaci\u00f3n respecto al caso de una ni\u00f1a boliviana que en julio de 2024 permanec\u00eda en un campamento ubicado en la comuna de Rengo, queremos destacar el trabajo desplegado por diferentes instituciones del Estado y la activaci\u00f3n oportuna de todos los protocolos existentes para brindarle, de forma inmediata, el cuidado y la protecci\u00f3n especializada que requer\u00eda.<\/p>\n\n\n\n<p>Es oportuno relevar que, una vez develada su condici\u00f3n de v\u00edctima de graves vulneraciones a sus derechos humanos, el Tribunal de Familia competente orden\u00f3 su ingres\u00f3 a una residencia del Servicio Nacional de Protecci\u00f3n Especializada a la Ni\u00f1ez y Adolescencia donde un equipo de profesionales la ha acompa\u00f1ado, desde julio de 2024, en su proceso de reparaci\u00f3n del da\u00f1o y restituci\u00f3n de derechos.<\/p>\n\n\n\n<p>Es importante se\u00f1alar que este caso ha movilizado a diferentes instituciones del Estado en un abordaje conjunto de las acciones y medidas tendientes a garantizar el bienestar y desarrollo integral de la ni\u00f1a, junto con avanzar en la regularizaci\u00f3n de su situaci\u00f3n migratoria.<\/p>\n\n\n\n<p>De forma paralela, es importante se\u00f1alar que en su oportunidad se pusieron todos los antecedentes ante los tribunales y el Ministerio P\u00fablico para que se persigan las responsabilidades penales en torno a hechos que son constitutivos de delito y que condenamos en\u00e9rgicamente.<\/p>\n\n\n\n<p>Asimismo, a trav\u00e9s de diferentes instituciones competentes en la protecci\u00f3n y representaci\u00f3n legal de ni\u00f1os, ni\u00f1as y adolescentes hemos realizado acciones legales y de sensibilizaci\u00f3n para evitar que, producto de la exposici\u00f3n medi\u00e1tica de estos repudiables hechos, se difunda masivamente informaci\u00f3n de la v\u00edctima que es car\u00e1cter confidencial y est\u00e1 protegida por nuestra legislaci\u00f3n y tratados internacionales suscritos.<\/p>\n","protected":false},"excerpt":{"rendered":"Ante la informaci\u00f3n difundida por diferentes medios de comunicaci\u00f3n respecto al caso de una ni\u00f1a boliviana que en&hellip;\n","protected":false},"author":1,"featured_media":2551,"comment_status":"open","ping_status":"open","sticky":false,"template":"","format":"standard","meta":{"_monsterinsights_skip_tracking":false,"_monsterinsights_sitenote_active":false,"_monsterinsights_sitenote_note":"","_monsterinsights_sitenote_category":0,"footnotes":""},"categories":[8],"tags":[],"class_list":{"0":"post-2550","1":"post","2":"type-post","3":"status-publish","4":"format-standard","5":"has-post-thumbnail","7":"category-portada"},"aioseo_notices":[],"_links":{"self":[{"href":"https:\/\/www.rengoenlanoticia.cl\/prensa\/wp-json\/wp\/v2\/posts\/2550","targetHints":{"allow":["GET"]}}],"collection":[{"href":"https:\/\/www.rengoenlanoticia.cl\/prensa\/wp-json\/wp\/v2\/posts"}],"about":[{"href":"https:\/\/www.rengoenlanoticia.cl\/prensa\/wp-json\/wp\/v2\/types\/post"}],"author":[{"embeddable":true,"href":"https:\/\/www.rengoenlanoticia.cl\/prensa\/wp-json\/wp\/v2\/users\/1"}],"replies":[{"embeddable":true,"href":"https:\/\/www.rengoenlanoticia.cl\/prensa\/wp-json\/wp\/v2\/comments?post=2550"}],"version-history":[{"count":3,"href":"https:\/\/www.rengoenlanoticia.cl\/prensa\/wp-json\/wp\/v2\/posts\/2550\/revisions"}],"predecessor-version":[{"id":2557,"href":"https:\/\/www.rengoenlanoticia.cl\/prensa\/wp-json\/wp\/v2\/posts\/2550\/revisions\/2557"}],"wp:featuredmedia":[{"embeddable":true,"href":"https:\/\/www.rengoenlanoticia.cl\/prensa\/wp-json\/wp\/v2\/media\/2551"}],"wp:attachment":[{"href":"https:\/\/www.rengoenlanoticia.cl\/prensa\/wp-json\/wp\/v2\/media?parent=2550"}],"wp:term":[{"taxonomy":"category","embeddable":true,"href":"https:\/\/www.rengoenlanoticia.cl\/prensa\/wp-json\/wp\/v2\/categories?post=2550"},{"taxonomy":"post_tag","embeddable":true,"href":"https:\/\/www.rengoenlanoticia.cl\/prensa\/wp-json\/wp\/v2\/tags?post=2550"}],"curies":[{"name":"wp","href":"https:\/\/api.w.org\/{rel}","templated":true}]}}