{"id":2534,"date":"2025-04-12T01:12:57","date_gmt":"2025-04-12T01:12:57","guid":{"rendered":"https:\/\/www.rengoenlanoticia.cl\/prensa\/?p=2534"},"modified":"2025-04-12T01:13:01","modified_gmt":"2025-04-12T01:13:01","slug":"consejeros-regionales-entregaron-su-apoyo-a-proyecto-embalse-bollenar","status":"publish","type":"post","link":"https:\/\/www.rengoenlanoticia.cl\/prensa\/2025\/04\/12\/consejeros-regionales-entregaron-su-apoyo-a-proyecto-embalse-bollenar\/","title":{"rendered":"CONSEJEROS REGIONALES ENTREGARON SU APOYO A PROYECTO \u201cEMBALSE BOLLENAR\u201d."},"content":{"rendered":"\n<p><\/p>\n\n\n\n<p>La Comisi\u00f3n de Infraestructura del Consejo Regional sesion\u00f3 en Rengo para reunirse con el Directorio de la Junta de Vigilancia del r\u00edo Claro, para conocer el estado del proyecto h\u00eddrico.<\/p>\n\n\n\n<p>Una jornada hist\u00f3rica se vivi\u00f3 en la oficina de la Junta de Vigilancia del r\u00edo Claro de Rengo, ya que la Comisi\u00f3n de Infraestructura del CORE sesion\u00f3 en sus dependencias, oportunidad para conocer el estado en que se encuentra el proyecto \u201cEmbalse Bollenar\u201d, iniciativa priorizada por el Gobierno e inserta en los planes de acci\u00f3n ante el cambio clim\u00e1tico.<\/p>\n\n\n\n<p>Alex Ram\u00edrez Ort\u00edz, Consejero y Presidente de la Comisi\u00f3n, fue el encargado de abrir la jornada de terreno para las autoridades regionales, dando el marco referencial de la iniciativa, indicando que \u201cla Comuna de Rengo es una zona eminentemente agr\u00edcola, donde el agua se ha transformado hist\u00f3ricamente, en el eje del desarrollo productivo, social y cultural de la comunidad. El uso eficiente del recurso h\u00eddrico ha permitido que Rengo mantenga la ruralidad, con procesos de crecimiento en infraestructura en esas comunidades, con buenos colegios p\u00fablicos, postas rurales bien equipadas, empleabilidad y procesos productivos. Lo que viene a significar un proyecto como Embalse Bollenar, es simplemente asegurar esta comunidad por los pr\u00f3ximos 50 a\u00f1os, esa es la importancia y el por qu\u00e9 es tan relevante que una organizaci\u00f3n bien constituida y de buenas pr\u00e1cticas de asociatividad como la Junta de Vigilancia se preocupe de invitarnos para contarnos sobre dicha iniciativa\u201d.<\/p>\n\n\n\n<p>Por su parte, el Presidente de la organizaci\u00f3n de usuarios de agua, \u00c1lvaro Paredes, se\u00f1al\u00f3 que la iniciativa es de larga data y que avanza en sus tiempos y procesos, pero que nos acercamos a las etapas relevantes y de decisiones concretas.<\/p>\n\n\n\n<p>Actualmente, el proyecto \u201cEmbalse Bollenar\u201d debiera comenzar los procesos de licitaci\u00f3n por parte de la Direcci\u00f3n de Obras Hidr\u00e1ulicas, de las etapas de Dise\u00f1o Final de Ingenier\u00eda y Estudio de Impacto Ambiental, ambos procesos deber\u00edan ser desarrollados de manera simult\u00e1nea y que representan el paso previo a la construcci\u00f3n.<\/p>\n\n\n\n<p>\u201cPara nosotros es muy relevantes recibirlos en nuestra casa, para contarles y mostrarles en terreno nuestra realidad. El requerimiento de agua nos ha mantenido unidos como comunidad, sabemos del uso responsable, sabemos sobre las prioridades, sabemos sobre el reparto eficiente. Nos hemos preparado en el tiempo para tener este embalse, sabemos de sus beneficios, es por eso que quisimos invitarlos para contarles de este gran proyecto para nuestra regi\u00f3n\u201d, se\u00f1al\u00f3 Paredes durante su presentaci\u00f3n.<\/p>\n\n\n\n<figure class=\"wp-block-image size-large\"><img loading=\"lazy\" decoding=\"async\" width=\"1024\" height=\"683\" src=\"https:\/\/www.rengoenlanoticia.cl\/prensa\/wp-content\/uploads\/2025\/04\/WhatsApp-Image-2025-04-11-at-19.51.25-1024x683.jpeg\" alt=\"\" class=\"wp-image-2546\" srcset=\"https:\/\/www.rengoenlanoticia.cl\/prensa\/wp-content\/uploads\/2025\/04\/WhatsApp-Image-2025-04-11-at-19.51.25-1024x683.jpeg 1024w, https:\/\/www.rengoenlanoticia.cl\/prensa\/wp-content\/uploads\/2025\/04\/WhatsApp-Image-2025-04-11-at-19.51.25-300x200.jpeg 300w, https:\/\/www.rengoenlanoticia.cl\/prensa\/wp-content\/uploads\/2025\/04\/WhatsApp-Image-2025-04-11-at-19.51.25-768x512.jpeg 768w, https:\/\/www.rengoenlanoticia.cl\/prensa\/wp-content\/uploads\/2025\/04\/WhatsApp-Image-2025-04-11-at-19.51.25-1536x1024.jpeg 1536w, https:\/\/www.rengoenlanoticia.cl\/prensa\/wp-content\/uploads\/2025\/04\/WhatsApp-Image-2025-04-11-at-19.51.25-110x73.jpeg 110w, https:\/\/www.rengoenlanoticia.cl\/prensa\/wp-content\/uploads\/2025\/04\/WhatsApp-Image-2025-04-11-at-19.51.25-200x133.jpeg 200w, https:\/\/www.rengoenlanoticia.cl\/prensa\/wp-content\/uploads\/2025\/04\/WhatsApp-Image-2025-04-11-at-19.51.25-380x253.jpeg 380w, https:\/\/www.rengoenlanoticia.cl\/prensa\/wp-content\/uploads\/2025\/04\/WhatsApp-Image-2025-04-11-at-19.51.25-255x170.jpeg 255w, https:\/\/www.rengoenlanoticia.cl\/prensa\/wp-content\/uploads\/2025\/04\/WhatsApp-Image-2025-04-11-at-19.51.25-550x367.jpeg 550w, https:\/\/www.rengoenlanoticia.cl\/prensa\/wp-content\/uploads\/2025\/04\/WhatsApp-Image-2025-04-11-at-19.51.25-800x533.jpeg 800w, https:\/\/www.rengoenlanoticia.cl\/prensa\/wp-content\/uploads\/2025\/04\/WhatsApp-Image-2025-04-11-at-19.51.25-1160x773.jpeg 1160w, https:\/\/www.rengoenlanoticia.cl\/prensa\/wp-content\/uploads\/2025\/04\/WhatsApp-Image-2025-04-11-at-19.51.25.jpeg 1599w\" sizes=\"auto, (max-width: 1024px) 100vw, 1024px\" \/><\/figure>\n\n\n\n<p>Posteriormente, las autoridades regionales fueron invitadas a terreno, para conocer el emplazamiento propuesto y los antecedentes geogr\u00e1ficos y datos t\u00e9cnicos arrojados tras el proceso de Estudio de Factibilidad, que fueron expuestos por los Directores Carlos Ort\u00edz y Felipe Lorenzoni.<\/p>\n\n\n\n<p>La jornada concluy\u00f3 con una declaraci\u00f3n de los Consejeros Regionales asistentes a la Comisi\u00f3n, en la que \u201creconocen y apoyan el avance de la iniciativa h\u00eddrica emplazada en la Comuna de Rengo\u201d.<\/p>\n\n\n\n<p>Los Consejeros Regionales que participaron fueron Alex Ram\u00edrez, Manuel Morales, Gerardo Contreras, Rosa Zaconni, Pedro Bustamante, Miguel Riveros y Luc\u00eda Mu\u00f1oz<\/p>\n","protected":false},"excerpt":{"rendered":"La Comisi\u00f3n de Infraestructura del Consejo Regional sesion\u00f3 en Rengo para reunirse con el Directorio de la Junta&hellip;\n","protected":false},"author":1,"featured_media":2547,"comment_status":"open","ping_status":"open","sticky":false,"template":"","format":"standard","meta":{"_monsterinsights_skip_tracking":false,"_monsterinsights_sitenote_active":false,"_monsterinsights_sitenote_note":"","_monsterinsights_sitenote_category":0,"footnotes":""},"categories":[8],"tags":[],"class_list":{"0":"post-2534","1":"post","2":"type-post","3":"status-publish","4":"format-standard","5":"has-post-thumbnail","7":"category-portada"},"aioseo_notices":[],"_links":{"self":[{"href":"https:\/\/www.rengoenlanoticia.cl\/prensa\/wp-json\/wp\/v2\/posts\/2534","targetHints":{"allow":["GET"]}}],"collection":[{"href":"https:\/\/www.rengoenlanoticia.cl\/prensa\/wp-json\/wp\/v2\/posts"}],"about":[{"href":"https:\/\/www.rengoenlanoticia.cl\/prensa\/wp-json\/wp\/v2\/types\/post"}],"author":[{"embeddable":true,"href":"https:\/\/www.rengoenlanoticia.cl\/prensa\/wp-json\/wp\/v2\/users\/1"}],"replies":[{"embeddable":true,"href":"https:\/\/www.rengoenlanoticia.cl\/prensa\/wp-json\/wp\/v2\/comments?post=2534"}],"version-history":[{"count":3,"href":"https:\/\/www.rengoenlanoticia.cl\/prensa\/wp-json\/wp\/v2\/posts\/2534\/revisions"}],"predecessor-version":[{"id":2553,"href":"https:\/\/www.rengoenlanoticia.cl\/prensa\/wp-json\/wp\/v2\/posts\/2534\/revisions\/2553"}],"wp:featuredmedia":[{"embeddable":true,"href":"https:\/\/www.rengoenlanoticia.cl\/prensa\/wp-json\/wp\/v2\/media\/2547"}],"wp:attachment":[{"href":"https:\/\/www.rengoenlanoticia.cl\/prensa\/wp-json\/wp\/v2\/media?parent=2534"}],"wp:term":[{"taxonomy":"category","embeddable":true,"href":"https:\/\/www.rengoenlanoticia.cl\/prensa\/wp-json\/wp\/v2\/categories?post=2534"},{"taxonomy":"post_tag","embeddable":true,"href":"https:\/\/www.rengoenlanoticia.cl\/prensa\/wp-json\/wp\/v2\/tags?post=2534"}],"curies":[{"name":"wp","href":"https:\/\/api.w.org\/{rel}","templated":true}]}}