{"id":2524,"date":"2025-04-11T17:03:07","date_gmt":"2025-04-11T17:03:07","guid":{"rendered":"https:\/\/www.rengoenlanoticia.cl\/prensa\/?p=2524"},"modified":"2025-04-11T17:03:09","modified_gmt":"2025-04-11T17:03:09","slug":"tras-caso-de-trata-de-nina-en-rengo-diputado-raul-soto-anuncia-proyecto-para-aumentar-penas-y-establecer-medidas-de-proteccion","status":"publish","type":"post","link":"https:\/\/www.rengoenlanoticia.cl\/prensa\/2025\/04\/11\/tras-caso-de-trata-de-nina-en-rengo-diputado-raul-soto-anuncia-proyecto-para-aumentar-penas-y-establecer-medidas-de-proteccion\/","title":{"rendered":"TRAS CASO DE TRATA DE NI\u00d1A EN RENGO: DIPUTADO RA\u00daL SOTO ANUNCIA PROYECTO PARA AUMENTAR PENAS Y ESTABLECER MEDIDAS DE PROTECCI\u00d3N"},"content":{"rendered":"\n<ul class=\"wp-block-list\">\n<li>La iniciativa busca que quienes cometan este tipo de delitos contra ni\u00f1os, ni\u00f1as y adolescentes cumplan una pena de entre los 15 y los 20 a\u00f1os.<\/li>\n\n\n\n<li>\u201cLo ocurrido en Rengo nos debe estremecer como pa\u00eds y como sistema pol\u00edtico debemos reaccionar\u201d, dice el parlamentario por el distrito 15.<\/li>\n<\/ul>\n\n\n\n<p> Luego de que se diera a conocer que una menor de ocho a\u00f1os de nacionalidad boliviana fue vendida y era obligada a realizar trabajos forzados en la comuna de Rengo, Regi\u00f3n de O&#8217;Higgins, el diputado Ra\u00fal Soto (PPD) anunci\u00f3 el ingreso de un proyecto de ley para aumentar las penas a quienes cometan trata de personas contra ni\u00f1os, ni\u00f1as y adolescentes, adem\u00e1s de establecer medidas obligatorias de protecci\u00f3n para v\u00edctimas.<\/p>\n\n\n\n<p>\u201cLa trata de persona es una de las formas m\u00e1s crueles de vulneraci\u00f3n de derechos humanos. Cuando la v\u00edctima es una ni\u00f1a, ni\u00f1o o adolescente, y m\u00e1s a\u00fan si se encuentra en situaci\u00f3n migratoria irregular, el impacto es doblemente devastador. Lo ocurrido en Rengo nos debe estremecer como pa\u00eds y como sistema pol\u00edtico debemos reaccionar\u201d, explicita el diputado Soto, quien es representante del distrito 15.<\/p>\n\n\n\n<p>En concreto, la iniciativa trata de una modificaci\u00f3n a C\u00f3digo Penal en relaci\u00f3n a la tipificaci\u00f3n del delito de trata de personas, y con ello se busca que cuando la v\u00edctima sea un ni\u00f1o, ni\u00f1a o adolescente, la pena sea de presidio mayor en su grado m\u00e1ximo (15 a\u00f1os y 1 d\u00eda a 20 a\u00f1os), a presidio perpetuo calificado (40 a\u00f1os).<\/p>\n\n\n\n<p>Adem\u00e1s, el proyecto busca que en caso de v\u00edctimas menores de edad se deber\u00e1n otorgar medidas de protecci\u00f3n tales como el ingreso a programas de acogida especializada, atenci\u00f3n m\u00e9dica y psicol\u00f3gica, regularizaci\u00f3n migratoria cuando corresponda, y representaci\u00f3n jur\u00eddica por parte del Estado.<\/p>\n","protected":false},"excerpt":{"rendered":"Luego de que se diera a conocer que una menor de ocho a\u00f1os de nacionalidad boliviana fue vendida&hellip;\n","protected":false},"author":1,"featured_media":2527,"comment_status":"open","ping_status":"open","sticky":false,"template":"","format":"standard","meta":{"_monsterinsights_skip_tracking":false,"_monsterinsights_sitenote_active":false,"_monsterinsights_sitenote_note":"","_monsterinsights_sitenote_category":0,"footnotes":""},"categories":[11,8],"tags":[],"class_list":{"0":"post-2524","1":"post","2":"type-post","3":"status-publish","4":"format-standard","5":"has-post-thumbnail","7":"category-politica","8":"category-portada"},"aioseo_notices":[],"_links":{"self":[{"href":"https:\/\/www.rengoenlanoticia.cl\/prensa\/wp-json\/wp\/v2\/posts\/2524","targetHints":{"allow":["GET"]}}],"collection":[{"href":"https:\/\/www.rengoenlanoticia.cl\/prensa\/wp-json\/wp\/v2\/posts"}],"about":[{"href":"https:\/\/www.rengoenlanoticia.cl\/prensa\/wp-json\/wp\/v2\/types\/post"}],"author":[{"embeddable":true,"href":"https:\/\/www.rengoenlanoticia.cl\/prensa\/wp-json\/wp\/v2\/users\/1"}],"replies":[{"embeddable":true,"href":"https:\/\/www.rengoenlanoticia.cl\/prensa\/wp-json\/wp\/v2\/comments?post=2524"}],"version-history":[{"count":3,"href":"https:\/\/www.rengoenlanoticia.cl\/prensa\/wp-json\/wp\/v2\/posts\/2524\/revisions"}],"predecessor-version":[{"id":2531,"href":"https:\/\/www.rengoenlanoticia.cl\/prensa\/wp-json\/wp\/v2\/posts\/2524\/revisions\/2531"}],"wp:featuredmedia":[{"embeddable":true,"href":"https:\/\/www.rengoenlanoticia.cl\/prensa\/wp-json\/wp\/v2\/media\/2527"}],"wp:attachment":[{"href":"https:\/\/www.rengoenlanoticia.cl\/prensa\/wp-json\/wp\/v2\/media?parent=2524"}],"wp:term":[{"taxonomy":"category","embeddable":true,"href":"https:\/\/www.rengoenlanoticia.cl\/prensa\/wp-json\/wp\/v2\/categories?post=2524"},{"taxonomy":"post_tag","embeddable":true,"href":"https:\/\/www.rengoenlanoticia.cl\/prensa\/wp-json\/wp\/v2\/tags?post=2524"}],"curies":[{"name":"wp","href":"https:\/\/api.w.org\/{rel}","templated":true}]}}