{"id":2519,"date":"2025-04-11T16:35:13","date_gmt":"2025-04-11T16:35:13","guid":{"rendered":"https:\/\/www.rengoenlanoticia.cl\/prensa\/?p=2519"},"modified":"2025-04-11T16:35:18","modified_gmt":"2025-04-11T16:35:18","slug":"hospital-de-rengo-presenta-al-nuevo-jefe-de-la-unidad-asistencial-docente-e-investigacion","status":"publish","type":"post","link":"https:\/\/www.rengoenlanoticia.cl\/prensa\/2025\/04\/11\/hospital-de-rengo-presenta-al-nuevo-jefe-de-la-unidad-asistencial-docente-e-investigacion\/","title":{"rendered":"Hospital de Rengo presenta al nuevo jefe de la Unidad Asistencial Docente e Investigaci\u00f3n"},"content":{"rendered":"\n<p>\u00b7\u00a0Se trata del M\u00e9dico Cirujano de la Universidad estatal de Guayaquil en Ecuador, con formaci\u00f3n en urgencia Pedi\u00e1trica de la Universidad del Desarrollo y del Hospital de Ni\u00f1os de Filadelfia, Dr. Luis Salavarr\u00eda Zamora.<\/p>\n\n\n\n<p>Contribuir al desarrollo acad\u00e9mico de los estudiantes en pr\u00e1ctica, fortaleciendo los v\u00ednculos entre el Hospital de Rengo y los centros de formaci\u00f3n, adem\u00e1s de impulsar la capacitaci\u00f3n y la investigaci\u00f3n para reducir la brecha de profesionales en salud, es parte del trabajo que lidera la Unidad Asistencial Docente e Investigaci\u00f3n, bajo la jefatura del Dr. Luis Salavarr\u00eda Zamora, m\u00e9dico cirujano formado en la Universidad Estatal de Guayaquil, con especializaci\u00f3n en Urgencia Pedi\u00e1trica en la Universidad del Desarrollo y el Hospital de Ni\u00f1os de Filadelfia.<\/p>\n\n\n\n<p>Al respecto, la directora del Hospital de Rengo, Margarita Yercic Bravo se\u00f1al\u00f3 que \u201cla Unidad Asistencial Docente e Investigaci\u00f3n cumple un rol fundamental en el recinto hospitalario, ya que fomenta el v\u00ednculo entre la ense\u00f1anza te\u00f3rica y la pr\u00e1ctica cl\u00ednica, al permitir a los estudiantes poner en pr\u00e1ctica los conocimientos adquiridos en un entorno real y supervisado, garantizando la calidad de la atenci\u00f3n. Contribuyendo a su vocaci\u00f3n de servicio, al conocer casos reales de pacientes que necesitan a los futuros profesionales de la salud, pensando tambi\u00e9n en que pueden desempe\u00f1arse en el nuevo hospital. para Rengo y la Carretera de la Fruta\u201d.<\/p>\n\n\n\n<p>En este sentido, el nuevo jefe de la Unidad Asistencial Docente e Investigaci\u00f3n, Dr. Luis Salavarr\u00eda Zamora, parte relatando su arribo a nuestra patria indicando que \u201cllegu\u00e9 el 22 de marzo del a\u00f1o 1995, ya tengo 30 a\u00f1os, porque el pa\u00eds de uno es donde elige vivir, no siempre es donde uno nace y decidi\u00f3 vivir en Chile. Mi formaci\u00f3n ha sido en hospitales de la talla del Cl\u00ednico San Borja Arriar\u00e1n, en los Servicios de Pediatr\u00eda y Urgencia; Hospital Luis Calvo Mackenna, en el Servicio de Urgencia; Hospital Roberto del R\u00edo, Servicio de Urgencia y trabaj\u00f3 en instituciones p\u00fablicas y privadas, siempre en servicio de urgencia pedi\u00e1trico\u201d.<\/p>\n\n\n\n<p>Respecto a la docencia se\u00f1al\u00f3 que \u00absoy profesor de varias universidades, empec\u00e9 en la Universidad de Chile para los internos de medicina, luego para el posgrado de pediatr\u00eda en su pasant\u00eda por el servicio de urgencia. He trabajado en universidades como Andr\u00e9s Bello, San Sebasti\u00e1n, Universidad SEK Internacional, la antigua Universidad del Mar, actualmente en la Universidad Bernardo O&#8217;Higgins en las carreras de medicina, kinesiolog\u00eda y enfermer\u00eda, est\u00e1s \u00faltimas carreras me han ayudado mucho a ver la medicina de manera hol\u00edstica y no solamente desde el punto de vista del m\u00e9dico\u201d.<\/p>\n\n\n\n<p><strong>Relaci\u00f3n con la Comunidad<\/strong><\/p>\n\n\n\n<p>El Dr. Luis Salavarr\u00eda se refiere al v\u00ednculo que debe existir con los usuarios, manifestando que \u00abqueremos contar no solamente con un ambiente acad\u00e9mico sino tambi\u00e9n realizar mucho v\u00ednculo con la comunidad, transmitiendo dicha instancia acad\u00e9mica a los m\u00e9dicos municipales y educar a nuestros usuarios en instancias de salud que pueden ayudar a la prevenci\u00f3n ya la promoci\u00f3n de vida saludable. El m\u00e9dico, el personal de salud, el personal no m\u00e9dico, son entes que est\u00e1n en constante formaci\u00f3n, adecuada al cambio de los tiempos, a los paradigmas de la salud p\u00fablica, puesto que en este momento no es s\u00f3lo la medicina curativa sino tambi\u00e9n preventiva, pero tambi\u00e9n asociada a las necesidades de nuestra regi\u00f3n\u201d.<\/p>\n\n\n\n<p><strong>Mensaje al futuro personal de salud<\/strong><\/p>\n\n\n\n<p>Sobre los futuros estudiantes que realizar\u00e1n sus internados en el recinto hospitalario, el Dr. Salavarria les envi\u00f3 un mensaje diciendo que \u00aba nuestra juventud, les dir\u00eda que los invitamos a realizar sus internados en el Hospital de Rengo, puesto que tenemos la capacidad para formar y conformar l\u00edderes, entregando herramientas para que desarrollen su labor con calidad y seguridad. Adem\u00e1s, d\u00edgales que la comunidad de Rengo y la de la fruta los necesita, Carretera pensando en el futuro hospital, ya que tendremos una gran necesidad de recursos humanos, con una proyecci\u00f3n de m\u00e1s de 250 camas Por lo tanto, queremos ofrecer un sistema laboral que vaya de la mano con la educaci\u00f3n m\u00e9dica continua, para que se vea reflejado en la entrega de una mejor atenci\u00f3n a la comunidad\u201d.<\/p>\n","protected":false},"excerpt":{"rendered":"\u00b7\u00a0Se trata del M\u00e9dico Cirujano de la Universidad estatal de Guayaquil en Ecuador, con formaci\u00f3n en urgencia Pedi\u00e1trica&hellip;\n","protected":false},"author":1,"featured_media":2520,"comment_status":"open","ping_status":"open","sticky":false,"template":"","format":"standard","meta":{"_monsterinsights_skip_tracking":false,"_monsterinsights_sitenote_active":false,"_monsterinsights_sitenote_note":"","_monsterinsights_sitenote_category":0,"footnotes":""},"categories":[8],"tags":[],"class_list":{"0":"post-2519","1":"post","2":"type-post","3":"status-publish","4":"format-standard","5":"has-post-thumbnail","7":"category-portada"},"aioseo_notices":[],"_links":{"self":[{"href":"https:\/\/www.rengoenlanoticia.cl\/prensa\/wp-json\/wp\/v2\/posts\/2519","targetHints":{"allow":["GET"]}}],"collection":[{"href":"https:\/\/www.rengoenlanoticia.cl\/prensa\/wp-json\/wp\/v2\/posts"}],"about":[{"href":"https:\/\/www.rengoenlanoticia.cl\/prensa\/wp-json\/wp\/v2\/types\/post"}],"author":[{"embeddable":true,"href":"https:\/\/www.rengoenlanoticia.cl\/prensa\/wp-json\/wp\/v2\/users\/1"}],"replies":[{"embeddable":true,"href":"https:\/\/www.rengoenlanoticia.cl\/prensa\/wp-json\/wp\/v2\/comments?post=2519"}],"version-history":[{"count":2,"href":"https:\/\/www.rengoenlanoticia.cl\/prensa\/wp-json\/wp\/v2\/posts\/2519\/revisions"}],"predecessor-version":[{"id":2523,"href":"https:\/\/www.rengoenlanoticia.cl\/prensa\/wp-json\/wp\/v2\/posts\/2519\/revisions\/2523"}],"wp:featuredmedia":[{"embeddable":true,"href":"https:\/\/www.rengoenlanoticia.cl\/prensa\/wp-json\/wp\/v2\/media\/2520"}],"wp:attachment":[{"href":"https:\/\/www.rengoenlanoticia.cl\/prensa\/wp-json\/wp\/v2\/media?parent=2519"}],"wp:term":[{"taxonomy":"category","embeddable":true,"href":"https:\/\/www.rengoenlanoticia.cl\/prensa\/wp-json\/wp\/v2\/categories?post=2519"},{"taxonomy":"post_tag","embeddable":true,"href":"https:\/\/www.rengoenlanoticia.cl\/prensa\/wp-json\/wp\/v2\/tags?post=2519"}],"curies":[{"name":"wp","href":"https:\/\/api.w.org\/{rel}","templated":true}]}}