{"id":2502,"date":"2025-04-11T16:21:56","date_gmt":"2025-04-11T16:21:56","guid":{"rendered":"https:\/\/www.rengoenlanoticia.cl\/prensa\/?p=2502"},"modified":"2025-04-11T16:21:58","modified_gmt":"2025-04-11T16:21:58","slug":"joven-fue-detenido-por-amenazas-carabineros-encontro-droga-en-el-interior-del-automovil","status":"publish","type":"post","link":"https:\/\/www.rengoenlanoticia.cl\/prensa\/2025\/04\/11\/joven-fue-detenido-por-amenazas-carabineros-encontro-droga-en-el-interior-del-automovil\/","title":{"rendered":"Joven fue detenido por amenazas, Carabineros encontr\u00f3 droga en el interior del autom\u00f3vil"},"content":{"rendered":"\n<p><\/p>\n\n\n\n<p>En patrullajes preventivos Carabineros de la Subcomisar\u00eda Chimbarongo fiscaliz\u00f3 un veh\u00edculo en la intersecci\u00f3n de Calle Valent\u00edn Letelier con Pasaje Tacna, encontrando en su interior 2 municiones en su cargador, 16 bolsas contenedoras coca\u00edna, 4 pastillas de \u00e9xtasis y $1.133.500 en efectivo (billetes y monedas), procediendo a su detenci\u00f3n. Estableciendo adem\u00e1s que el individuo, chileno, de 23 a\u00f1os de edad, sin antecedentes policiales, correspond\u00eda a quien momentos antes hab\u00eda realizado amenazas de muerte con un arma de fuego a una persona. El veh\u00edculo en el que se movilizaba no mantiene encargo vigente.<\/p>\n\n\n\n<p><\/p>\n","protected":false},"excerpt":{"rendered":"En patrullajes preventivos Carabineros de la Subcomisar\u00eda Chimbarongo fiscaliz\u00f3 un veh\u00edculo en la intersecci\u00f3n de Calle Valent\u00edn Letelier&hellip;\n","protected":false},"author":1,"featured_media":2511,"comment_status":"open","ping_status":"open","sticky":false,"template":"","format":"standard","meta":{"_monsterinsights_skip_tracking":false,"_monsterinsights_sitenote_active":false,"_monsterinsights_sitenote_note":"","_monsterinsights_sitenote_category":0,"footnotes":""},"categories":[5,11],"tags":[],"class_list":{"0":"post-2502","1":"post","2":"type-post","3":"status-publish","4":"format-standard","5":"has-post-thumbnail","7":"category-policial","8":"category-politica"},"aioseo_notices":[],"_links":{"self":[{"href":"https:\/\/www.rengoenlanoticia.cl\/prensa\/wp-json\/wp\/v2\/posts\/2502","targetHints":{"allow":["GET"]}}],"collection":[{"href":"https:\/\/www.rengoenlanoticia.cl\/prensa\/wp-json\/wp\/v2\/posts"}],"about":[{"href":"https:\/\/www.rengoenlanoticia.cl\/prensa\/wp-json\/wp\/v2\/types\/post"}],"author":[{"embeddable":true,"href":"https:\/\/www.rengoenlanoticia.cl\/prensa\/wp-json\/wp\/v2\/users\/1"}],"replies":[{"embeddable":true,"href":"https:\/\/www.rengoenlanoticia.cl\/prensa\/wp-json\/wp\/v2\/comments?post=2502"}],"version-history":[{"count":3,"href":"https:\/\/www.rengoenlanoticia.cl\/prensa\/wp-json\/wp\/v2\/posts\/2502\/revisions"}],"predecessor-version":[{"id":2514,"href":"https:\/\/www.rengoenlanoticia.cl\/prensa\/wp-json\/wp\/v2\/posts\/2502\/revisions\/2514"}],"wp:featuredmedia":[{"embeddable":true,"href":"https:\/\/www.rengoenlanoticia.cl\/prensa\/wp-json\/wp\/v2\/media\/2511"}],"wp:attachment":[{"href":"https:\/\/www.rengoenlanoticia.cl\/prensa\/wp-json\/wp\/v2\/media?parent=2502"}],"wp:term":[{"taxonomy":"category","embeddable":true,"href":"https:\/\/www.rengoenlanoticia.cl\/prensa\/wp-json\/wp\/v2\/categories?post=2502"},{"taxonomy":"post_tag","embeddable":true,"href":"https:\/\/www.rengoenlanoticia.cl\/prensa\/wp-json\/wp\/v2\/tags?post=2502"}],"curies":[{"name":"wp","href":"https:\/\/api.w.org\/{rel}","templated":true}]}}