{"id":2498,"date":"2025-04-11T16:24:29","date_gmt":"2025-04-11T16:24:29","guid":{"rendered":"https:\/\/www.rengoenlanoticia.cl\/prensa\/?p=2498"},"modified":"2025-04-11T16:24:36","modified_gmt":"2025-04-11T16:24:36","slug":"corporacion-pro-ohiggins-invita-a-su-cuenta-publica-transparencia-y-compromiso-con-el-desarrollo-regional-sostenible","status":"publish","type":"post","link":"https:\/\/www.rengoenlanoticia.cl\/prensa\/2025\/04\/11\/corporacion-pro-ohiggins-invita-a-su-cuenta-publica-transparencia-y-compromiso-con-el-desarrollo-regional-sostenible\/","title":{"rendered":"Corporaci\u00f3n Pro O\u2019Higgins invita a su Cuenta P\u00fablica: transparencia y compromiso con el desarrollo regional sostenible"},"content":{"rendered":"\n<p>La actividad se realizar\u00e1 el pr\u00f3ximo mi\u00e9rcoles 16 de abril a las 11:30 horas en el Hotel Piedra Verde, ubicado en Las Higueras 119, comuna de Machal\u00ed.<\/p>\n\n\n\n<p>En un acto de transparencia y compromiso con la comunidad, <strong>Corporaci\u00f3n Pro O\u2019Higgins<\/strong> invita a la ciudadan\u00eda, empresas y actores del ecosistema regional a participar en la <strong>Cuenta P\u00fablica de Gesti\u00f3n 2024<\/strong>, donde se presentar\u00e1n los principales hitos, avances y desaf\u00edos del \u00faltimo a\u00f1o.<\/p>\n\n\n\n<p>La actividad se realizar\u00e1 el pr\u00f3ximo <strong>mi\u00e9rcoles 16 de abril a las 11:30 horas en el Hotel Piedra Verde, ubicado en Las Higueras 119, comuna de Machal\u00ed<\/strong>.<\/p>\n\n\n\n<p>Este espacio ser\u00e1 una valiosa oportunidad para compartir los logros alcanzados, reflexionar sobre el impacto del trabajo colaborativo y renovar el compromiso con el desarrollo sostenible de la Regi\u00f3n de O\u2019Higgins.<\/p>\n\n\n\n<p><em>\u201cQueremos que esta Cuenta P\u00fablica sea una instancia abierta y cercana, donde los actores que han sido parte de este camino puedan conocer el impacto de lo que hacemos juntos y c\u00f3mo hemos crecido con perseverancia\u201d, <\/em>se\u00f1al\u00f3 <strong>Braulio Guzm\u00e1n, gerente general de Corporaci\u00f3n Pro O\u2019Higgins<\/strong>.<\/p>\n\n\n\n<p>Este espacio ser\u00e1 el escenario para compartir el avance obtenido en los programas que hacen parte de los pilares estrat\u00e9gicos de emprendimiento e innovaci\u00f3n, educaci\u00f3n y colaboraci\u00f3n empresarial; ejecuciones a trav\u00e9s de las cuales las empresas socias de Pro O\u2019Higgins brindan nuevas oportunidades de progreso a la regi\u00f3n y a su gente.<\/p>\n\n\n\n<p><strong>La invitaci\u00f3n es abierta, pero requiere inscripci\u00f3n previa<\/strong> a trav\u00e9s del siguiente enlace:<br>&#x1f449; <a href=\"https:\/\/forms.gle\/RqtD2mHC6KHr8vGV8\">https:\/\/forms.gle\/RqtD2mHC6KHr8vGV8<\/a><\/p>\n\n\n\n<p><em>\u201cEn Pro O\u2019Higgins creemos firmemente que la transparencia y la colaboraci\u00f3n son claves para el desarrollo sostenible de nuestra regi\u00f3n, por eso invitamos a todas las personas, organizaciones y empresas a sumarse a nuestra Cuenta P\u00fablica\u201d,<\/em> concluy\u00f3 el gerente general de Pro O\u2019Higgins.<\/p>\n","protected":false},"excerpt":{"rendered":"La actividad se realizar\u00e1 el pr\u00f3ximo mi\u00e9rcoles 16 de abril a las 11:30 horas en el Hotel Piedra&hellip;\n","protected":false},"author":1,"featured_media":2503,"comment_status":"open","ping_status":"open","sticky":false,"template":"","format":"standard","meta":{"_monsterinsights_skip_tracking":false,"_monsterinsights_sitenote_active":false,"_monsterinsights_sitenote_note":"","_monsterinsights_sitenote_category":0,"footnotes":""},"categories":[8],"tags":[],"class_list":{"0":"post-2498","1":"post","2":"type-post","3":"status-publish","4":"format-standard","5":"has-post-thumbnail","7":"category-portada"},"aioseo_notices":[],"_links":{"self":[{"href":"https:\/\/www.rengoenlanoticia.cl\/prensa\/wp-json\/wp\/v2\/posts\/2498","targetHints":{"allow":["GET"]}}],"collection":[{"href":"https:\/\/www.rengoenlanoticia.cl\/prensa\/wp-json\/wp\/v2\/posts"}],"about":[{"href":"https:\/\/www.rengoenlanoticia.cl\/prensa\/wp-json\/wp\/v2\/types\/post"}],"author":[{"embeddable":true,"href":"https:\/\/www.rengoenlanoticia.cl\/prensa\/wp-json\/wp\/v2\/users\/1"}],"replies":[{"embeddable":true,"href":"https:\/\/www.rengoenlanoticia.cl\/prensa\/wp-json\/wp\/v2\/comments?post=2498"}],"version-history":[{"count":3,"href":"https:\/\/www.rengoenlanoticia.cl\/prensa\/wp-json\/wp\/v2\/posts\/2498\/revisions"}],"predecessor-version":[{"id":2518,"href":"https:\/\/www.rengoenlanoticia.cl\/prensa\/wp-json\/wp\/v2\/posts\/2498\/revisions\/2518"}],"wp:featuredmedia":[{"embeddable":true,"href":"https:\/\/www.rengoenlanoticia.cl\/prensa\/wp-json\/wp\/v2\/media\/2503"}],"wp:attachment":[{"href":"https:\/\/www.rengoenlanoticia.cl\/prensa\/wp-json\/wp\/v2\/media?parent=2498"}],"wp:term":[{"taxonomy":"category","embeddable":true,"href":"https:\/\/www.rengoenlanoticia.cl\/prensa\/wp-json\/wp\/v2\/categories?post=2498"},{"taxonomy":"post_tag","embeddable":true,"href":"https:\/\/www.rengoenlanoticia.cl\/prensa\/wp-json\/wp\/v2\/tags?post=2498"}],"curies":[{"name":"wp","href":"https:\/\/api.w.org\/{rel}","templated":true}]}}