{"id":2481,"date":"2025-04-11T16:01:13","date_gmt":"2025-04-11T16:01:13","guid":{"rendered":"https:\/\/www.rengoenlanoticia.cl\/prensa\/?p=2481"},"modified":"2025-04-11T16:01:16","modified_gmt":"2025-04-11T16:01:16","slug":"comienza-proceso-de-instalacion-de-servicios-locales-de-educacion-publica-en-ohiggins","status":"publish","type":"post","link":"https:\/\/www.rengoenlanoticia.cl\/prensa\/2025\/04\/11\/comienza-proceso-de-instalacion-de-servicios-locales-de-educacion-publica-en-ohiggins\/","title":{"rendered":"Comienza proceso de instalaci\u00f3n de Servicios Locales de Educaci\u00f3n P\u00fablica en O\u00b4Higgins"},"content":{"rendered":"\n<p><em>Con los alcaldes de las comunas que conformar\u00e1n el segundo SLEP en la regi\u00f3n (Cachapoal Costa, compuesto por las comunas de Las Cabras, Peumo, Pichidegua y San Vicente) se dio inicio al ciclo de reuniones con los jefes comunales, departamentos de educaci\u00f3n municipal y corporaciones, acci\u00f3n que est\u00e1 impulsando la secretaria regional ministerial de la cartera, Alyson Hadad, en conjunto con la DEP, Divisi\u00f3n de Educaci\u00f3n P\u00fablica.<\/em><\/p>\n\n\n\n<p>Dar a conocer los principales elementos de la Ley 21.040 y las etapas del proceso de instalaci\u00f3n de los Servicios Locales de Educaci\u00f3n P\u00fablica, fue el objetivo de este primer encuentro que abarc\u00f3 las comunas asociadas al SLEP Cachapoal Costa \u2013 San Vicente, Peumo, Las Cabras y Pichidegua \u2013 y Servicio Local Cachapoal Norte, conformado por las comunas de Rancagua, Graneros, Machal\u00ed, Mostazal y Olivar.<\/p>\n\n\n\n<p>De acuerdo con el calendario establecido por el MINEDUC, la primera etapa corresponde al proceso de Anticipaci\u00f3n (marzo a diciembre de 2025), Funcionamiento (2026-2027) y Traspaso a contar del 1\u00b0 de enero del 2026.<\/p>\n\n\n\n<p>En sus palabras de bienvenida, la seremi de Educaci\u00f3n de la Regi\u00f3n de O\u00b4Higgins, Alyson Hadad, indic\u00f3:<\/p>\n\n\n\n<p>\u201cCon la puesta en marcha de la Nueva Educaci\u00f3n P\u00fablica se crean los Servicios Locales de Educaci\u00f3n, nueva instituci\u00f3n que deja atr\u00e1s a las municipalidades como organismos responsables de entregar educaci\u00f3n a m\u00e1s de un mill\u00f3n de ni\u00f1os, ni\u00f1as, adolescentes y adultos del pa\u00eds. Se trata de una de las reformas m\u00e1s significativas que ha vivido la educaci\u00f3n p\u00fablica chilena en su historia, que gradualmente pondr\u00e1 en manos de especialistas un sistema educativo, descentralizados, que por d\u00e9cadas estuvo a cargo de las municipalidades y sus corporaciones\u201d.<\/p>\n\n\n\n<p>Desde hoy y hasta abarcar todos los territorios, los sostenedores (municipios), deber\u00e1n realizar una serie de acciones antes de continuar; emisi\u00f3n de decreto alcaldicio que traspasa los servicios educacionales al SLEP, conformaci\u00f3n de un equipo t\u00e9cnico y finalmente, la instalaci\u00f3n del Comit\u00e9 Directivo Local.<\/p>\n\n\n\n<p>Ferm\u00edn Carre\u00f1o, alcalde de Peumo y representante de los alcaldes del SLEP Cachapoal Costa, manifest\u00f3: \u201cEsta ha sido la primera reuni\u00f3n que hemos llevado a cabo con los representantes de los Servicios Locales a nivel nacional, con nuestra seremi de Educaci\u00f3n, equipo directivo, jefes de los departamentos de educaci\u00f3n del SLEP Cachapoal Costa y estamos de verdad muy contento porque nos vamos satisfechos porque en realidad escuchamos cosas muy importantes, como por ejemplo, que se va permitir que las personas que hoy est\u00e1n trabajando en los distintos establecimientos educacionales , departamentos de educaci\u00f3n o corporaciones, tambi\u00e9n podr\u00e1n postular a esta creaci\u00f3n de cargos que corresponde aproximadamente a 80 plazas que se van a quedar en el nuevo SLEP de este territorio\u201d.<\/p>\n\n\n\n<p><strong><u>Nueva Educaci\u00f3n P\u00fablica<\/u><\/strong><\/p>\n\n\n\n<p>Durante la tarde, fue el turno del encuentro con los alcaldes integrantes del SLEP Cachapoal Norte: Rancagua, Codegua, Graneros, Machal\u00ed, Mostazal y Olivar.<\/p>\n\n\n\n<p>Las tem\u00e1ticas abordadas en dichos encuentras, se encuentran focalizadas en informar respecto del marco general del proceso de implementaci\u00f3n, avances y desaf\u00edos, las etapas de instalaci\u00f3n, fechas para que las comunas lleven a cabo las acciones a realizar; adem\u00e1s del acompa\u00f1amiento transversal desde la DEP a las\/os sostenedores.<\/p>\n","protected":false},"excerpt":{"rendered":"Con los alcaldes de las comunas que conformar\u00e1n el segundo SLEP en la regi\u00f3n (Cachapoal Costa, compuesto por&hellip;\n","protected":false},"author":1,"featured_media":2482,"comment_status":"open","ping_status":"open","sticky":false,"template":"","format":"standard","meta":{"_monsterinsights_skip_tracking":false,"_monsterinsights_sitenote_active":false,"_monsterinsights_sitenote_note":"","_monsterinsights_sitenote_category":0,"footnotes":""},"categories":[8],"tags":[],"class_list":{"0":"post-2481","1":"post","2":"type-post","3":"status-publish","4":"format-standard","5":"has-post-thumbnail","7":"category-portada"},"aioseo_notices":[],"_links":{"self":[{"href":"https:\/\/www.rengoenlanoticia.cl\/prensa\/wp-json\/wp\/v2\/posts\/2481","targetHints":{"allow":["GET"]}}],"collection":[{"href":"https:\/\/www.rengoenlanoticia.cl\/prensa\/wp-json\/wp\/v2\/posts"}],"about":[{"href":"https:\/\/www.rengoenlanoticia.cl\/prensa\/wp-json\/wp\/v2\/types\/post"}],"author":[{"embeddable":true,"href":"https:\/\/www.rengoenlanoticia.cl\/prensa\/wp-json\/wp\/v2\/users\/1"}],"replies":[{"embeddable":true,"href":"https:\/\/www.rengoenlanoticia.cl\/prensa\/wp-json\/wp\/v2\/comments?post=2481"}],"version-history":[{"count":3,"href":"https:\/\/www.rengoenlanoticia.cl\/prensa\/wp-json\/wp\/v2\/posts\/2481\/revisions"}],"predecessor-version":[{"id":2495,"href":"https:\/\/www.rengoenlanoticia.cl\/prensa\/wp-json\/wp\/v2\/posts\/2481\/revisions\/2495"}],"wp:featuredmedia":[{"embeddable":true,"href":"https:\/\/www.rengoenlanoticia.cl\/prensa\/wp-json\/wp\/v2\/media\/2482"}],"wp:attachment":[{"href":"https:\/\/www.rengoenlanoticia.cl\/prensa\/wp-json\/wp\/v2\/media?parent=2481"}],"wp:term":[{"taxonomy":"category","embeddable":true,"href":"https:\/\/www.rengoenlanoticia.cl\/prensa\/wp-json\/wp\/v2\/categories?post=2481"},{"taxonomy":"post_tag","embeddable":true,"href":"https:\/\/www.rengoenlanoticia.cl\/prensa\/wp-json\/wp\/v2\/tags?post=2481"}],"curies":[{"name":"wp","href":"https:\/\/api.w.org\/{rel}","templated":true}]}}