{"id":2473,"date":"2025-04-09T21:44:13","date_gmt":"2025-04-09T21:44:13","guid":{"rendered":"https:\/\/www.rengoenlanoticia.cl\/prensa\/?p=2473"},"modified":"2025-04-09T21:44:15","modified_gmt":"2025-04-09T21:44:15","slug":"gobierno-regional-organiza-primer-encuentro-de-inclusion-para-municipalidades-de-ohiggins","status":"publish","type":"post","link":"https:\/\/www.rengoenlanoticia.cl\/prensa\/2025\/04\/09\/gobierno-regional-organiza-primer-encuentro-de-inclusion-para-municipalidades-de-ohiggins\/","title":{"rendered":"Gobierno Regional organiza Primer Encuentro de Inclusi\u00f3n para Municipalidades de O\u00bbHiggins"},"content":{"rendered":"\n<p><\/p>\n\n\n\n<p>La instancia es parte del trabajo de la Mesa Intersectorial de Discapacidad e Inclusi\u00f3n de la Regi\u00f3n de O&#8217;Higgins (MIDI).<\/p>\n\n\n\n<p>Con una amplia convocatoria de encargadas y encargados de las oficinas de discapacidad municipales, y de autoridades regionales ligadas a pol\u00edticas p\u00fablicas de inclusi\u00f3n, el Gobierno Regional de O\u00b4Higgins, encabezado por el Gobernador Pablo Silva Amaya, realiz\u00f3 el Primer Encuentro Regional de Inclusi\u00f3n para Municipalidades.<br>La iniciativa busca fortalecer la comunicaci\u00f3n entre las 33 municipalidades y los distintos organismos p\u00fablicos que ofrecen programas para personas con discapacidad, como parte del trabajo de la Mesa Intersectorial de Discapacidad e Inclusi\u00f3n de la Regi\u00f3n de O&#8217;Higgins (MIDI), liderada por el Gobierno Regional. En la instancia, se dio a conocer la pr\u00f3xima apertura del concurso 8% FNDR Comunitario 2025 de Inclusi\u00f3n Social e informar sobre el inicio en los pr\u00f3ximos meses del Proyecto de Ayudas T\u00e9cnicas para la regi\u00f3n de O&#8217;Higgins en 2025, como tambi\u00e9n la oferta p\u00fablica de las instituciones que trabajan esta materia.<\/p>\n\n\n\n<figure class=\"wp-block-image size-large\"><img loading=\"lazy\" decoding=\"async\" width=\"1024\" height=\"683\" src=\"https:\/\/www.rengoenlanoticia.cl\/prensa\/wp-content\/uploads\/2025\/04\/WhatsApp-Image-2025-04-09-at-17.37.13-1024x683.jpeg\" alt=\"\" class=\"wp-image-2475\" srcset=\"https:\/\/www.rengoenlanoticia.cl\/prensa\/wp-content\/uploads\/2025\/04\/WhatsApp-Image-2025-04-09-at-17.37.13-1024x683.jpeg 1024w, https:\/\/www.rengoenlanoticia.cl\/prensa\/wp-content\/uploads\/2025\/04\/WhatsApp-Image-2025-04-09-at-17.37.13-300x200.jpeg 300w, https:\/\/www.rengoenlanoticia.cl\/prensa\/wp-content\/uploads\/2025\/04\/WhatsApp-Image-2025-04-09-at-17.37.13-768x512.jpeg 768w, https:\/\/www.rengoenlanoticia.cl\/prensa\/wp-content\/uploads\/2025\/04\/WhatsApp-Image-2025-04-09-at-17.37.13-1536x1024.jpeg 1536w, https:\/\/www.rengoenlanoticia.cl\/prensa\/wp-content\/uploads\/2025\/04\/WhatsApp-Image-2025-04-09-at-17.37.13-2048x1365.jpeg 2048w, https:\/\/www.rengoenlanoticia.cl\/prensa\/wp-content\/uploads\/2025\/04\/WhatsApp-Image-2025-04-09-at-17.37.13-110x73.jpeg 110w, https:\/\/www.rengoenlanoticia.cl\/prensa\/wp-content\/uploads\/2025\/04\/WhatsApp-Image-2025-04-09-at-17.37.13-200x133.jpeg 200w, https:\/\/www.rengoenlanoticia.cl\/prensa\/wp-content\/uploads\/2025\/04\/WhatsApp-Image-2025-04-09-at-17.37.13-380x253.jpeg 380w, https:\/\/www.rengoenlanoticia.cl\/prensa\/wp-content\/uploads\/2025\/04\/WhatsApp-Image-2025-04-09-at-17.37.13-255x170.jpeg 255w, https:\/\/www.rengoenlanoticia.cl\/prensa\/wp-content\/uploads\/2025\/04\/WhatsApp-Image-2025-04-09-at-17.37.13-550x367.jpeg 550w, https:\/\/www.rengoenlanoticia.cl\/prensa\/wp-content\/uploads\/2025\/04\/WhatsApp-Image-2025-04-09-at-17.37.13-800x533.jpeg 800w, https:\/\/www.rengoenlanoticia.cl\/prensa\/wp-content\/uploads\/2025\/04\/WhatsApp-Image-2025-04-09-at-17.37.13-1160x773.jpeg 1160w, https:\/\/www.rengoenlanoticia.cl\/prensa\/wp-content\/uploads\/2025\/04\/WhatsApp-Image-2025-04-09-at-17.37.13-scaled.jpeg 2560w\" sizes=\"auto, (max-width: 1024px) 100vw, 1024px\" \/><\/figure>\n\n\n\n<p><br>Al respecto, el Gobernador Regional Pablo Silva Amaya, manifest\u00f3 que \u201cla idea de este primer encuentro con las oficinas de la discapacidad municipales busca generar una mayor coordinaci\u00f3n, contarles la oferta program\u00e1tica del Gobierno Regional y tambi\u00e9n de los servicios p\u00fablicos involucrados en programas e iniciativas de inclusi\u00f3n. El tema de la discapacidad para nosotros es muy importante, lo hemos relevado hace varios a\u00f1os, tenemos l\u00edneas de financiamiento a trav\u00e9s del 8% FNDR Comunitario que no hay en otras regiones, adem\u00e1s destinamos importantes recursos a trav\u00e9s de programas del Fosis, lo que demuestra nuestro compromiso y preocupaci\u00f3n al respecto. Agradecemos la participaci\u00f3n de las y los encargados de las oficinas de Discapacidad de cada uno de los municipios de la regi\u00f3n, porque entendemos que estas materias se abordan a trav\u00e9s de un trabajo colaborativo\u201d.<br>Al respecto, el director regional de Fosis, Carlos Saravia, asegur\u00f3 que \u201cnosotros como Fosis estamos trabajando fuertemente para apoyar a las personas en situaci\u00f3n de discapacidad, como tambi\u00e9n a sus cuidadores y cuidadoras. Tenemos el programa Semilla Inclusi\u00f3n, en el que los \u00faltimos dos a\u00f1os hemos podido apalancar recursos a trav\u00e9s del Gobierno Regional de O\u00b4Higgins, con un fuerte liderazgo del Gobernador Pablo Silva Amaya, que nos permite ampliar su cobertura, llegando a las 33 comunas de O\u00b4Higgins, con un monto de subsidio superior. Y a partir de este a\u00f1o, estamos agregando a este subsidio las ayudas t\u00e9cnicas\u2026 Estamos muy contentos como Fosis, ya que con los recursos del Gobierno Regional y el trabajo colaborativo, ampliamos considerablemente la pol\u00edtica p\u00fablica del gobierno del Presidente Boric, beneficiando a m\u00e1s personas en la regi\u00f3n de O\u00b4Higgins\u201d.<br>En tanto, Luis Guerreo, director regional de Servicio Nacional de la Discapacidad, Senadis, agreg\u00f3 que \u201ces tremendamente relevante esta instancia, porque es una bajada territorial muy estrat\u00e9gica que nos permite trabajar las tem\u00e1ticas de inclusi\u00f3n con todas las comunas del territorio en O\u00b4Higgins, llevar la pol\u00edticas p\u00fablicas a los sectores m\u00e1s apartados, y colaborar con los municipios para llegar especialmente a las personas con discapacidad y a quienes aspiran a ser incluidos en la sociedad chilena\u201d.<br>A este actividad, asistieron los secretarios regionales ministeriales de Desarrollo Social y Familia, Salud y Trabajo y Previsi\u00f3n Social, adem\u00e1s de representantes de diversos servicios p\u00fablicos participantes de la Mesa Intersectorial de Discapacidad e Inclusi\u00f3n de la Regi\u00f3n de O&#8217;Higgins (MIDI).<\/p>\n\n\n\n<figure class=\"wp-block-image size-large\"><img loading=\"lazy\" decoding=\"async\" width=\"1024\" height=\"683\" src=\"https:\/\/www.rengoenlanoticia.cl\/prensa\/wp-content\/uploads\/2025\/04\/WhatsApp-Image-2025-04-09-at-17.37.48-1024x683.jpeg\" alt=\"\" class=\"wp-image-2476\" srcset=\"https:\/\/www.rengoenlanoticia.cl\/prensa\/wp-content\/uploads\/2025\/04\/WhatsApp-Image-2025-04-09-at-17.37.48-1024x683.jpeg 1024w, https:\/\/www.rengoenlanoticia.cl\/prensa\/wp-content\/uploads\/2025\/04\/WhatsApp-Image-2025-04-09-at-17.37.48-300x200.jpeg 300w, https:\/\/www.rengoenlanoticia.cl\/prensa\/wp-content\/uploads\/2025\/04\/WhatsApp-Image-2025-04-09-at-17.37.48-768x512.jpeg 768w, https:\/\/www.rengoenlanoticia.cl\/prensa\/wp-content\/uploads\/2025\/04\/WhatsApp-Image-2025-04-09-at-17.37.48-1536x1024.jpeg 1536w, https:\/\/www.rengoenlanoticia.cl\/prensa\/wp-content\/uploads\/2025\/04\/WhatsApp-Image-2025-04-09-at-17.37.48-2048x1365.jpeg 2048w, https:\/\/www.rengoenlanoticia.cl\/prensa\/wp-content\/uploads\/2025\/04\/WhatsApp-Image-2025-04-09-at-17.37.48-110x73.jpeg 110w, https:\/\/www.rengoenlanoticia.cl\/prensa\/wp-content\/uploads\/2025\/04\/WhatsApp-Image-2025-04-09-at-17.37.48-200x133.jpeg 200w, https:\/\/www.rengoenlanoticia.cl\/prensa\/wp-content\/uploads\/2025\/04\/WhatsApp-Image-2025-04-09-at-17.37.48-380x253.jpeg 380w, https:\/\/www.rengoenlanoticia.cl\/prensa\/wp-content\/uploads\/2025\/04\/WhatsApp-Image-2025-04-09-at-17.37.48-255x170.jpeg 255w, https:\/\/www.rengoenlanoticia.cl\/prensa\/wp-content\/uploads\/2025\/04\/WhatsApp-Image-2025-04-09-at-17.37.48-550x367.jpeg 550w, https:\/\/www.rengoenlanoticia.cl\/prensa\/wp-content\/uploads\/2025\/04\/WhatsApp-Image-2025-04-09-at-17.37.48-800x533.jpeg 800w, https:\/\/www.rengoenlanoticia.cl\/prensa\/wp-content\/uploads\/2025\/04\/WhatsApp-Image-2025-04-09-at-17.37.48-1160x773.jpeg 1160w, https:\/\/www.rengoenlanoticia.cl\/prensa\/wp-content\/uploads\/2025\/04\/WhatsApp-Image-2025-04-09-at-17.37.48-scaled.jpeg 2560w\" sizes=\"auto, (max-width: 1024px) 100vw, 1024px\" \/><\/figure>\n\n\n\n<p><br>Para Catalina Pino, encargada de la Oficina de Inclusi\u00f3n Municipal de Marchig\u00fce, la instancia \u201cfue s\u00faper enriquecedora para poder conocer la oferta program\u00e1tica que dispone, tanto el Gobierno Regional como el Fosis para nuestras personas con discapacidad y cuidadoras de estas, para poder difundir esta informaci\u00f3n en nuestra comuna, y de esa forma poder incentivar a nuestras organizaciones a postular y acceder a los recursos p\u00fablicos que est\u00e1n a disposici\u00f3n de las personas con discapacidad\u201d.<br>En tanto, Pablo Guti\u00e9rrez, encargado de la Oficina de la Discapacidad de Las Cabras, manifest\u00f3 que \u201chemos tenido una alianza fundamental entre el municipio y el Gobierno Regional, donde debemos agradecer al Gobernador por el apoyo que le ha dado a nuestra comuna, a trav\u00e9s de numerosos proyectos que nos han permitido mejorar las condiciones de vida de nuestros vecinos y vecinas, no solamente en materia de inclusi\u00f3n, a trav\u00e9s del 8% FNDR Comunitario, donde colegios de zonas rurales de nuestra comuna han podido tener salas de rehabilitaci\u00f3n y salas sensoriales, lo que ha permitido que los ni\u00f1os que son parte del Programa de Integraci\u00f3n Escolar puedan complementar el trabajo que se est\u00e1 realizando en el aula, entre muchos otros proyectos\u201d.<br>En la instancia, se dio a conocer una encuesta que permitir\u00e1 recopilar informaci\u00f3n relevante sobre discapacidad en la regi\u00f3n, como diagn\u00f3stico y una oportunidad de mejora continua para la oferta program\u00e1tica disponible para personas con discapacidad desde los diversos servicios p\u00fablicos que conforman la MIDI.<\/p>\n","protected":false},"excerpt":{"rendered":"La instancia es parte del trabajo de la Mesa Intersectorial de Discapacidad e Inclusi\u00f3n de la Regi\u00f3n de&hellip;\n","protected":false},"author":1,"featured_media":2474,"comment_status":"open","ping_status":"open","sticky":false,"template":"","format":"standard","meta":{"_monsterinsights_skip_tracking":false,"_monsterinsights_sitenote_active":false,"_monsterinsights_sitenote_note":"","_monsterinsights_sitenote_category":0,"footnotes":""},"categories":[8],"tags":[],"class_list":{"0":"post-2473","1":"post","2":"type-post","3":"status-publish","4":"format-standard","5":"has-post-thumbnail","7":"category-portada"},"aioseo_notices":[],"_links":{"self":[{"href":"https:\/\/www.rengoenlanoticia.cl\/prensa\/wp-json\/wp\/v2\/posts\/2473","targetHints":{"allow":["GET"]}}],"collection":[{"href":"https:\/\/www.rengoenlanoticia.cl\/prensa\/wp-json\/wp\/v2\/posts"}],"about":[{"href":"https:\/\/www.rengoenlanoticia.cl\/prensa\/wp-json\/wp\/v2\/types\/post"}],"author":[{"embeddable":true,"href":"https:\/\/www.rengoenlanoticia.cl\/prensa\/wp-json\/wp\/v2\/users\/1"}],"replies":[{"embeddable":true,"href":"https:\/\/www.rengoenlanoticia.cl\/prensa\/wp-json\/wp\/v2\/comments?post=2473"}],"version-history":[{"count":3,"href":"https:\/\/www.rengoenlanoticia.cl\/prensa\/wp-json\/wp\/v2\/posts\/2473\/revisions"}],"predecessor-version":[{"id":2480,"href":"https:\/\/www.rengoenlanoticia.cl\/prensa\/wp-json\/wp\/v2\/posts\/2473\/revisions\/2480"}],"wp:featuredmedia":[{"embeddable":true,"href":"https:\/\/www.rengoenlanoticia.cl\/prensa\/wp-json\/wp\/v2\/media\/2474"}],"wp:attachment":[{"href":"https:\/\/www.rengoenlanoticia.cl\/prensa\/wp-json\/wp\/v2\/media?parent=2473"}],"wp:term":[{"taxonomy":"category","embeddable":true,"href":"https:\/\/www.rengoenlanoticia.cl\/prensa\/wp-json\/wp\/v2\/categories?post=2473"},{"taxonomy":"post_tag","embeddable":true,"href":"https:\/\/www.rengoenlanoticia.cl\/prensa\/wp-json\/wp\/v2\/tags?post=2473"}],"curies":[{"name":"wp","href":"https:\/\/api.w.org\/{rel}","templated":true}]}}