{"id":2464,"date":"2025-04-09T20:59:35","date_gmt":"2025-04-09T20:59:35","guid":{"rendered":"https:\/\/www.rengoenlanoticia.cl\/prensa\/?p=2464"},"modified":"2025-04-09T21:02:26","modified_gmt":"2025-04-09T21:02:26","slug":"en-operativo-de-control-fiscalizacion-e-intervencion-en-san-fernando-carabineros-detiene-a-tres-personas","status":"publish","type":"post","link":"https:\/\/www.rengoenlanoticia.cl\/prensa\/2025\/04\/09\/en-operativo-de-control-fiscalizacion-e-intervencion-en-san-fernando-carabineros-detiene-a-tres-personas\/","title":{"rendered":"En operativo de control, fiscalizaci\u00f3n e intervenci\u00f3n en San Fernando Carabineros detiene a tres personas"},"content":{"rendered":"\n<p><\/p>\n\n\n\n<p>En el marco del Plan Regional de intervenci\u00f3n contra el crimen Organizado del Consejo Regional O\u2019Higgins, Carabineros de la Prefectura Colchagua realiz\u00f3 un servicio extraordinario de control, fiscalizaci\u00f3n e intervenci\u00f3n en sectores focalizados de la comuna de San Fernando.<br>Tras recibir instrucciones de la Prefecto Coronel Oriana Fuentealba, junto al Seremi (I) de Seguridad P\u00fablica, Rodolfo N\u00fa\u00f1ez, el contingente de la 1\u00b0 Comisar\u00eda San Fernando se despleg\u00f3 en los puntos cr\u00edticos georeferenciados, seg\u00fan la planificaci\u00f3n del servicio, con el objetivo de aumentar la sensaci\u00f3n de seguridad en la comunidad.<br>En el operativo de intervenci\u00f3n, que se desarroll\u00f3 hasta pasadas las 22 horas, se logr\u00f3 la detenci\u00f3n de tres personas y medio centenar de controles de identidad y vehiculares; y una decena de infracciones.<\/p>\n\n\n\n<figure class=\"wp-block-image size-large\"><img loading=\"lazy\" decoding=\"async\" width=\"1024\" height=\"473\" src=\"https:\/\/www.rengoenlanoticia.cl\/prensa\/wp-content\/uploads\/2025\/04\/WhatsApp-Image-2025-04-09-at-14.37.44-1024x473.jpeg\" alt=\"\" class=\"wp-image-2467\" srcset=\"https:\/\/www.rengoenlanoticia.cl\/prensa\/wp-content\/uploads\/2025\/04\/WhatsApp-Image-2025-04-09-at-14.37.44-1024x473.jpeg 1024w, https:\/\/www.rengoenlanoticia.cl\/prensa\/wp-content\/uploads\/2025\/04\/WhatsApp-Image-2025-04-09-at-14.37.44-300x139.jpeg 300w, https:\/\/www.rengoenlanoticia.cl\/prensa\/wp-content\/uploads\/2025\/04\/WhatsApp-Image-2025-04-09-at-14.37.44-768x355.jpeg 768w, https:\/\/www.rengoenlanoticia.cl\/prensa\/wp-content\/uploads\/2025\/04\/WhatsApp-Image-2025-04-09-at-14.37.44-1536x709.jpeg 1536w, https:\/\/www.rengoenlanoticia.cl\/prensa\/wp-content\/uploads\/2025\/04\/WhatsApp-Image-2025-04-09-at-14.37.44-110x51.jpeg 110w, https:\/\/www.rengoenlanoticia.cl\/prensa\/wp-content\/uploads\/2025\/04\/WhatsApp-Image-2025-04-09-at-14.37.44-200x92.jpeg 200w, https:\/\/www.rengoenlanoticia.cl\/prensa\/wp-content\/uploads\/2025\/04\/WhatsApp-Image-2025-04-09-at-14.37.44-380x176.jpeg 380w, https:\/\/www.rengoenlanoticia.cl\/prensa\/wp-content\/uploads\/2025\/04\/WhatsApp-Image-2025-04-09-at-14.37.44-255x118.jpeg 255w, https:\/\/www.rengoenlanoticia.cl\/prensa\/wp-content\/uploads\/2025\/04\/WhatsApp-Image-2025-04-09-at-14.37.44-550x254.jpeg 550w, https:\/\/www.rengoenlanoticia.cl\/prensa\/wp-content\/uploads\/2025\/04\/WhatsApp-Image-2025-04-09-at-14.37.44-800x370.jpeg 800w, https:\/\/www.rengoenlanoticia.cl\/prensa\/wp-content\/uploads\/2025\/04\/WhatsApp-Image-2025-04-09-at-14.37.44-1160x536.jpeg 1160w, https:\/\/www.rengoenlanoticia.cl\/prensa\/wp-content\/uploads\/2025\/04\/WhatsApp-Image-2025-04-09-at-14.37.44.jpeg 1600w\" sizes=\"auto, (max-width: 1024px) 100vw, 1024px\" \/><\/figure>\n\n\n\n<p><br>En la intervenci\u00f3n, durante un control de identidad preventivo en calle Juan Jim\u00e9nez con calle Valderrama, fue detenida la persona identificada como F.I.G.J., quien manten\u00eda una orden vigente por el delito de conducci\u00f3n en estado de ebriedad, con fecha 7 de abril de 20025, emanada del Juzgado de Garant\u00eda de San Fernando.<br>En otro de los controles de identidad, se detect\u00f3 a otra persona, identificada como C.A.L.C., quien tambi\u00e9n ten\u00eda una orden vigente por Da\u00f1os Simples, del Juzgado de Garant\u00eda de San Fernando, con fecha 20 de marzo de 2025.<\/p>\n\n\n\n<figure class=\"wp-block-image size-full\"><img loading=\"lazy\" decoding=\"async\" width=\"899\" height=\"675\" src=\"https:\/\/www.rengoenlanoticia.cl\/prensa\/wp-content\/uploads\/2025\/04\/WhatsApp-Image-2025-04-09-at-14.37.45-1.jpeg\" alt=\"\" class=\"wp-image-2469\" srcset=\"https:\/\/www.rengoenlanoticia.cl\/prensa\/wp-content\/uploads\/2025\/04\/WhatsApp-Image-2025-04-09-at-14.37.45-1.jpeg 899w, https:\/\/www.rengoenlanoticia.cl\/prensa\/wp-content\/uploads\/2025\/04\/WhatsApp-Image-2025-04-09-at-14.37.45-1-300x225.jpeg 300w, https:\/\/www.rengoenlanoticia.cl\/prensa\/wp-content\/uploads\/2025\/04\/WhatsApp-Image-2025-04-09-at-14.37.45-1-768x577.jpeg 768w, https:\/\/www.rengoenlanoticia.cl\/prensa\/wp-content\/uploads\/2025\/04\/WhatsApp-Image-2025-04-09-at-14.37.45-1-110x83.jpeg 110w, https:\/\/www.rengoenlanoticia.cl\/prensa\/wp-content\/uploads\/2025\/04\/WhatsApp-Image-2025-04-09-at-14.37.45-1-200x150.jpeg 200w, https:\/\/www.rengoenlanoticia.cl\/prensa\/wp-content\/uploads\/2025\/04\/WhatsApp-Image-2025-04-09-at-14.37.45-1-380x285.jpeg 380w, https:\/\/www.rengoenlanoticia.cl\/prensa\/wp-content\/uploads\/2025\/04\/WhatsApp-Image-2025-04-09-at-14.37.45-1-255x191.jpeg 255w, https:\/\/www.rengoenlanoticia.cl\/prensa\/wp-content\/uploads\/2025\/04\/WhatsApp-Image-2025-04-09-at-14.37.45-1-550x413.jpeg 550w, https:\/\/www.rengoenlanoticia.cl\/prensa\/wp-content\/uploads\/2025\/04\/WhatsApp-Image-2025-04-09-at-14.37.45-1-800x601.jpeg 800w\" sizes=\"auto, (max-width: 899px) 100vw, 899px\" \/><\/figure>\n\n\n\n<p><br>Mientras que una tercera persona, de iniciales R.I.S.G., chileno, 25 a\u00f1os, fue aprehendido por la Secci\u00f3n Centauro Colchagua durante una fiscalizaci\u00f3n vehicular, por el porte de arma de fuego, munici\u00f3n, amenazas de muerte con arma de fuego y lesiones de car\u00e1cter grave en agresi\u00f3n. El individuo hab\u00eda agredido momentos antes a una persona durante un partido de f\u00fatbol, por lo que se ubic\u00f3 el veh\u00edculo en el cual se trasladaba y al ser fiscalizado, Carabineros encontr\u00f3 que manten\u00eda municiones escondidas entre sus vestimentas. Mientras que el armamento: 1 arma tipo rev\u00f3lver calibre 22, con 5 cartuchos en su recamara; 1 arma tipo pistola de color negro, con un cargador; y dos cartuchos calibre 22; fue encontrado en una mochila ubicada en el asiento trasero del veh\u00edculo.<br>Las armas fueron remitidas a Labocar por disposici\u00f3n de Fiscal\u00eda para desarrollar las pericias de su especialidad. Los tres detenidos pasaron a control de detenci\u00f3n.<\/p>\n","protected":false},"excerpt":{"rendered":"En el marco del Plan Regional de intervenci\u00f3n contra el crimen Organizado del Consejo Regional O\u2019Higgins, Carabineros de&hellip;\n","protected":false},"author":1,"featured_media":2465,"comment_status":"open","ping_status":"open","sticky":false,"template":"","format":"standard","meta":{"_monsterinsights_skip_tracking":false,"_monsterinsights_sitenote_active":false,"_monsterinsights_sitenote_note":"","_monsterinsights_sitenote_category":0,"footnotes":""},"categories":[5,8],"tags":[],"class_list":{"0":"post-2464","1":"post","2":"type-post","3":"status-publish","4":"format-standard","5":"has-post-thumbnail","7":"category-policial","8":"category-portada"},"aioseo_notices":[],"_links":{"self":[{"href":"https:\/\/www.rengoenlanoticia.cl\/prensa\/wp-json\/wp\/v2\/posts\/2464","targetHints":{"allow":["GET"]}}],"collection":[{"href":"https:\/\/www.rengoenlanoticia.cl\/prensa\/wp-json\/wp\/v2\/posts"}],"about":[{"href":"https:\/\/www.rengoenlanoticia.cl\/prensa\/wp-json\/wp\/v2\/types\/post"}],"author":[{"embeddable":true,"href":"https:\/\/www.rengoenlanoticia.cl\/prensa\/wp-json\/wp\/v2\/users\/1"}],"replies":[{"embeddable":true,"href":"https:\/\/www.rengoenlanoticia.cl\/prensa\/wp-json\/wp\/v2\/comments?post=2464"}],"version-history":[{"count":3,"href":"https:\/\/www.rengoenlanoticia.cl\/prensa\/wp-json\/wp\/v2\/posts\/2464\/revisions"}],"predecessor-version":[{"id":2471,"href":"https:\/\/www.rengoenlanoticia.cl\/prensa\/wp-json\/wp\/v2\/posts\/2464\/revisions\/2471"}],"wp:featuredmedia":[{"embeddable":true,"href":"https:\/\/www.rengoenlanoticia.cl\/prensa\/wp-json\/wp\/v2\/media\/2465"}],"wp:attachment":[{"href":"https:\/\/www.rengoenlanoticia.cl\/prensa\/wp-json\/wp\/v2\/media?parent=2464"}],"wp:term":[{"taxonomy":"category","embeddable":true,"href":"https:\/\/www.rengoenlanoticia.cl\/prensa\/wp-json\/wp\/v2\/categories?post=2464"},{"taxonomy":"post_tag","embeddable":true,"href":"https:\/\/www.rengoenlanoticia.cl\/prensa\/wp-json\/wp\/v2\/tags?post=2464"}],"curies":[{"name":"wp","href":"https:\/\/api.w.org\/{rel}","templated":true}]}}