{"id":2458,"date":"2025-04-09T20:54:48","date_gmt":"2025-04-09T20:54:48","guid":{"rendered":"https:\/\/www.rengoenlanoticia.cl\/prensa\/?p=2458"},"modified":"2025-04-09T20:54:49","modified_gmt":"2025-04-09T20:54:49","slug":"hospital-dr-franco-ravera-hablemos-de-cancer-colorrectal","status":"publish","type":"post","link":"https:\/\/www.rengoenlanoticia.cl\/prensa\/2025\/04\/09\/hospital-dr-franco-ravera-hablemos-de-cancer-colorrectal\/","title":{"rendered":"Hospital Dr. Franco Ravera: Hablemos de c\u00e1ncer colorrectal"},"content":{"rendered":"\n<p>Conmemorando el D\u00eda Mundial de esta patolog\u00eda, el establecimiento prepara su Primera Jornada, para abordar a fondo al problema de salud, que, a nivel global, es uno de los m\u00e1s prevalentes.<\/p>\n\n\n\n<p>Trascendiendo la fecha en que la comunidad internacional es llamada a tomar m\u00e1s conciencia respecto a este tipo de c\u00e1ncer, prevenirlo y detectarlo a tiempo, el Hospital Dr. Franco Ravera Zunino (HFRZ) organiz\u00f3 &nbsp;para este pr\u00f3ximo 11 de abril, la Primera Jornada referente al c\u00e1ncer de colon, hito que&nbsp; convocar\u00e1 a profesionales de la salud, alumnos de carreras afines, becados y comunidad en general, en el Sal\u00f3n Auditorio del centro hospitalario, para ser part\u00edcipes de interesantes exposiciones, a cargo de especialistas en temas relativos a la enfermedad, entre ellos, realidad actual del c\u00e1ncer de colon, ostom\u00eda y paciente oncol\u00f3gico, avances de quimioterapia en c\u00e1ncer colorrectal.<\/p>\n\n\n\n<p>\u201cEstamos muy ansiosos y contentos por iniciar esta actividad\u201d, expres\u00f3 el m\u00e9dico coloproct\u00f3logo, Dr. Jorge Esc\u00e1rate, del Servicio de Cirug\u00eda del HFRZ, a\u00f1adiendo que, \u201cantes nuestro equipo se concentraba s\u00f3lo en trabajar cl\u00ednicamente caso a caso, pero hoy sentimos, al observar la preponderancia que ha venido teniendo el c\u00e1ncer de colon o c\u00e1ncer colorrectal (CCR) a nivel local&nbsp; y mundial, sumado a las nuevas estad\u00edsticas que&nbsp; lo posicionan como segundo en mortalidad y tercero en mayor incidencia, que es muy necesario llevar a cabo este tipo de actividades, que nos abren la posibilidad de divulgar este problema de salud p\u00fablica, educar a la comunidad en torno a su prevenci\u00f3n, en la realizaci\u00f3n de ex\u00e1menes, en su detecci\u00f3n temprana,&nbsp; fortalecer a los equipos de salud en el tema, y por sobre todo, dar a conocer la manera en que nuestro hospital, interdisciplinariamente aborda la patolog\u00eda\u201d.<\/p>\n\n\n\n<p>Con lo anterior el coloproct\u00f3logo del Hospital Dr. Franco Ravera, precis\u00f3 que \u201ceste c\u00e1ncer, es b\u00e1sicamente un tumor, que genera c\u00e9lulas malignas con alto potencial de regeneraci\u00f3n, que, origin\u00e1ndose en el colon o en el recto, generalmente parte como un p\u00f3lipo, que comienza a crecer generando met\u00e1stasis hacia otros \u00f3rganos por v\u00eda linf\u00e1tica, o torrente sangu\u00edneo. Es muy silencioso, al principio no advierte s\u00edntomas, y as\u00ed pueden pasar varios a\u00f1os, incluso 15, hasta que empiezan a aparecer reci\u00e9n el sangrado en las heces, cambios en el tr\u00e1nsito intestinal, baja de peso inexplicable, anemia, pero ah\u00ed, ya estamos frente a un c\u00e1ncer mucho m\u00e1s avanzado, lo que dificulta su tratamiento y pone en riesgo la vida\u201d.<\/p>\n\n\n\n<p><strong><em>\u00bfSe puede prevenir?<\/em><\/strong><\/p>\n\n\n\n<p>El facultativo del HFRZ, sostuvo que \u201cse puede prevenir. Existen factores de riesgo modificables que tienen que ver con estilos de vida, como el sedentarismo, obesidad, tabaquismo, consumo excesivo de alcohol, o carnes rojas, embutidos, de grasas, y factores no modificables como son aquellos hereditarios, de predisposici\u00f3n gen\u00e9tica.&nbsp; No obstante, lo principal que debemos considerar en la prevenci\u00f3n es la edad. Desde los 45 a\u00f1os en hombres y mujeres, aumenta la probabilidad de padecer esta patolog\u00eda, con o sin s\u00edntomas asociados, por lo que se recomienda, llegada esa edad, realizar ex\u00e1menes de estudio para descartar o iniciar su tratamiento r\u00e1pidamente\u201d.<\/p>\n\n\n\n<p><strong><em>\u00bfQu\u00e9 ex\u00e1menes considerar?<\/em><\/strong><\/p>\n\n\n\n<p>\u201cA los 45 a\u00f1os, podemos hacer estudios exploratorios que nos ayuden a encontrar alguna se\u00f1al de c\u00e1ncer. El m\u00e1s f\u00e1cil y simple de realizar es el test de sangre oculta en deposiciones, que arroja positividad al c\u00e1ncer o negatividad, prueba que puede repetirse, conforme los hallazgos de uno a dos a\u00f1os. Luego est\u00e1 la colonoscop\u00eda, examen que ingresa por v\u00eda rectal una c\u00e1nula, que nos permite tomar muestras del p\u00f3lipo o tumor si lo hay, para analizarlo. Si es un p\u00f3lipo, podemos cauterizarlo, evitando su progreso y posibilitando que el paciente pueda seguir su vida normal, terminando con el problema\u201d, se\u00f1al\u00f3 el Dr. Jorge Esc\u00e1rate.<\/p>\n\n\n\n<p><strong><em>El Hospital<\/em><\/strong><\/p>\n\n\n\n<p>El especialista del centro de salud, manifest\u00f3 que \u201cel a\u00f1o 2024, recibimos unos 200 casos de CCR. Hemos venido optimizando nuestro trabajo multidisciplinariamente, contamos con un comit\u00e9 que re\u00fane radi\u00f3logos, onc\u00f3logos, enfermeras, oficiales administrativos, coloproct\u00f3logos, oncogeriatra, para analizar cada caso, promediando unos 12 por semana, pacientes ad portas de intervenirse o n tratarse, que llegan por interconsulta desde su Centro de Salud Familiar (CESFAM) a nuestro hospital. Hemos reducido el tiempo de reacci\u00f3n a dos semanas, desde que llegan por interconsultas, gracias a un trabajo mancomunado, lo para nosotros refleja un logro y para el paciente, menos espera para tratar su problema\u201d.<\/p>\n\n\n\n<figure class=\"wp-block-image size-large\"><img loading=\"lazy\" decoding=\"async\" width=\"819\" height=\"1024\" src=\"https:\/\/www.rengoenlanoticia.cl\/prensa\/wp-content\/uploads\/2025\/04\/photo-output-819x1024.jpeg\" alt=\"\" class=\"wp-image-2460\" srcset=\"https:\/\/www.rengoenlanoticia.cl\/prensa\/wp-content\/uploads\/2025\/04\/photo-output-819x1024.jpeg 819w, https:\/\/www.rengoenlanoticia.cl\/prensa\/wp-content\/uploads\/2025\/04\/photo-output-240x300.jpeg 240w, https:\/\/www.rengoenlanoticia.cl\/prensa\/wp-content\/uploads\/2025\/04\/photo-output-768x960.jpeg 768w, https:\/\/www.rengoenlanoticia.cl\/prensa\/wp-content\/uploads\/2025\/04\/photo-output-1229x1536.jpeg 1229w, https:\/\/www.rengoenlanoticia.cl\/prensa\/wp-content\/uploads\/2025\/04\/photo-output-110x137.jpeg 110w, https:\/\/www.rengoenlanoticia.cl\/prensa\/wp-content\/uploads\/2025\/04\/photo-output-200x250.jpeg 200w, https:\/\/www.rengoenlanoticia.cl\/prensa\/wp-content\/uploads\/2025\/04\/photo-output-380x475.jpeg 380w, https:\/\/www.rengoenlanoticia.cl\/prensa\/wp-content\/uploads\/2025\/04\/photo-output-255x318.jpeg 255w, https:\/\/www.rengoenlanoticia.cl\/prensa\/wp-content\/uploads\/2025\/04\/photo-output-300x375.jpeg 300w, https:\/\/www.rengoenlanoticia.cl\/prensa\/wp-content\/uploads\/2025\/04\/photo-output-550x687.jpeg 550w, https:\/\/www.rengoenlanoticia.cl\/prensa\/wp-content\/uploads\/2025\/04\/photo-output-800x1000.jpeg 800w, https:\/\/www.rengoenlanoticia.cl\/prensa\/wp-content\/uploads\/2025\/04\/photo-output-1160x1450.jpeg 1160w, https:\/\/www.rengoenlanoticia.cl\/prensa\/wp-content\/uploads\/2025\/04\/photo-output.jpeg 1632w\" sizes=\"auto, (max-width: 819px) 100vw, 819px\" \/><\/figure>\n","protected":false},"excerpt":{"rendered":"Conmemorando el D\u00eda Mundial de esta patolog\u00eda, el establecimiento prepara su Primera Jornada, para abordar a fondo al&hellip;\n","protected":false},"author":1,"featured_media":2459,"comment_status":"open","ping_status":"open","sticky":false,"template":"","format":"standard","meta":{"_monsterinsights_skip_tracking":false,"_monsterinsights_sitenote_active":false,"_monsterinsights_sitenote_note":"","_monsterinsights_sitenote_category":0,"footnotes":""},"categories":[8],"tags":[],"class_list":{"0":"post-2458","1":"post","2":"type-post","3":"status-publish","4":"format-standard","5":"has-post-thumbnail","7":"category-portada"},"aioseo_notices":[],"_links":{"self":[{"href":"https:\/\/www.rengoenlanoticia.cl\/prensa\/wp-json\/wp\/v2\/posts\/2458","targetHints":{"allow":["GET"]}}],"collection":[{"href":"https:\/\/www.rengoenlanoticia.cl\/prensa\/wp-json\/wp\/v2\/posts"}],"about":[{"href":"https:\/\/www.rengoenlanoticia.cl\/prensa\/wp-json\/wp\/v2\/types\/post"}],"author":[{"embeddable":true,"href":"https:\/\/www.rengoenlanoticia.cl\/prensa\/wp-json\/wp\/v2\/users\/1"}],"replies":[{"embeddable":true,"href":"https:\/\/www.rengoenlanoticia.cl\/prensa\/wp-json\/wp\/v2\/comments?post=2458"}],"version-history":[{"count":3,"href":"https:\/\/www.rengoenlanoticia.cl\/prensa\/wp-json\/wp\/v2\/posts\/2458\/revisions"}],"predecessor-version":[{"id":2463,"href":"https:\/\/www.rengoenlanoticia.cl\/prensa\/wp-json\/wp\/v2\/posts\/2458\/revisions\/2463"}],"wp:featuredmedia":[{"embeddable":true,"href":"https:\/\/www.rengoenlanoticia.cl\/prensa\/wp-json\/wp\/v2\/media\/2459"}],"wp:attachment":[{"href":"https:\/\/www.rengoenlanoticia.cl\/prensa\/wp-json\/wp\/v2\/media?parent=2458"}],"wp:term":[{"taxonomy":"category","embeddable":true,"href":"https:\/\/www.rengoenlanoticia.cl\/prensa\/wp-json\/wp\/v2\/categories?post=2458"},{"taxonomy":"post_tag","embeddable":true,"href":"https:\/\/www.rengoenlanoticia.cl\/prensa\/wp-json\/wp\/v2\/tags?post=2458"}],"curies":[{"name":"wp","href":"https:\/\/api.w.org\/{rel}","templated":true}]}}