{"id":2453,"date":"2025-04-11T16:05:15","date_gmt":"2025-04-11T16:05:15","guid":{"rendered":"https:\/\/www.rengoenlanoticia.cl\/prensa\/?p=2453"},"modified":"2025-04-11T16:05:20","modified_gmt":"2025-04-11T16:05:20","slug":"refuerzan-acciones-para-el-control-y-eliminacion-de-la-tuberculosis","status":"publish","type":"post","link":"https:\/\/www.rengoenlanoticia.cl\/prensa\/2025\/04\/11\/refuerzan-acciones-para-el-control-y-eliminacion-de-la-tuberculosis\/","title":{"rendered":"Refuerzan acciones para el control y eliminaci\u00f3n de la Tuberculosis"},"content":{"rendered":"\n<p><em>Hospital Dr. Franco Ravera Zunino fue el escenario de una instancia clave para fortalecer la detecci\u00f3n, tratamiento y eliminaci\u00f3n de la enfermedad en la regi\u00f3n.<\/em><\/p>\n\n\n\n<p>Esta semana la Seremi de Salud de la Regi\u00f3n de O\u2019Higgins junto con el Servicio de Salud, efectuaron una Jornada Regional de Inducci\u00f3n y Reforzamiento del Programa de Control y Eliminaci\u00f3n de la Tuberculosis, una actividad dirigida a los equipos t\u00e9cnicos locales.<\/p>\n\n\n\n<p>La actividad tuvo por objetivo de fortalecer el trabajo colaborativo entre los distintos actores del sistema de salud para enfrentar esta enfermedad.<\/p>\n\n\n\n<figure class=\"wp-block-image size-large\"><img loading=\"lazy\" decoding=\"async\" width=\"1024\" height=\"768\" src=\"https:\/\/www.rengoenlanoticia.cl\/prensa\/wp-content\/uploads\/2025\/04\/02c88852-cf98-4b55-aab2-57ce92c4cddd-1024x768.jpeg\" alt=\"\" class=\"wp-image-2490\" srcset=\"https:\/\/www.rengoenlanoticia.cl\/prensa\/wp-content\/uploads\/2025\/04\/02c88852-cf98-4b55-aab2-57ce92c4cddd-1024x768.jpeg 1024w, https:\/\/www.rengoenlanoticia.cl\/prensa\/wp-content\/uploads\/2025\/04\/02c88852-cf98-4b55-aab2-57ce92c4cddd-300x225.jpeg 300w, https:\/\/www.rengoenlanoticia.cl\/prensa\/wp-content\/uploads\/2025\/04\/02c88852-cf98-4b55-aab2-57ce92c4cddd-768x576.jpeg 768w, https:\/\/www.rengoenlanoticia.cl\/prensa\/wp-content\/uploads\/2025\/04\/02c88852-cf98-4b55-aab2-57ce92c4cddd-110x83.jpeg 110w, https:\/\/www.rengoenlanoticia.cl\/prensa\/wp-content\/uploads\/2025\/04\/02c88852-cf98-4b55-aab2-57ce92c4cddd-200x150.jpeg 200w, https:\/\/www.rengoenlanoticia.cl\/prensa\/wp-content\/uploads\/2025\/04\/02c88852-cf98-4b55-aab2-57ce92c4cddd-380x285.jpeg 380w, https:\/\/www.rengoenlanoticia.cl\/prensa\/wp-content\/uploads\/2025\/04\/02c88852-cf98-4b55-aab2-57ce92c4cddd-255x191.jpeg 255w, https:\/\/www.rengoenlanoticia.cl\/prensa\/wp-content\/uploads\/2025\/04\/02c88852-cf98-4b55-aab2-57ce92c4cddd-550x413.jpeg 550w, https:\/\/www.rengoenlanoticia.cl\/prensa\/wp-content\/uploads\/2025\/04\/02c88852-cf98-4b55-aab2-57ce92c4cddd-800x600.jpeg 800w, https:\/\/www.rengoenlanoticia.cl\/prensa\/wp-content\/uploads\/2025\/04\/02c88852-cf98-4b55-aab2-57ce92c4cddd-1160x870.jpeg 1160w, https:\/\/www.rengoenlanoticia.cl\/prensa\/wp-content\/uploads\/2025\/04\/02c88852-cf98-4b55-aab2-57ce92c4cddd.jpeg 1280w\" sizes=\"auto, (max-width: 1024px) 100vw, 1024px\" \/><\/figure>\n\n\n\n<p>\u201cEs importante relevar la tem\u00e1tica de la Tuberculosis, entendiendo que sigue siendo muy importante desde lo sanitario, a nivel mundial, nacional y regional. Tenemos que sumar a todos los actores que pueden incidir, como el Servicio de Salud, los encargados de epidemiolog\u00eda, la red de laboratorios y las comunidades. Cada uno de nosotros puede aportar\u201d, se\u00f1al\u00f3 la Dra. Carolina Torres, Seremi de Salud O\u2019Higgins, quien adem\u00e1s hizo hincapi\u00e9 en la importancia de avanzar en la mantenci\u00f3n de los tratamientos, uno de los principales desaf\u00edos del sistema de salud.<\/p>\n\n\n\n<figure class=\"wp-block-image size-large\"><img loading=\"lazy\" decoding=\"async\" width=\"1024\" height=\"768\" src=\"https:\/\/www.rengoenlanoticia.cl\/prensa\/wp-content\/uploads\/2025\/04\/22b7f369-6bd9-45e9-a84e-384ea7e49a15-1024x768.jpeg\" alt=\"\" class=\"wp-image-2491\" srcset=\"https:\/\/www.rengoenlanoticia.cl\/prensa\/wp-content\/uploads\/2025\/04\/22b7f369-6bd9-45e9-a84e-384ea7e49a15-1024x768.jpeg 1024w, https:\/\/www.rengoenlanoticia.cl\/prensa\/wp-content\/uploads\/2025\/04\/22b7f369-6bd9-45e9-a84e-384ea7e49a15-300x225.jpeg 300w, https:\/\/www.rengoenlanoticia.cl\/prensa\/wp-content\/uploads\/2025\/04\/22b7f369-6bd9-45e9-a84e-384ea7e49a15-768x576.jpeg 768w, https:\/\/www.rengoenlanoticia.cl\/prensa\/wp-content\/uploads\/2025\/04\/22b7f369-6bd9-45e9-a84e-384ea7e49a15-110x83.jpeg 110w, https:\/\/www.rengoenlanoticia.cl\/prensa\/wp-content\/uploads\/2025\/04\/22b7f369-6bd9-45e9-a84e-384ea7e49a15-200x150.jpeg 200w, https:\/\/www.rengoenlanoticia.cl\/prensa\/wp-content\/uploads\/2025\/04\/22b7f369-6bd9-45e9-a84e-384ea7e49a15-380x285.jpeg 380w, https:\/\/www.rengoenlanoticia.cl\/prensa\/wp-content\/uploads\/2025\/04\/22b7f369-6bd9-45e9-a84e-384ea7e49a15-255x191.jpeg 255w, https:\/\/www.rengoenlanoticia.cl\/prensa\/wp-content\/uploads\/2025\/04\/22b7f369-6bd9-45e9-a84e-384ea7e49a15-550x413.jpeg 550w, https:\/\/www.rengoenlanoticia.cl\/prensa\/wp-content\/uploads\/2025\/04\/22b7f369-6bd9-45e9-a84e-384ea7e49a15-800x600.jpeg 800w, https:\/\/www.rengoenlanoticia.cl\/prensa\/wp-content\/uploads\/2025\/04\/22b7f369-6bd9-45e9-a84e-384ea7e49a15-1160x870.jpeg 1160w, https:\/\/www.rengoenlanoticia.cl\/prensa\/wp-content\/uploads\/2025\/04\/22b7f369-6bd9-45e9-a84e-384ea7e49a15.jpeg 1280w\" sizes=\"auto, (max-width: 1024px) 100vw, 1024px\" \/><\/figure>\n\n\n\n<p>Por su parte, la Enfermera Referente PROCET Servicio de Salud O\u2019Higgins, Bianca Rojas, coment\u00f3 que \u201cesta jornada se encuentra dentro de la Planificaci\u00f3n de actividades anuales del Equipo T\u00e9cnico de Tuberculosis de la SEREMI y El Servicio de Salud O\u2019Higgins, donde estamos reforzando conocimientos y&nbsp; potenciando la pesquisa activa de Casos Presuntivos de Tuberculosis en los Centros de Atenci\u00f3n Primaria, Hospitales comunitarios, servicios de urgencia, fortaleciendo el diagn\u00f3stico, indicaci\u00f3n de tratamiento en adulto, y relevar la atenci\u00f3n del tratamiento pedi\u00e1trico\u201d.<\/p>\n\n\n\n<p>Durante la jornada se abordaron temas clave como la notificaci\u00f3n en Epivigila, m\u00e9todos diagn\u00f3sticos y toma de muestras, generalidades del programa PROCET, as\u00ed como tratamientos espec\u00edficos para Tuberculosis infantil y en adultos. Adem\u00e1s, se realiz\u00f3 una plenaria de preguntas y se discutieron acciones de mejora para implementar en los distintos centros de salud de la regi\u00f3n.<\/p>\n\n\n\n<p>La actividad concluy\u00f3 con una evaluaci\u00f3n general, donde se establecieron acuerdos y compromisos orientados a fortalecer el trabajo intersectorial en el control de la tuberculosis, enfermedad que a\u00fan representa un importante desaf\u00edo de salud p\u00fablica.<\/p>\n","protected":false},"excerpt":{"rendered":"Hospital Dr. Franco Ravera Zunino fue el escenario de una instancia clave para fortalecer la detecci\u00f3n, tratamiento y&hellip;\n","protected":false},"author":1,"featured_media":2489,"comment_status":"open","ping_status":"open","sticky":false,"template":"","format":"standard","meta":{"_monsterinsights_skip_tracking":false,"_monsterinsights_sitenote_active":false,"_monsterinsights_sitenote_note":"","_monsterinsights_sitenote_category":0,"footnotes":""},"categories":[8],"tags":[],"class_list":{"0":"post-2453","1":"post","2":"type-post","3":"status-publish","4":"format-standard","5":"has-post-thumbnail","7":"category-portada"},"aioseo_notices":[],"_links":{"self":[{"href":"https:\/\/www.rengoenlanoticia.cl\/prensa\/wp-json\/wp\/v2\/posts\/2453","targetHints":{"allow":["GET"]}}],"collection":[{"href":"https:\/\/www.rengoenlanoticia.cl\/prensa\/wp-json\/wp\/v2\/posts"}],"about":[{"href":"https:\/\/www.rengoenlanoticia.cl\/prensa\/wp-json\/wp\/v2\/types\/post"}],"author":[{"embeddable":true,"href":"https:\/\/www.rengoenlanoticia.cl\/prensa\/wp-json\/wp\/v2\/users\/1"}],"replies":[{"embeddable":true,"href":"https:\/\/www.rengoenlanoticia.cl\/prensa\/wp-json\/wp\/v2\/comments?post=2453"}],"version-history":[{"count":3,"href":"https:\/\/www.rengoenlanoticia.cl\/prensa\/wp-json\/wp\/v2\/posts\/2453\/revisions"}],"predecessor-version":[{"id":2501,"href":"https:\/\/www.rengoenlanoticia.cl\/prensa\/wp-json\/wp\/v2\/posts\/2453\/revisions\/2501"}],"wp:featuredmedia":[{"embeddable":true,"href":"https:\/\/www.rengoenlanoticia.cl\/prensa\/wp-json\/wp\/v2\/media\/2489"}],"wp:attachment":[{"href":"https:\/\/www.rengoenlanoticia.cl\/prensa\/wp-json\/wp\/v2\/media?parent=2453"}],"wp:term":[{"taxonomy":"category","embeddable":true,"href":"https:\/\/www.rengoenlanoticia.cl\/prensa\/wp-json\/wp\/v2\/categories?post=2453"},{"taxonomy":"post_tag","embeddable":true,"href":"https:\/\/www.rengoenlanoticia.cl\/prensa\/wp-json\/wp\/v2\/tags?post=2453"}],"curies":[{"name":"wp","href":"https:\/\/api.w.org\/{rel}","templated":true}]}}