{"id":2440,"date":"2025-04-09T19:51:04","date_gmt":"2025-04-09T19:51:04","guid":{"rendered":"https:\/\/www.rengoenlanoticia.cl\/prensa\/?p=2440"},"modified":"2025-04-09T19:51:05","modified_gmt":"2025-04-09T19:51:05","slug":"contraloria-general-de-la-republica-desestima-denuncia-por-ley-karin-en-contra-del-director-nacional-del-trabajo","status":"publish","type":"post","link":"https:\/\/www.rengoenlanoticia.cl\/prensa\/2025\/04\/09\/contraloria-general-de-la-republica-desestima-denuncia-por-ley-karin-en-contra-del-director-nacional-del-trabajo\/","title":{"rendered":"Contralor\u00eda General de la Rep\u00fablica desestima denuncia por Ley Karin en contra del director nacional del Trabajo"},"content":{"rendered":"\n<p><strong>Pronunciamiento rechazada solicitud hecha en diciembre pasado por la presidenta de una asociaci\u00f3n gremial de la Direcci\u00f3n del Trabajo.<\/strong><\/p>\n\n\n\n<p>La Contralor\u00eda General de la Rep\u00fablica (CGR) desestim\u00f3 en el pronunciamiento del 8 de abril en curso la denuncia por violencia laboral y acoso laboral presentada en diciembre \u00faltimo en contra del director del Trabajo, Pablo Zenteno Mu\u00f1oz.<\/p>\n\n\n\n<p>La acusaci\u00f3n hab\u00eda sido presentada por la presidenta de la Asociaci\u00f3n Nacional de Trabajadoras\/es Mar\u00eda Ester Feres Nazarala (ANTRAMEF).<\/p>\n\n\n\n<p>La atribuci\u00f3n de tal conducta al director del Trabajo se da en el marco de una reuni\u00f3n el 5 de diciembre de 2024 sostenida entre esa autoridad y dirigencias de las asociaciones tres gremiales de la DT para revisar la situaci\u00f3n de funcionarios y funcionarias cuyas contratas no hab\u00edan sido renovadas para el a\u00f1o 2025.<\/p>\n\n\n\n<p>En su pronunciamiento, la CGR sostiene que no se advierte la existencia de hechos que pudiesen constituyen \u201cviolencia en el trabajo\u201d ni tampoco \u201cacoso laboral\u201d.<\/p>\n\n\n\n<p><strong>Director del Trabajo<\/strong><\/p>\n\n\n\n<p>Ante el pronunciamiento de la CGR, Pablo Zenteno destac\u00f3 que \u00ablo primero es expresar nuestra conformidad con este pronunciamiento de la Contralor\u00eda General de la Rep\u00fablica, dado que siempre sostuvimos que \u00edbamos a entregar todos los antecedentes y prestar toda la colaboraci\u00f3n para que se esclareciera este episodio en donde ten\u00edamos la profunda convicci\u00f3n de no haber incurrido en ninguna irregularidad. Lo segundo es redoblar nuestro compromiso con el respeto por las garant\u00edas de los derechos fundamentales de los trabajadores y trabajadoras en el marco de la Ley Karin\u00bb. y todo el sistema de protecci\u00f3n de los derechos fundamentales que a la Direcci\u00f3n del Trabajo le toca fiscalizar. Es un objetivo loable de la Ley Karin tener espacios de trabajo seguros y saludables y nosotros vamos a seguir siendo contribuyentes en esa direcci\u00f3n Y por \u00faltimo me quedar\u00eda con una reflexi\u00f3n a prop\u00f3sito del dictamen de la propia Contralor\u00eda del a\u00f1o 2024 donde nos hace un llamado a la responsabilidad ante eventualmente la presentaci\u00f3n de denuncias falsas que puedan afectar y puedan causar perjuicio a la persona denunciada. Creemos que la Ley Karin es una ley absolutamente necesaria para el pa\u00eds pero que tiene que ser correctamente utilizada para que todos y todos quienes tenemos una responsabilidad en la materia podemos cumplir bien nuestro rol\u201d.<\/p>\n","protected":false},"excerpt":{"rendered":"Pronunciamiento rechazada solicitud hecha en diciembre pasado por la presidenta de una asociaci\u00f3n gremial de la Direcci\u00f3n del&hellip;\n","protected":false},"author":1,"featured_media":2449,"comment_status":"open","ping_status":"open","sticky":false,"template":"","format":"standard","meta":{"_monsterinsights_skip_tracking":false,"_monsterinsights_sitenote_active":false,"_monsterinsights_sitenote_note":"","_monsterinsights_sitenote_category":0,"footnotes":""},"categories":[8],"tags":[],"class_list":{"0":"post-2440","1":"post","2":"type-post","3":"status-publish","4":"format-standard","5":"has-post-thumbnail","7":"category-portada"},"aioseo_notices":[],"_links":{"self":[{"href":"https:\/\/www.rengoenlanoticia.cl\/prensa\/wp-json\/wp\/v2\/posts\/2440","targetHints":{"allow":["GET"]}}],"collection":[{"href":"https:\/\/www.rengoenlanoticia.cl\/prensa\/wp-json\/wp\/v2\/posts"}],"about":[{"href":"https:\/\/www.rengoenlanoticia.cl\/prensa\/wp-json\/wp\/v2\/types\/post"}],"author":[{"embeddable":true,"href":"https:\/\/www.rengoenlanoticia.cl\/prensa\/wp-json\/wp\/v2\/users\/1"}],"replies":[{"embeddable":true,"href":"https:\/\/www.rengoenlanoticia.cl\/prensa\/wp-json\/wp\/v2\/comments?post=2440"}],"version-history":[{"count":3,"href":"https:\/\/www.rengoenlanoticia.cl\/prensa\/wp-json\/wp\/v2\/posts\/2440\/revisions"}],"predecessor-version":[{"id":2452,"href":"https:\/\/www.rengoenlanoticia.cl\/prensa\/wp-json\/wp\/v2\/posts\/2440\/revisions\/2452"}],"wp:featuredmedia":[{"embeddable":true,"href":"https:\/\/www.rengoenlanoticia.cl\/prensa\/wp-json\/wp\/v2\/media\/2449"}],"wp:attachment":[{"href":"https:\/\/www.rengoenlanoticia.cl\/prensa\/wp-json\/wp\/v2\/media?parent=2440"}],"wp:term":[{"taxonomy":"category","embeddable":true,"href":"https:\/\/www.rengoenlanoticia.cl\/prensa\/wp-json\/wp\/v2\/categories?post=2440"},{"taxonomy":"post_tag","embeddable":true,"href":"https:\/\/www.rengoenlanoticia.cl\/prensa\/wp-json\/wp\/v2\/tags?post=2440"}],"curies":[{"name":"wp","href":"https:\/\/api.w.org\/{rel}","templated":true}]}}