{"id":2437,"date":"2025-04-09T20:48:15","date_gmt":"2025-04-09T20:48:15","guid":{"rendered":"https:\/\/www.rengoenlanoticia.cl\/prensa\/?p=2437"},"modified":"2025-04-09T20:48:22","modified_gmt":"2025-04-09T20:48:22","slug":"con-mi-primer-negocio-rural-indap-fomenta-la-innovacion-y-apoya-los-emprendimientos-de-jovenes","status":"publish","type":"post","link":"https:\/\/www.rengoenlanoticia.cl\/prensa\/2025\/04\/09\/con-mi-primer-negocio-rural-indap-fomenta-la-innovacion-y-apoya-los-emprendimientos-de-jovenes\/","title":{"rendered":"Con \u201cMi Primer Negocio Rural\u201d INDAP fomenta la innovaci\u00f3n y apoya los emprendimientos de j\u00f3venes"},"content":{"rendered":"\n<p>En O\u2019Higgins est\u00e1n abiertas las postulaciones para este nuevo programa que en la regi\u00f3n beneficiar\u00e1 a 30 emprendedores.&nbsp;<\/p>\n\n\n\n<p>&nbsp;Gonzalo Mu\u00f1oz Arria es un esforzado agricultor de Chimbarongo e integrante de la Mesa de J\u00f3venes Rurales de O\u2019Higgins, quien desde el a\u00f1o 2017 se dedica al cultivo de man\u00ed. \u201cSumando y restando, yo dir\u00eda que me ha ido bien; no excelente, pero bien. Es m\u00e1s rentable que otros cultivos, aunque requiere m\u00e1s trabajo porque me falta la maquinaria adecuada\u201d, indic\u00f3. Gonzalo apost\u00f3 por quedarse en el campo y destac\u00f3 el nuevo programa de INDAP \u201cMi Primer Negocio Rural\u201d que en la Regi\u00f3n de O\u2019Higgins apoyar\u00e1 a 30 j\u00f3venes para que desarrollen sus emprendimientos silvoagropecuarios. &nbsp;<\/p>\n\n\n\n<p>En tanto, Fernando Huerta, agricultor de Codegua y presidente nacional de la Mesa de J\u00f3venes Rurales, tambi\u00e9n resalt\u00f3 la importancia de esta iniciativa, \u201cque brinda mayores oportunidades a los j\u00f3venes para que inicien un emprendimiento en el campo\u201d.<\/p>\n\n\n\n<p>En San Fernando, en el auditorio del campus Colchagua de la Universidad de O\u2019Higgins, donde sesion\u00f3 la Mesa regional de J\u00f3venes Rurales, se realiz\u00f3 una jornada de difusi\u00f3n de este nuevo programa, en la cual el Seremi de Agricultura, Cristian Silva; y el director regional de INDAP, Braulio Moreno, destacaron que la iniciativa constituye un apoyo concreto para los j\u00f3venes que quieren iniciar un negocio silvoagropecuario.<\/p>\n\n\n\n<figure class=\"wp-block-image size-full\"><img loading=\"lazy\" decoding=\"async\" width=\"600\" height=\"438\" src=\"https:\/\/www.rengoenlanoticia.cl\/prensa\/wp-content\/uploads\/2025\/04\/Con-Gonzalo-Munoz.jpg\" alt=\"\" class=\"wp-image-2442\" srcset=\"https:\/\/www.rengoenlanoticia.cl\/prensa\/wp-content\/uploads\/2025\/04\/Con-Gonzalo-Munoz.jpg 600w, https:\/\/www.rengoenlanoticia.cl\/prensa\/wp-content\/uploads\/2025\/04\/Con-Gonzalo-Munoz-300x219.jpg 300w, https:\/\/www.rengoenlanoticia.cl\/prensa\/wp-content\/uploads\/2025\/04\/Con-Gonzalo-Munoz-110x80.jpg 110w, https:\/\/www.rengoenlanoticia.cl\/prensa\/wp-content\/uploads\/2025\/04\/Con-Gonzalo-Munoz-200x146.jpg 200w, https:\/\/www.rengoenlanoticia.cl\/prensa\/wp-content\/uploads\/2025\/04\/Con-Gonzalo-Munoz-380x277.jpg 380w, https:\/\/www.rengoenlanoticia.cl\/prensa\/wp-content\/uploads\/2025\/04\/Con-Gonzalo-Munoz-255x186.jpg 255w, https:\/\/www.rengoenlanoticia.cl\/prensa\/wp-content\/uploads\/2025\/04\/Con-Gonzalo-Munoz-550x402.jpg 550w\" sizes=\"auto, (max-width: 600px) 100vw, 600px\" \/><\/figure>\n\n\n\n<p>Despu\u00e9s, el director regional de INDAP, Braulio Moreno, visit\u00f3 en Chimbarongo al productor Gonzalo Mu\u00f1oz, a quien le explic\u00f3 que el programa est\u00e1 dirigido a j\u00f3venes de entre 18 y 40 a\u00f1os de edad que deseen emprender en negocios silvoagropecuarios o actividades conexas; contempl\u00e1ndose la entrega de financiamiento no reembolsable y asesor\u00eda t\u00e9cnica. Agreg\u00f3 que las postulaciones estar\u00e1n abiertas hasta el 17 de este mes y se pueden realizar a trav\u00e9s de la p\u00e1gina web www.indap.gob.cl o en las agencias de \u00e1rea de INDAP, ubicadas en Rancagua, San Vicente TT, Rengo, Do\u00f1ihue, San Fernando, Las Cabras, Santa Cruz, Lolol, Marchig\u00fce y Litueche. Asimismo, resalt\u00f3 que se requiere que las y los j\u00f3venes rurales se queden en el campo y aporten creatividad e innovaci\u00f3n.<\/p>\n\n\n\n<p>Moreno explic\u00f3 que el a\u00f1o pasado se realiz\u00f3 una exitosa fase piloto en dos regiones del pa\u00eds y que ahora el programa \u201cMi Primer Negocio Rural\u201d del Instituto de Desarrollo Agropecuario (INDAP) se expandir\u00e1 a 14 regiones del pa\u00eds. Durante 2025, la inversi\u00f3n alcanzar\u00e1 a los $3.235 millones, lo que representa quintuplicar los recursos destinados al programa. Esta inversi\u00f3n en el pa\u00eds beneficiar\u00e1 a m\u00e1s de 500 j\u00f3venes emprendedores del sector silvoagropecuario.<\/p>\n\n\n\n<figure class=\"wp-block-image size-full\"><img loading=\"lazy\" decoding=\"async\" width=\"592\" height=\"395\" src=\"https:\/\/www.rengoenlanoticia.cl\/prensa\/wp-content\/uploads\/2025\/04\/grupo-de-dirigentes-de-la-mesa-JR.jpg\" alt=\"\" class=\"wp-image-2443\" srcset=\"https:\/\/www.rengoenlanoticia.cl\/prensa\/wp-content\/uploads\/2025\/04\/grupo-de-dirigentes-de-la-mesa-JR.jpg 592w, https:\/\/www.rengoenlanoticia.cl\/prensa\/wp-content\/uploads\/2025\/04\/grupo-de-dirigentes-de-la-mesa-JR-300x200.jpg 300w, https:\/\/www.rengoenlanoticia.cl\/prensa\/wp-content\/uploads\/2025\/04\/grupo-de-dirigentes-de-la-mesa-JR-110x73.jpg 110w, https:\/\/www.rengoenlanoticia.cl\/prensa\/wp-content\/uploads\/2025\/04\/grupo-de-dirigentes-de-la-mesa-JR-200x133.jpg 200w, https:\/\/www.rengoenlanoticia.cl\/prensa\/wp-content\/uploads\/2025\/04\/grupo-de-dirigentes-de-la-mesa-JR-380x254.jpg 380w, https:\/\/www.rengoenlanoticia.cl\/prensa\/wp-content\/uploads\/2025\/04\/grupo-de-dirigentes-de-la-mesa-JR-255x170.jpg 255w, https:\/\/www.rengoenlanoticia.cl\/prensa\/wp-content\/uploads\/2025\/04\/grupo-de-dirigentes-de-la-mesa-JR-550x367.jpg 550w\" sizes=\"auto, (max-width: 592px) 100vw, 592px\" \/><\/figure>\n\n\n\n<p>UN ESPACIO DE OPORTUNIDADES<\/p>\n\n\n\n<p>La expansi\u00f3n de \u201cMi Primer Negocio Rural\u201d responde al mandato del Presidente Gabriel Boric, quien ha enfatizado la importancia de transformar el campo en un espacio de oportunidades, evitando que los j\u00f3venes deban migrar a las ciudades en busca de empleo y desarrollo profesional.<\/p>\n\n\n\n<p>El Seremi de Agricultura, Cristian Silva, se\u00f1al\u00f3 que \u201clos agricultores est\u00e1n envejeciendo y necesitamos j\u00f3venes que sigan la cultura y las tradiciones del campo, pero tambi\u00e9n ellos necesitan que el Estado, que los gobiernos apoyen de alguna forma el desarrollo de sus emprendimientos\u201d. Reiter\u00f3 que necesitamos que los j\u00f3venes permanezcan en el campo, que tomen la posta y sigan haciendo agricultura para que contin\u00faen produciendo alimentos\u201d.<\/p>\n\n\n\n<p>Los interesados deben postular directamente en las agencias de \u00e1rea m\u00e1s cercanas o a trav\u00e9s de la p\u00e1gina web de INDAP. Si optan por esta \u00faltima opci\u00f3n, deben de todas formas realizar encuesta de tipolog\u00eda usuario INDAP en la agencia de \u00e1rea. Quienes resulten admisibles acceder\u00e1n a una capacitaci\u00f3n presencial para apoyar la formulaci\u00f3n del proyecto de negocio bajo la metodolog\u00eda CANVAS; y dicho proyecto ser\u00e1 presentado a concurso, para acceder a los recursos econ\u00f3micos y t\u00e9cnicos.<\/p>\n\n\n\n<p>Para m\u00e1s detalles, consultar en <a href=\"http:\/\/www.indap.gob.cl\">www.indap.gob.cl<\/a><\/p>\n","protected":false},"excerpt":{"rendered":"En O\u2019Higgins est\u00e1n abiertas las postulaciones para este nuevo programa que en la regi\u00f3n beneficiar\u00e1 a 30 emprendedores.&nbsp;&hellip;\n","protected":false},"author":1,"featured_media":2441,"comment_status":"open","ping_status":"open","sticky":false,"template":"","format":"standard","meta":{"_monsterinsights_skip_tracking":false,"_monsterinsights_sitenote_active":false,"_monsterinsights_sitenote_note":"","_monsterinsights_sitenote_category":0,"footnotes":""},"categories":[8],"tags":[],"class_list":{"0":"post-2437","1":"post","2":"type-post","3":"status-publish","4":"format-standard","5":"has-post-thumbnail","7":"category-portada"},"aioseo_notices":[],"_links":{"self":[{"href":"https:\/\/www.rengoenlanoticia.cl\/prensa\/wp-json\/wp\/v2\/posts\/2437","targetHints":{"allow":["GET"]}}],"collection":[{"href":"https:\/\/www.rengoenlanoticia.cl\/prensa\/wp-json\/wp\/v2\/posts"}],"about":[{"href":"https:\/\/www.rengoenlanoticia.cl\/prensa\/wp-json\/wp\/v2\/types\/post"}],"author":[{"embeddable":true,"href":"https:\/\/www.rengoenlanoticia.cl\/prensa\/wp-json\/wp\/v2\/users\/1"}],"replies":[{"embeddable":true,"href":"https:\/\/www.rengoenlanoticia.cl\/prensa\/wp-json\/wp\/v2\/comments?post=2437"}],"version-history":[{"count":3,"href":"https:\/\/www.rengoenlanoticia.cl\/prensa\/wp-json\/wp\/v2\/posts\/2437\/revisions"}],"predecessor-version":[{"id":2457,"href":"https:\/\/www.rengoenlanoticia.cl\/prensa\/wp-json\/wp\/v2\/posts\/2437\/revisions\/2457"}],"wp:featuredmedia":[{"embeddable":true,"href":"https:\/\/www.rengoenlanoticia.cl\/prensa\/wp-json\/wp\/v2\/media\/2441"}],"wp:attachment":[{"href":"https:\/\/www.rengoenlanoticia.cl\/prensa\/wp-json\/wp\/v2\/media?parent=2437"}],"wp:term":[{"taxonomy":"category","embeddable":true,"href":"https:\/\/www.rengoenlanoticia.cl\/prensa\/wp-json\/wp\/v2\/categories?post=2437"},{"taxonomy":"post_tag","embeddable":true,"href":"https:\/\/www.rengoenlanoticia.cl\/prensa\/wp-json\/wp\/v2\/tags?post=2437"}],"curies":[{"name":"wp","href":"https:\/\/api.w.org\/{rel}","templated":true}]}}