{"id":2422,"date":"2025-04-09T00:44:12","date_gmt":"2025-04-09T00:44:12","guid":{"rendered":"https:\/\/www.rengoenlanoticia.cl\/prensa\/?p=2422"},"modified":"2025-04-09T00:45:02","modified_gmt":"2025-04-09T00:45:02","slug":"doh-mop-ohiggins-impulsa-acciones-para-garantizar-la-calidad-del-agua-en-el-ssr-de-paredones","status":"publish","type":"post","link":"https:\/\/www.rengoenlanoticia.cl\/prensa\/2025\/04\/09\/doh-mop-ohiggins-impulsa-acciones-para-garantizar-la-calidad-del-agua-en-el-ssr-de-paredones\/","title":{"rendered":"DOH MOP O\u2019HIGGINS IMPULSA ACCIONES PARA GARANTIZAR LA CALIDAD DEL AGUA EN EL SSR DE PAREDONES"},"content":{"rendered":"\n<p>Autoridades y municipio refuerzan medidas para optimizar el servicio de agua potable y descartan riesgos para la comunidad.<\/p>\n\n\n\n<p>Desde este verano, el Ministerio de Obras P\u00fablicas, a trav\u00e9s de la Direcci\u00f3n de Obras Hidr\u00e1ulicas (DOH), la Seremi de Salud y el municipio de Paredones, se encuentran trabajado de manera conjunta con el Servicio Sanitario Rural (SSR) de la comuna, para mejorar la calidad del agua potable. Gracias a este esfuerzo colaborativo, se han adoptado una serie de medidas que permitir\u00e1n optimizar el suministro y garantizar su adecuado funcionamiento.<\/p>\n\n\n\n<p>El director regional de Obras Hidr\u00e1ulicas del MOP, C\u00e9sar Acevedo, destac\u00f3 la labor realizada hasta ahora y subray\u00f3 la importancia del mantenimiento del sistema. <strong>\u201cDesde que tomamos conocimiento de la condici\u00f3n del agua en el SSR de Paredones, a trav\u00e9s de la seremi y nuestra direcci\u00f3n, hemos realizado diversas acciones colaborativas con el municipio y con Acci\u00f3n Sanitaria de la seremi de Salud para identificar la problem\u00e1tica y categorizar la emergencia\u201d.<\/strong><\/p>\n\n\n\n<p><strong>\u201cEn nuestras visitas al sector, identificamos que no se ha realizado la limpieza de los filtros que permiten potabilizar el agua. Con la entrada en vigencia de la Ley 20.998, la responsabilidad de la calidad del agua recae en los Servicios Sanitarios Rurales. Como DOH, hemos asesorado al servicio en terreno y, gracias al compromiso del municipio, se dispondr\u00e1n camiones aljibe para ejecutar los retrolavados y mejorar la calidad del agua en el corto plazo\u201d<\/strong>, indic\u00f3 director regional de la DOH.<\/p>\n\n\n\n<p>Por su parte, Esteban Contreras Betancourt, Jefe del Departamento de Acci\u00f3n Sanitaria de la Seremi de Salud de la Regi\u00f3n de O&#8217;Higgins, explic\u00f3 que <strong>\u201cnos comunicamos con el municipio de Paredones tras detectar par\u00e1metros que afectan las condiciones organol\u00e9pticas del agua, el cual arroj\u00f3 un alteraci\u00f3n en su sabor, color y olor\u201d.<\/strong><\/p>\n\n\n\n<p>Contreras a\u00f1adi\u00f3 que <strong>\u201cseguiremos con nuestra labor de vigilancia sanitaria y, una vez realizadas las correcciones necesarias, tomaremos nuevas muestras para su an\u00e1lisis en nuestro laboratorio regional. No se ha registrado un aumento en enfermedades gastrointestinales asociadas a esta alteraci\u00f3n, pero continuaremos observando el cumplimiento de la normativa para garantizar la seguridad del agua para el consumo humano\u201d<\/strong>.<\/p>\n\n\n\n<p>Cabe destacar que la \u00faltima reuni\u00f3n realizada en el SSR de Paredones, se implementaron diferentes acciones para avanzar en el mejoramiento de la calidad del agua del servicio:<\/p>\n\n\n\n<ul class=\"wp-block-list\">\n<li>La municipalidad dispondr\u00e1 de camiones aljibe para el llenado de estanques, permitiendo la ejecuci\u00f3n peri\u00f3dica de los lavados de filtros, que deben realizarse al menos tres veces por semana.<\/li>\n<\/ul>\n\n\n\n<ul class=\"wp-block-list\">\n<li>El servicio de SSR de Paredones programar\u00e1 lavados de matrices para evitar la acumulaci\u00f3n de hierro y manganeso en las tuber\u00edas, lo que podr\u00eda afectar la calidad del agua potable.<\/li>\n<\/ul>\n\n\n\n<ul class=\"wp-block-list\">\n<li>El SSR se comprometi\u00f3 a no otorgar nuevas factibilidades de arranques de agua potable hasta que la situaci\u00f3n se regularice, seg\u00fan el informe t\u00e9cnico.<\/li>\n<\/ul>\n\n\n\n<ul class=\"wp-block-list\">\n<li>Se reforzar\u00e1n los protocolos de comunicaci\u00f3n para que el SSR informe oportunamente cortes programados y no programados, conforme a la normativa vigente.<\/li>\n<\/ul>\n\n\n\n<ul class=\"wp-block-list\">\n<li>El SSR de Paredones informar\u00e1 a la DOH y a la municipalidad la fecha de los pr\u00f3ximos retrolavados para coordinar su ejecuci\u00f3n y acompa\u00f1amiento.<\/li>\n<\/ul>\n\n\n\n<ul class=\"wp-block-list\">\n<li>La Direcci\u00f3n de Obras Hidr\u00e1ulicas continuar\u00e1 brindado apoyo t\u00e9cnico para optimizar las maniobras de retrolavado de filtros y asegurar su efectividad.<\/li>\n<\/ul>\n\n\n\n<p>Finalmente las autoridades recalcaron que, pese a las alteraciones en las caracter\u00edsticas del agua, no existe riesgo sanitario para la comunidad y que se continuar\u00e1 trabajando en conjunto para garantizar un servicio \u00f3ptimo y seguro para los habitantes de Paredones.<\/p>\n","protected":false},"excerpt":{"rendered":"Autoridades y municipio refuerzan medidas para optimizar el servicio de agua potable y descartan riesgos para la comunidad.&hellip;\n","protected":false},"author":1,"featured_media":2423,"comment_status":"open","ping_status":"open","sticky":false,"template":"","format":"standard","meta":{"_monsterinsights_skip_tracking":false,"_monsterinsights_sitenote_active":false,"_monsterinsights_sitenote_note":"","_monsterinsights_sitenote_category":0,"footnotes":""},"categories":[8],"tags":[],"class_list":{"0":"post-2422","1":"post","2":"type-post","3":"status-publish","4":"format-standard","5":"has-post-thumbnail","7":"category-portada"},"aioseo_notices":[],"_links":{"self":[{"href":"https:\/\/www.rengoenlanoticia.cl\/prensa\/wp-json\/wp\/v2\/posts\/2422","targetHints":{"allow":["GET"]}}],"collection":[{"href":"https:\/\/www.rengoenlanoticia.cl\/prensa\/wp-json\/wp\/v2\/posts"}],"about":[{"href":"https:\/\/www.rengoenlanoticia.cl\/prensa\/wp-json\/wp\/v2\/types\/post"}],"author":[{"embeddable":true,"href":"https:\/\/www.rengoenlanoticia.cl\/prensa\/wp-json\/wp\/v2\/users\/1"}],"replies":[{"embeddable":true,"href":"https:\/\/www.rengoenlanoticia.cl\/prensa\/wp-json\/wp\/v2\/comments?post=2422"}],"version-history":[{"count":2,"href":"https:\/\/www.rengoenlanoticia.cl\/prensa\/wp-json\/wp\/v2\/posts\/2422\/revisions"}],"predecessor-version":[{"id":2425,"href":"https:\/\/www.rengoenlanoticia.cl\/prensa\/wp-json\/wp\/v2\/posts\/2422\/revisions\/2425"}],"wp:featuredmedia":[{"embeddable":true,"href":"https:\/\/www.rengoenlanoticia.cl\/prensa\/wp-json\/wp\/v2\/media\/2423"}],"wp:attachment":[{"href":"https:\/\/www.rengoenlanoticia.cl\/prensa\/wp-json\/wp\/v2\/media?parent=2422"}],"wp:term":[{"taxonomy":"category","embeddable":true,"href":"https:\/\/www.rengoenlanoticia.cl\/prensa\/wp-json\/wp\/v2\/categories?post=2422"},{"taxonomy":"post_tag","embeddable":true,"href":"https:\/\/www.rengoenlanoticia.cl\/prensa\/wp-json\/wp\/v2\/tags?post=2422"}],"curies":[{"name":"wp","href":"https:\/\/api.w.org\/{rel}","templated":true}]}}