{"id":2414,"date":"2025-04-09T00:49:23","date_gmt":"2025-04-09T00:49:23","guid":{"rendered":"https:\/\/www.rengoenlanoticia.cl\/prensa\/?p=2414"},"modified":"2025-04-09T00:49:26","modified_gmt":"2025-04-09T00:49:26","slug":"oficina-de-asuntos-indigenas-de-santiago-y-delegacion-presidencial-regional-de-ohiggins-firman-convenio-para-la-visibilizacion-de-tematicas-indigenas-en-la-region-de-ohiggins","status":"publish","type":"post","link":"https:\/\/www.rengoenlanoticia.cl\/prensa\/2025\/04\/09\/oficina-de-asuntos-indigenas-de-santiago-y-delegacion-presidencial-regional-de-ohiggins-firman-convenio-para-la-visibilizacion-de-tematicas-indigenas-en-la-region-de-ohiggins\/","title":{"rendered":"Oficina de Asuntos Ind\u00edgenas de Santiago y Delegaci\u00f3n Presidencial Regional de O&#8217;Higgins firman Convenio para la Visibilizaci\u00f3n de Tem\u00e1ticas Ind\u00edgenas en la Regi\u00f3n de O&#8217;Higgins"},"content":{"rendered":"\n<p>Con gran satisfacci\u00f3n, la Oficina de Asuntos Ind\u00edgenas de Santiago y la Delegaci\u00f3n Presidencial Regional de O&#8217;Higgins han firmado un in\u00e9dito convenio que busca visibilizar y fomentar la tem\u00e1tica ind\u00edgena en las provincias de nuestra regi\u00f3n. Este acuerdo, que nace como compromiso del Delegado Presidencial Regional, Fabio L\u00f3pez Aguilera, en el marco de la mesa regional ind\u00edgena, tiene como objetivo impulsar iniciativas que beneficien directamente a las personas, asociaciones y comunidades ind\u00edgenas.<\/p>\n\n\n\n<p>El Delegado Presidencial Regional, Fabio L\u00f3pez Aguilera, tambi\u00e9n destac\u00f3: \u201cEste convenio no solo refuerza nuestro compromiso con los pueblos ind\u00edgenas, sino que tambi\u00e9n refleja nuestra voluntad de escuchar y trabajar conjuntamente con las comunidades. Es un paso importante hacia la inclusi\u00f3n y el reconocimiento de sus derechos y culturas.\u201d<\/p>\n\n\n\n<p>Ximena Montecinos, Jefa de Asuntos Ind\u00edgenas de Santiago(s), expres\u00f3: \u201cEste convenio permitir\u00e1 a la Delegaci\u00f3n visibilizar la tem\u00e1tica ind\u00edgena en las provincias de la regi\u00f3n, a fin de impulsar iniciativas en favor de las personas, asociaciones y comunidades ind\u00edgenas. Para CONADI, este convenio es una oportunidad para articular un trabajo colaborativo con otras instituciones del Estado, a fin de promover los derechos de los pueblos ind\u00edgenas. Es necesario este espacio para avanzar hacia el reconocimiento de la presencia hist\u00f3rica de los pueblos en la regi\u00f3n de O&#8217;Higgins y el aporte que hacen a la construcci\u00f3n de una regi\u00f3n diversa, arm\u00f3nica y equitativa.\u201d<\/p>\n\n\n\n<p>El convenio establece un marco de colaboraci\u00f3n que permitir\u00e1 implementar programas e iniciativas que fortalezcan el desarrollo social, cultural y econ\u00f3mico de las comunidades ind\u00edgenas en O&#8217;Higgins. Adem\u00e1s, se espera fomentar el di\u00e1logo y la participaci\u00f3n activa de los pueblos ind\u00edgenas en la toma de decisiones que les afectan.<\/p>\n\n\n\n<p>Este acuerdo resalta la importancia de atender las necesidades y demandas de nuestras comunidades ind\u00edgenas y refleja un compromiso firme por parte de la Delegaci\u00f3n Presidencial Regional de O&#8217;Higgins para promover un enfoque inclusivo y respetuoso en todas sus acciones.<\/p>\n\n\n\n<p>Estamos convencidos de que este convenio es un paso significativo hacia la construcci\u00f3n de una sociedad m\u00e1s equitativa, donde se reconozca y valore la diversidad cultural que enriquece nuestra regi\u00f3n.<\/p>\n","protected":false},"excerpt":{"rendered":"Con gran satisfacci\u00f3n, la Oficina de Asuntos Ind\u00edgenas de Santiago y la Delegaci\u00f3n Presidencial Regional de O&#8217;Higgins han&hellip;\n","protected":false},"author":1,"featured_media":2419,"comment_status":"open","ping_status":"open","sticky":false,"template":"","format":"standard","meta":{"_monsterinsights_skip_tracking":false,"_monsterinsights_sitenote_active":false,"_monsterinsights_sitenote_note":"","_monsterinsights_sitenote_category":0,"footnotes":""},"categories":[8],"tags":[],"class_list":{"0":"post-2414","1":"post","2":"type-post","3":"status-publish","4":"format-standard","5":"has-post-thumbnail","7":"category-portada"},"aioseo_notices":[],"_links":{"self":[{"href":"https:\/\/www.rengoenlanoticia.cl\/prensa\/wp-json\/wp\/v2\/posts\/2414","targetHints":{"allow":["GET"]}}],"collection":[{"href":"https:\/\/www.rengoenlanoticia.cl\/prensa\/wp-json\/wp\/v2\/posts"}],"about":[{"href":"https:\/\/www.rengoenlanoticia.cl\/prensa\/wp-json\/wp\/v2\/types\/post"}],"author":[{"embeddable":true,"href":"https:\/\/www.rengoenlanoticia.cl\/prensa\/wp-json\/wp\/v2\/users\/1"}],"replies":[{"embeddable":true,"href":"https:\/\/www.rengoenlanoticia.cl\/prensa\/wp-json\/wp\/v2\/comments?post=2414"}],"version-history":[{"count":3,"href":"https:\/\/www.rengoenlanoticia.cl\/prensa\/wp-json\/wp\/v2\/posts\/2414\/revisions"}],"predecessor-version":[{"id":2431,"href":"https:\/\/www.rengoenlanoticia.cl\/prensa\/wp-json\/wp\/v2\/posts\/2414\/revisions\/2431"}],"wp:featuredmedia":[{"embeddable":true,"href":"https:\/\/www.rengoenlanoticia.cl\/prensa\/wp-json\/wp\/v2\/media\/2419"}],"wp:attachment":[{"href":"https:\/\/www.rengoenlanoticia.cl\/prensa\/wp-json\/wp\/v2\/media?parent=2414"}],"wp:term":[{"taxonomy":"category","embeddable":true,"href":"https:\/\/www.rengoenlanoticia.cl\/prensa\/wp-json\/wp\/v2\/categories?post=2414"},{"taxonomy":"post_tag","embeddable":true,"href":"https:\/\/www.rengoenlanoticia.cl\/prensa\/wp-json\/wp\/v2\/tags?post=2414"}],"curies":[{"name":"wp","href":"https:\/\/api.w.org\/{rel}","templated":true}]}}