{"id":2410,"date":"2025-04-09T00:46:22","date_gmt":"2025-04-09T00:46:22","guid":{"rendered":"https:\/\/www.rengoenlanoticia.cl\/prensa\/?p=2410"},"modified":"2025-04-09T00:46:27","modified_gmt":"2025-04-09T00:46:27","slug":"carabineros-realizara-amplio-despliegue-de-servicios-policiales-preventivos-en-medialuna-de-rancagua","status":"publish","type":"post","link":"https:\/\/www.rengoenlanoticia.cl\/prensa\/2025\/04\/09\/carabineros-realizara-amplio-despliegue-de-servicios-policiales-preventivos-en-medialuna-de-rancagua\/","title":{"rendered":"Carabineros realizar\u00e1 amplio despliegue de servicios policiales preventivos en Medialuna de Rancagua"},"content":{"rendered":"\n<p><\/p>\n\n\n\n<p>Con motivo del 76\u00b0 Campeonato Nacional de Rodeo, Carabineros de la Zona O\u2019Higgins dio inicio esta ma\u00f1ana a los servicios preventivos que desarrollar\u00e1 en la Medialuna de Rancagua, con el objetivo de brindar mayor seguridad y tranquilidad a quienes asistan a este evento como a la comunidad en general.<br>Junto al Seremi (I) de Seguridad P\u00fablica, Rodolfo N\u00fa\u00f1ez Bustamante; el presidente de la Federaci\u00f3n de Rodeo de Chile, Alfredo Moreno Echeverr\u00eda; el Jefe Zona O\u2019Higgins, General Max Jim\u00e9nez Fleming, se\u00f1al\u00f3 que \u201ctodos los a\u00f1os Carabineros presta servicios en el Campeonato Nacional de Rodeo, por tratarse de una actividad de car\u00e1cter nacional y regional con una masiva afluencia de p\u00fablico y de muchas familias. Este a\u00f1o como los anteriores estaremos con la presencia activa de un contingente durante las 24 horas, para prevenir que se cometan il\u00edcitos en el interior del recinto, pero tambi\u00e9n en el per\u00edmetro exterior, para dar tranquilidad y seguridad a todos los asistentes, a los vecinos del sector y a la comunidad en general\u201d. Carabineros instalar\u00e1 en la Medialuna de Rancagua una Subcomisar\u00eda.<\/p>\n\n\n\n<figure class=\"wp-block-image size-large\"><img loading=\"lazy\" decoding=\"async\" width=\"1024\" height=\"683\" src=\"https:\/\/www.rengoenlanoticia.cl\/prensa\/wp-content\/uploads\/2025\/04\/WhatsApp-Image-2025-04-08-at-17.32.11-1024x683.jpeg\" alt=\"\" class=\"wp-image-2416\" srcset=\"https:\/\/www.rengoenlanoticia.cl\/prensa\/wp-content\/uploads\/2025\/04\/WhatsApp-Image-2025-04-08-at-17.32.11-1024x683.jpeg 1024w, https:\/\/www.rengoenlanoticia.cl\/prensa\/wp-content\/uploads\/2025\/04\/WhatsApp-Image-2025-04-08-at-17.32.11-300x200.jpeg 300w, https:\/\/www.rengoenlanoticia.cl\/prensa\/wp-content\/uploads\/2025\/04\/WhatsApp-Image-2025-04-08-at-17.32.11-768x512.jpeg 768w, https:\/\/www.rengoenlanoticia.cl\/prensa\/wp-content\/uploads\/2025\/04\/WhatsApp-Image-2025-04-08-at-17.32.11-110x73.jpeg 110w, https:\/\/www.rengoenlanoticia.cl\/prensa\/wp-content\/uploads\/2025\/04\/WhatsApp-Image-2025-04-08-at-17.32.11-200x133.jpeg 200w, https:\/\/www.rengoenlanoticia.cl\/prensa\/wp-content\/uploads\/2025\/04\/WhatsApp-Image-2025-04-08-at-17.32.11-380x254.jpeg 380w, https:\/\/www.rengoenlanoticia.cl\/prensa\/wp-content\/uploads\/2025\/04\/WhatsApp-Image-2025-04-08-at-17.32.11-255x170.jpeg 255w, https:\/\/www.rengoenlanoticia.cl\/prensa\/wp-content\/uploads\/2025\/04\/WhatsApp-Image-2025-04-08-at-17.32.11-550x367.jpeg 550w, https:\/\/www.rengoenlanoticia.cl\/prensa\/wp-content\/uploads\/2025\/04\/WhatsApp-Image-2025-04-08-at-17.32.11-800x534.jpeg 800w, https:\/\/www.rengoenlanoticia.cl\/prensa\/wp-content\/uploads\/2025\/04\/WhatsApp-Image-2025-04-08-at-17.32.11-1160x774.jpeg 1160w, https:\/\/www.rengoenlanoticia.cl\/prensa\/wp-content\/uploads\/2025\/04\/WhatsApp-Image-2025-04-08-at-17.32.11.jpeg 1280w\" sizes=\"auto, (max-width: 1024px) 100vw, 1024px\" \/><\/figure>\n\n\n\n<p>En ese sentido, el General Jim\u00e9nez Fleming, llam\u00f3 a los asistentes a cuidar sus pertenencias, a respetar las normas de tr\u00e1nsito, por ejemplo, a no obstaculizar la salida de veh\u00edculos de los vecinos, puesto que quienes no las respeten, ser\u00e1n infraccionados; tambi\u00e9n a no dejar especies visibles en el interior de los veh\u00edculos, entre otras.<br>El General Jim\u00e9nez Fleming, tras la formaci\u00f3n de Carabineros territoriales de la 1\u00b0 Comisar\u00eda Rancagua, de la Secci\u00f3n Motorizada, Patrulla de Bicicletas, 7\u00b0 Comisar\u00eda COP y de las especialidades SIP, OS-7, OS-9, SIAT y Labocar, les entreg\u00f3 instrucciones relativas al autocuidado y al desarrollo de los servicios preventivos.<\/p>\n\n\n\n<figure class=\"wp-block-image size-large\"><img loading=\"lazy\" decoding=\"async\" width=\"1024\" height=\"683\" src=\"https:\/\/www.rengoenlanoticia.cl\/prensa\/wp-content\/uploads\/2025\/04\/WhatsApp-Image-2025-04-08-at-17.32.11-1-1024x683.jpeg\" alt=\"\" class=\"wp-image-2417\" srcset=\"https:\/\/www.rengoenlanoticia.cl\/prensa\/wp-content\/uploads\/2025\/04\/WhatsApp-Image-2025-04-08-at-17.32.11-1-1024x683.jpeg 1024w, https:\/\/www.rengoenlanoticia.cl\/prensa\/wp-content\/uploads\/2025\/04\/WhatsApp-Image-2025-04-08-at-17.32.11-1-300x200.jpeg 300w, https:\/\/www.rengoenlanoticia.cl\/prensa\/wp-content\/uploads\/2025\/04\/WhatsApp-Image-2025-04-08-at-17.32.11-1-768x512.jpeg 768w, https:\/\/www.rengoenlanoticia.cl\/prensa\/wp-content\/uploads\/2025\/04\/WhatsApp-Image-2025-04-08-at-17.32.11-1-110x73.jpeg 110w, https:\/\/www.rengoenlanoticia.cl\/prensa\/wp-content\/uploads\/2025\/04\/WhatsApp-Image-2025-04-08-at-17.32.11-1-200x133.jpeg 200w, https:\/\/www.rengoenlanoticia.cl\/prensa\/wp-content\/uploads\/2025\/04\/WhatsApp-Image-2025-04-08-at-17.32.11-1-380x254.jpeg 380w, https:\/\/www.rengoenlanoticia.cl\/prensa\/wp-content\/uploads\/2025\/04\/WhatsApp-Image-2025-04-08-at-17.32.11-1-255x170.jpeg 255w, https:\/\/www.rengoenlanoticia.cl\/prensa\/wp-content\/uploads\/2025\/04\/WhatsApp-Image-2025-04-08-at-17.32.11-1-550x367.jpeg 550w, https:\/\/www.rengoenlanoticia.cl\/prensa\/wp-content\/uploads\/2025\/04\/WhatsApp-Image-2025-04-08-at-17.32.11-1-800x534.jpeg 800w, https:\/\/www.rengoenlanoticia.cl\/prensa\/wp-content\/uploads\/2025\/04\/WhatsApp-Image-2025-04-08-at-17.32.11-1-1160x774.jpeg 1160w, https:\/\/www.rengoenlanoticia.cl\/prensa\/wp-content\/uploads\/2025\/04\/WhatsApp-Image-2025-04-08-at-17.32.11-1.jpeg 1280w\" sizes=\"auto, (max-width: 1024px) 100vw, 1024px\" \/><\/figure>\n\n\n\n<figure class=\"wp-block-image size-large\"><img loading=\"lazy\" decoding=\"async\" width=\"1024\" height=\"683\" src=\"https:\/\/www.rengoenlanoticia.cl\/prensa\/wp-content\/uploads\/2025\/04\/WhatsApp-Image-2025-04-08-at-17.32.11-2-1024x683.jpeg\" alt=\"\" class=\"wp-image-2418\" srcset=\"https:\/\/www.rengoenlanoticia.cl\/prensa\/wp-content\/uploads\/2025\/04\/WhatsApp-Image-2025-04-08-at-17.32.11-2-1024x683.jpeg 1024w, https:\/\/www.rengoenlanoticia.cl\/prensa\/wp-content\/uploads\/2025\/04\/WhatsApp-Image-2025-04-08-at-17.32.11-2-300x200.jpeg 300w, https:\/\/www.rengoenlanoticia.cl\/prensa\/wp-content\/uploads\/2025\/04\/WhatsApp-Image-2025-04-08-at-17.32.11-2-768x512.jpeg 768w, https:\/\/www.rengoenlanoticia.cl\/prensa\/wp-content\/uploads\/2025\/04\/WhatsApp-Image-2025-04-08-at-17.32.11-2-110x73.jpeg 110w, https:\/\/www.rengoenlanoticia.cl\/prensa\/wp-content\/uploads\/2025\/04\/WhatsApp-Image-2025-04-08-at-17.32.11-2-200x133.jpeg 200w, https:\/\/www.rengoenlanoticia.cl\/prensa\/wp-content\/uploads\/2025\/04\/WhatsApp-Image-2025-04-08-at-17.32.11-2-380x254.jpeg 380w, https:\/\/www.rengoenlanoticia.cl\/prensa\/wp-content\/uploads\/2025\/04\/WhatsApp-Image-2025-04-08-at-17.32.11-2-255x170.jpeg 255w, https:\/\/www.rengoenlanoticia.cl\/prensa\/wp-content\/uploads\/2025\/04\/WhatsApp-Image-2025-04-08-at-17.32.11-2-550x367.jpeg 550w, https:\/\/www.rengoenlanoticia.cl\/prensa\/wp-content\/uploads\/2025\/04\/WhatsApp-Image-2025-04-08-at-17.32.11-2-800x534.jpeg 800w, https:\/\/www.rengoenlanoticia.cl\/prensa\/wp-content\/uploads\/2025\/04\/WhatsApp-Image-2025-04-08-at-17.32.11-2-1160x774.jpeg 1160w, https:\/\/www.rengoenlanoticia.cl\/prensa\/wp-content\/uploads\/2025\/04\/WhatsApp-Image-2025-04-08-at-17.32.11-2.jpeg 1280w\" sizes=\"auto, (max-width: 1024px) 100vw, 1024px\" \/><\/figure>\n","protected":false},"excerpt":{"rendered":"Con motivo del 76\u00b0 Campeonato Nacional de Rodeo, Carabineros de la Zona O\u2019Higgins dio inicio esta ma\u00f1ana a&hellip;\n","protected":false},"author":1,"featured_media":2411,"comment_status":"open","ping_status":"open","sticky":false,"template":"","format":"standard","meta":{"_monsterinsights_skip_tracking":false,"_monsterinsights_sitenote_active":false,"_monsterinsights_sitenote_note":"","_monsterinsights_sitenote_category":0,"footnotes":""},"categories":[8],"tags":[],"class_list":{"0":"post-2410","1":"post","2":"type-post","3":"status-publish","4":"format-standard","5":"has-post-thumbnail","7":"category-portada"},"aioseo_notices":[],"_links":{"self":[{"href":"https:\/\/www.rengoenlanoticia.cl\/prensa\/wp-json\/wp\/v2\/posts\/2410","targetHints":{"allow":["GET"]}}],"collection":[{"href":"https:\/\/www.rengoenlanoticia.cl\/prensa\/wp-json\/wp\/v2\/posts"}],"about":[{"href":"https:\/\/www.rengoenlanoticia.cl\/prensa\/wp-json\/wp\/v2\/types\/post"}],"author":[{"embeddable":true,"href":"https:\/\/www.rengoenlanoticia.cl\/prensa\/wp-json\/wp\/v2\/users\/1"}],"replies":[{"embeddable":true,"href":"https:\/\/www.rengoenlanoticia.cl\/prensa\/wp-json\/wp\/v2\/comments?post=2410"}],"version-history":[{"count":3,"href":"https:\/\/www.rengoenlanoticia.cl\/prensa\/wp-json\/wp\/v2\/posts\/2410\/revisions"}],"predecessor-version":[{"id":2428,"href":"https:\/\/www.rengoenlanoticia.cl\/prensa\/wp-json\/wp\/v2\/posts\/2410\/revisions\/2428"}],"wp:featuredmedia":[{"embeddable":true,"href":"https:\/\/www.rengoenlanoticia.cl\/prensa\/wp-json\/wp\/v2\/media\/2411"}],"wp:attachment":[{"href":"https:\/\/www.rengoenlanoticia.cl\/prensa\/wp-json\/wp\/v2\/media?parent=2410"}],"wp:term":[{"taxonomy":"category","embeddable":true,"href":"https:\/\/www.rengoenlanoticia.cl\/prensa\/wp-json\/wp\/v2\/categories?post=2410"},{"taxonomy":"post_tag","embeddable":true,"href":"https:\/\/www.rengoenlanoticia.cl\/prensa\/wp-json\/wp\/v2\/tags?post=2410"}],"curies":[{"name":"wp","href":"https:\/\/api.w.org\/{rel}","templated":true}]}}