{"id":2404,"date":"2025-04-08T19:38:50","date_gmt":"2025-04-08T19:38:50","guid":{"rendered":"https:\/\/www.rengoenlanoticia.cl\/prensa\/?p=2404"},"modified":"2025-04-08T19:40:14","modified_gmt":"2025-04-08T19:40:14","slug":"rengo-condenan-a-5-anos-y-un-dia-de-presidio-efectivo-a-autor-de-maltrato-de-obra-a-carabinero-en-servicio-causando-lesiones-graves","status":"publish","type":"post","link":"https:\/\/www.rengoenlanoticia.cl\/prensa\/2025\/04\/08\/rengo-condenan-a-5-anos-y-un-dia-de-presidio-efectivo-a-autor-de-maltrato-de-obra-a-carabinero-en-servicio-causando-lesiones-graves\/","title":{"rendered":"Rengo: Condenan a 5 a\u00f1os y un d\u00eda de presidio efectivo a autor de maltrato de obra a carabinero en servicio causando lesiones graves"},"content":{"rendered":"\n<p>El Tribunal de Juicio Oral en lo Penal de Rancagua conden\u00f3 a A.J.B.R a cumplir la pena 5 a\u00f1os y un d\u00eda de presidio efectivo, en calidad de autor del delito consumado de delito de maltrato de obra a carabinero de servicio causando lesiones graves. Il\u00edcito perpetrado en marzo de 2024, en la comuna de Rengo.<\/p>\n\n\n\n<p>En resoluci\u00f3n un\u00e1nime, el tribunal dio por acreditado, m\u00e1s all\u00e1 de toda duda razonable que alrededor de las 23:00 horas del 12 de marzo de 2024, \u201clos carabineros R.V.Y y F. G.A sorprendieron al acusado A.J.B.R conduciendo una motocicleta por calle Arturo Prat de la comuna de Rengo, sin contar con las placas patentes reglamentarias y sin hacer uso de luces por lo que intentaron fiscalizarlo\u201d.<\/p>\n\n\n\n<p>El sentenciado \u201cevit\u00f3 el control d\u00e1ndose a la fuga, inici\u00e1ndose una persecuci\u00f3n policial que termin\u00f3 en una esquina de la villa Valles de Rengo, lugar en el que A.J.B.R , opuso resistencia a la fiscalizaci\u00f3n materializada por, R.V.Y, con quien forcejea, provoc\u00e1ndole una fractura en el cuarto metacarpo de su mano izquierda, lesi\u00f3n que provoc\u00f3 una incapacidad laboral superior a 30 d\u00edas\u201d.<\/p>\n\n\n\n<p>El tribunal impuso a A.J.B.R , las accesorias de inhabilitaci\u00f3n absoluta perpetua para cargos y oficios p\u00fablicos y derechos pol\u00edticos y de inhabilitaci\u00f3n absoluta para profesiones titulares mientras dure la condena, adem\u00e1s del pago de las costas de la causa.<\/p>\n\n\n\n<p>Al momento de determinar la pena, el tribunal tuvo a la vista que \u201cel actuar materializado por el acusado de forcejear con el carabinero R.V.Y , da cuenta de la existencia de un&nbsp; dolo de lesionar, pues no pudo menos que representarse que la acci\u00f3n violenta de oponer resistencia al procedimiento realizado por el mencionado carabinero, podr\u00eda provocar un resultado lesivo, tal como efectivamente ocurri\u00f3, tanto al utilizar sus extremidades superiores e inferiores para dirigirlas con fuerza hacia los cuerpos del carabinero, como lo reconoce en su declaraci\u00f3n judicial y se observa adem\u00e1s en el video aportado como prueba, no existiendo ning\u00fan antecedente que permita establecer que no haya tenido el control de su conducta o que haya sido otra situaci\u00f3n la que provoc\u00f3 la fractura \u00f3sea que afect\u00f3 a \u201d R.V.Y.<\/p>\n\n\n\n<p>\u201cQue la pena asignada al delito de maltrato de obra a un carabinero de servicio, es la de presidio mayor en su grado m\u00ednimo, en el caso de resultar el funcionario afectado con lesiones graves, es decir con una enfermedad o incapacidad para el trabajo por m\u00e1s de treinta d\u00edas, y considerando que no existen atenuantes y agravantes que considerar el tribunal puede recorrer toda la extensi\u00f3n de la pena, conforme lo dispuesto en el art\u00edculo 67 del C\u00f3digo Penal, se regular\u00e1 la pena a aplicar en el m\u00ednimum de cinco a\u00f1os y un d\u00eda de presidio mayor en su grado m\u00ednimo, por estimarse proporcional a la extensi\u00f3n del da\u00f1o producido en el carabinero lesionado\u201d, razona el fallo.<\/p>\n","protected":false},"excerpt":{"rendered":"El Tribunal de Juicio Oral en lo Penal de Rancagua conden\u00f3 a A.J.B.R a cumplir la pena 5&hellip;\n","protected":false},"author":1,"featured_media":2406,"comment_status":"open","ping_status":"open","sticky":false,"template":"","format":"standard","meta":{"_monsterinsights_skip_tracking":false,"_monsterinsights_sitenote_active":false,"_monsterinsights_sitenote_note":"","_monsterinsights_sitenote_category":0,"footnotes":""},"categories":[5,8],"tags":[],"class_list":{"0":"post-2404","1":"post","2":"type-post","3":"status-publish","4":"format-standard","5":"has-post-thumbnail","7":"category-policial","8":"category-portada"},"aioseo_notices":[],"_links":{"self":[{"href":"https:\/\/www.rengoenlanoticia.cl\/prensa\/wp-json\/wp\/v2\/posts\/2404","targetHints":{"allow":["GET"]}}],"collection":[{"href":"https:\/\/www.rengoenlanoticia.cl\/prensa\/wp-json\/wp\/v2\/posts"}],"about":[{"href":"https:\/\/www.rengoenlanoticia.cl\/prensa\/wp-json\/wp\/v2\/types\/post"}],"author":[{"embeddable":true,"href":"https:\/\/www.rengoenlanoticia.cl\/prensa\/wp-json\/wp\/v2\/users\/1"}],"replies":[{"embeddable":true,"href":"https:\/\/www.rengoenlanoticia.cl\/prensa\/wp-json\/wp\/v2\/comments?post=2404"}],"version-history":[{"count":3,"href":"https:\/\/www.rengoenlanoticia.cl\/prensa\/wp-json\/wp\/v2\/posts\/2404\/revisions"}],"predecessor-version":[{"id":2409,"href":"https:\/\/www.rengoenlanoticia.cl\/prensa\/wp-json\/wp\/v2\/posts\/2404\/revisions\/2409"}],"wp:featuredmedia":[{"embeddable":true,"href":"https:\/\/www.rengoenlanoticia.cl\/prensa\/wp-json\/wp\/v2\/media\/2406"}],"wp:attachment":[{"href":"https:\/\/www.rengoenlanoticia.cl\/prensa\/wp-json\/wp\/v2\/media?parent=2404"}],"wp:term":[{"taxonomy":"category","embeddable":true,"href":"https:\/\/www.rengoenlanoticia.cl\/prensa\/wp-json\/wp\/v2\/categories?post=2404"},{"taxonomy":"post_tag","embeddable":true,"href":"https:\/\/www.rengoenlanoticia.cl\/prensa\/wp-json\/wp\/v2\/tags?post=2404"}],"curies":[{"name":"wp","href":"https:\/\/api.w.org\/{rel}","templated":true}]}}