{"id":2394,"date":"2025-04-08T19:22:46","date_gmt":"2025-04-08T19:22:46","guid":{"rendered":"https:\/\/www.rengoenlanoticia.cl\/prensa\/?p=2394"},"modified":"2025-04-08T19:25:59","modified_gmt":"2025-04-08T19:25:59","slug":"presidente-de-la-corte-de-rancagua-participa-en-reunion-extraordinaria-de-la-comision-de-proteccion-de-derechos-de-nna","status":"publish","type":"post","link":"https:\/\/www.rengoenlanoticia.cl\/prensa\/2025\/04\/08\/presidente-de-la-corte-de-rancagua-participa-en-reunion-extraordinaria-de-la-comision-de-proteccion-de-derechos-de-nna\/","title":{"rendered":"Presidente de la Corte de Rancagua participa en reuni\u00f3n extraordinaria de la Comisi\u00f3n de Protecci\u00f3n de Derechos de NNA"},"content":{"rendered":"\n<p>El presidente de la Corte de Apelaciones de Rancagua, Pedro Caro Romero, particip\u00f3 en la reuni\u00f3n extraordinaria de la comisi\u00f3n de protecci\u00f3n regional encargada de la coordinaci\u00f3n intersectorial de servicios p\u00fablicos en materia de protecci\u00f3n de derechos de ni\u00f1os, ni\u00f1as y adolescentes (NNA).<\/p>\n\n\n\n<p>Esta comisi\u00f3n es encabezada por la seremi de Desarrollo Social y Familia, Nayadeth Ahumada Herrera, y est\u00e1 integrada por los representantes de los ministerios, jefes de servicio y organismos vinculados a la ni\u00f1ez.<\/p>\n\n\n\n<p>En esta ocasi\u00f3n, la directora regional (s) del Servicio Nacional de Protecci\u00f3n Especializada a la Ni\u00f1ez y Adolescencia, Carolina Espinoza Aliaga, expuso el diagn\u00f3stico regional sobre las atenciones de NNA, causales de ingreso a los programas y derivaciones realizadas por los tribunales de Familia.<\/p>\n\n\n\n<p>El presidente del tribunal de alzada, quien asisti\u00f3 en calidad de invitado, expuso durante la reuni\u00f3n los mecanismos existentes en la normativa que permiten potenciar la coordinaci\u00f3n intersectorial y su visi\u00f3n sobre el trabajo de los juzgados en materia de derivaciones a programas para asegurar la efectiva protecci\u00f3n de derechos de NNA.<\/p>\n\n\n\n<figure class=\"wp-block-image size-large\"><img loading=\"lazy\" decoding=\"async\" width=\"1024\" height=\"682\" src=\"https:\/\/www.rengoenlanoticia.cl\/prensa\/wp-content\/uploads\/2025\/04\/WhatsApp-Image-2025-04-08-at-15.10.38-1024x682.jpeg\" alt=\"\" class=\"wp-image-2397\" srcset=\"https:\/\/www.rengoenlanoticia.cl\/prensa\/wp-content\/uploads\/2025\/04\/WhatsApp-Image-2025-04-08-at-15.10.38-1024x682.jpeg 1024w, https:\/\/www.rengoenlanoticia.cl\/prensa\/wp-content\/uploads\/2025\/04\/WhatsApp-Image-2025-04-08-at-15.10.38-300x200.jpeg 300w, https:\/\/www.rengoenlanoticia.cl\/prensa\/wp-content\/uploads\/2025\/04\/WhatsApp-Image-2025-04-08-at-15.10.38-768x512.jpeg 768w, https:\/\/www.rengoenlanoticia.cl\/prensa\/wp-content\/uploads\/2025\/04\/WhatsApp-Image-2025-04-08-at-15.10.38-1536x1023.jpeg 1536w, https:\/\/www.rengoenlanoticia.cl\/prensa\/wp-content\/uploads\/2025\/04\/WhatsApp-Image-2025-04-08-at-15.10.38-110x73.jpeg 110w, https:\/\/www.rengoenlanoticia.cl\/prensa\/wp-content\/uploads\/2025\/04\/WhatsApp-Image-2025-04-08-at-15.10.38-200x133.jpeg 200w, https:\/\/www.rengoenlanoticia.cl\/prensa\/wp-content\/uploads\/2025\/04\/WhatsApp-Image-2025-04-08-at-15.10.38-380x253.jpeg 380w, https:\/\/www.rengoenlanoticia.cl\/prensa\/wp-content\/uploads\/2025\/04\/WhatsApp-Image-2025-04-08-at-15.10.38-255x170.jpeg 255w, https:\/\/www.rengoenlanoticia.cl\/prensa\/wp-content\/uploads\/2025\/04\/WhatsApp-Image-2025-04-08-at-15.10.38-550x366.jpeg 550w, https:\/\/www.rengoenlanoticia.cl\/prensa\/wp-content\/uploads\/2025\/04\/WhatsApp-Image-2025-04-08-at-15.10.38-800x533.jpeg 800w, https:\/\/www.rengoenlanoticia.cl\/prensa\/wp-content\/uploads\/2025\/04\/WhatsApp-Image-2025-04-08-at-15.10.38-1160x773.jpeg 1160w, https:\/\/www.rengoenlanoticia.cl\/prensa\/wp-content\/uploads\/2025\/04\/WhatsApp-Image-2025-04-08-at-15.10.38.jpeg 1600w\" sizes=\"auto, (max-width: 1024px) 100vw, 1024px\" \/><\/figure>\n\n\n\n<p>\u201cHa sido muy provechoso participar en esta comisi\u00f3n que tiene entre sus funciones evaluar, dise\u00f1ar, planificar y tomar decisiones para que el sistema en su conjunto pueda dar una protecci\u00f3n oportuna y eficiente. Fue muy relevante conocer el diagn\u00f3stico pormenorizado entregado por el Servicio Nacional de Protecci\u00f3n Especializada a la Ni\u00f1ez y Adolescencia y poder compartir propuestas que fortalezcan la coordinaci\u00f3n intersectorial en pos del bienestar de los ni\u00f1as, ni\u00f1os y adolescentes\u201d, manifest\u00f3 el ministro Pedro Caro.<\/p>\n","protected":false},"excerpt":{"rendered":"El presidente de la Corte de Apelaciones de Rancagua, Pedro Caro Romero, particip\u00f3 en la reuni\u00f3n extraordinaria de&hellip;\n","protected":false},"author":1,"featured_media":2396,"comment_status":"open","ping_status":"open","sticky":false,"template":"","format":"standard","meta":{"_monsterinsights_skip_tracking":false,"_monsterinsights_sitenote_active":false,"_monsterinsights_sitenote_note":"","_monsterinsights_sitenote_category":0,"footnotes":""},"categories":[8],"tags":[],"class_list":{"0":"post-2394","1":"post","2":"type-post","3":"status-publish","4":"format-standard","5":"has-post-thumbnail","7":"category-portada"},"aioseo_notices":[],"_links":{"self":[{"href":"https:\/\/www.rengoenlanoticia.cl\/prensa\/wp-json\/wp\/v2\/posts\/2394","targetHints":{"allow":["GET"]}}],"collection":[{"href":"https:\/\/www.rengoenlanoticia.cl\/prensa\/wp-json\/wp\/v2\/posts"}],"about":[{"href":"https:\/\/www.rengoenlanoticia.cl\/prensa\/wp-json\/wp\/v2\/types\/post"}],"author":[{"embeddable":true,"href":"https:\/\/www.rengoenlanoticia.cl\/prensa\/wp-json\/wp\/v2\/users\/1"}],"replies":[{"embeddable":true,"href":"https:\/\/www.rengoenlanoticia.cl\/prensa\/wp-json\/wp\/v2\/comments?post=2394"}],"version-history":[{"count":2,"href":"https:\/\/www.rengoenlanoticia.cl\/prensa\/wp-json\/wp\/v2\/posts\/2394\/revisions"}],"predecessor-version":[{"id":2403,"href":"https:\/\/www.rengoenlanoticia.cl\/prensa\/wp-json\/wp\/v2\/posts\/2394\/revisions\/2403"}],"wp:featuredmedia":[{"embeddable":true,"href":"https:\/\/www.rengoenlanoticia.cl\/prensa\/wp-json\/wp\/v2\/media\/2396"}],"wp:attachment":[{"href":"https:\/\/www.rengoenlanoticia.cl\/prensa\/wp-json\/wp\/v2\/media?parent=2394"}],"wp:term":[{"taxonomy":"category","embeddable":true,"href":"https:\/\/www.rengoenlanoticia.cl\/prensa\/wp-json\/wp\/v2\/categories?post=2394"},{"taxonomy":"post_tag","embeddable":true,"href":"https:\/\/www.rengoenlanoticia.cl\/prensa\/wp-json\/wp\/v2\/tags?post=2394"}],"curies":[{"name":"wp","href":"https:\/\/api.w.org\/{rel}","templated":true}]}}