{"id":2392,"date":"2025-04-08T19:23:23","date_gmt":"2025-04-08T19:23:23","guid":{"rendered":"https:\/\/www.rengoenlanoticia.cl\/prensa\/?p=2392"},"modified":"2025-04-08T19:23:25","modified_gmt":"2025-04-08T19:23:25","slug":"conductor-atropella-a-carabinera-al-intentar-eludir-fiscalizacion-de-transito","status":"publish","type":"post","link":"https:\/\/www.rengoenlanoticia.cl\/prensa\/2025\/04\/08\/conductor-atropella-a-carabinera-al-intentar-eludir-fiscalizacion-de-transito\/","title":{"rendered":"Conductor atropella a Carabinera al intentar eludir fiscalizaci\u00f3n de tr\u00e1nsito"},"content":{"rendered":"\n<p>Fue detenido y puesto a disposici\u00f3n del Ministerio P\u00fablico.<\/p>\n\n\n\n<p>Mientras una patrulla de Carabineros en bicicleta realizaba servicios de tr\u00e1nsito en Avda. Err\u00e1zuriz, de Santa Cruz, un conductor intent\u00f3 eludir la fiscalizaci\u00f3n atropellando a una de las funcionarias.<br>Alrededor de las 10 horas, cumpliendo con funciones preventivas en la capital colchaguina, dos Carabineras correspondientes a la 2\u00b0 Comisar\u00eda, se dispusieron a realizar controles viales, indic\u00e1ndole a un veh\u00edculo que se detuviera. En ese momento, el conductor trat\u00f3 de eludir el control, atropellando a una de las Carabineras.<\/p>\n\n\n\n<figure class=\"wp-block-video\"><video controls src=\"https:\/\/www.rengoenlanoticia.cl\/prensa\/wp-content\/uploads\/2025\/04\/WhatsApp-Video-2025-04-08-at-13.59.19.mp4\"><\/video><\/figure>\n\n\n\n<p><br>Junto con prestar la primera atenci\u00f3n a la Carabinera, su compa\u00f1era detuvo al individuo identificado como D.E.V.Z., chileno, sin antecedentes policiales.<br>Fiscal de turno instruy\u00f3 concurrencia de SIAT.<\/p>\n","protected":false},"excerpt":{"rendered":"Fue detenido y puesto a disposici\u00f3n del Ministerio P\u00fablico. Mientras una patrulla de Carabineros en bicicleta realizaba servicios&hellip;\n","protected":false},"author":1,"featured_media":2393,"comment_status":"open","ping_status":"open","sticky":false,"template":"","format":"standard","meta":{"_monsterinsights_skip_tracking":false,"_monsterinsights_sitenote_active":false,"_monsterinsights_sitenote_note":"","_monsterinsights_sitenote_category":0,"footnotes":""},"categories":[5,8],"tags":[],"class_list":{"0":"post-2392","1":"post","2":"type-post","3":"status-publish","4":"format-standard","5":"has-post-thumbnail","7":"category-policial","8":"category-portada"},"aioseo_notices":[],"_links":{"self":[{"href":"https:\/\/www.rengoenlanoticia.cl\/prensa\/wp-json\/wp\/v2\/posts\/2392","targetHints":{"allow":["GET"]}}],"collection":[{"href":"https:\/\/www.rengoenlanoticia.cl\/prensa\/wp-json\/wp\/v2\/posts"}],"about":[{"href":"https:\/\/www.rengoenlanoticia.cl\/prensa\/wp-json\/wp\/v2\/types\/post"}],"author":[{"embeddable":true,"href":"https:\/\/www.rengoenlanoticia.cl\/prensa\/wp-json\/wp\/v2\/users\/1"}],"replies":[{"embeddable":true,"href":"https:\/\/www.rengoenlanoticia.cl\/prensa\/wp-json\/wp\/v2\/comments?post=2392"}],"version-history":[{"count":3,"href":"https:\/\/www.rengoenlanoticia.cl\/prensa\/wp-json\/wp\/v2\/posts\/2392\/revisions"}],"predecessor-version":[{"id":2400,"href":"https:\/\/www.rengoenlanoticia.cl\/prensa\/wp-json\/wp\/v2\/posts\/2392\/revisions\/2400"}],"wp:featuredmedia":[{"embeddable":true,"href":"https:\/\/www.rengoenlanoticia.cl\/prensa\/wp-json\/wp\/v2\/media\/2393"}],"wp:attachment":[{"href":"https:\/\/www.rengoenlanoticia.cl\/prensa\/wp-json\/wp\/v2\/media?parent=2392"}],"wp:term":[{"taxonomy":"category","embeddable":true,"href":"https:\/\/www.rengoenlanoticia.cl\/prensa\/wp-json\/wp\/v2\/categories?post=2392"},{"taxonomy":"post_tag","embeddable":true,"href":"https:\/\/www.rengoenlanoticia.cl\/prensa\/wp-json\/wp\/v2\/tags?post=2392"}],"curies":[{"name":"wp","href":"https:\/\/api.w.org\/{rel}","templated":true}]}}