{"id":2372,"date":"2025-04-08T15:47:29","date_gmt":"2025-04-08T15:47:29","guid":{"rendered":"https:\/\/www.rengoenlanoticia.cl\/prensa\/?p=2372"},"modified":"2025-04-08T15:59:24","modified_gmt":"2025-04-08T15:59:24","slug":"en-requinoa-se-celebra-el-dia-de-la-educacion-rural-con-inauguracion-de-obras-de-infraestructura","status":"publish","type":"post","link":"https:\/\/www.rengoenlanoticia.cl\/prensa\/2025\/04\/08\/en-requinoa-se-celebra-el-dia-de-la-educacion-rural-con-inauguracion-de-obras-de-infraestructura\/","title":{"rendered":"En Requ\u00ednoa se celebra el D\u00eda de la Educaci\u00f3n Rural con inauguraci\u00f3n de obras de infraestructura"},"content":{"rendered":"\n<p>En honor al natalicio de la poetisa y profesora chilena Gabriela Mistral, se conmemora cada 7 de abril el D\u00eda de la Educaci\u00f3n Rural, actividad que se realiz\u00f3 en la Escuela David del Curto para inaugurar las obras de infraestructura escolar financiadas por el MINEDUC.<\/p>\n\n\n\n<p>Con la presencia de la jefa de la Divisi\u00f3n de Educaci\u00f3n General (DEG); Flavia Fabiani; la seremi de Educaci\u00f3n, Alyson Hadad; el seremi de Gobierno, Carlos Carrasco; el director regional de la SUPEREDUC, en representaci\u00f3n del alcalde comunal, el jefe DAEM, Juan Jara, la directora de la Escuela David del Curto, Franci Z\u00fa\u00f1iga; integrantes del concejo municipal, autoridades locales, directoras y directores de establecimientos educacionales y comunidad educativa, se realiz\u00f3 la doble ceremonia para conmemorar el D\u00eda de la Educaci\u00f3n Rural e inaugurar las obras de infraestructura escolar financiadas por el MINEDUC a trav\u00e9s de un proyecto de conservaci\u00f3n que asciende los 400 millones de pesos.<\/p>\n\n\n\n<p>Al respecto, la titular de la cartera Educaci\u00f3n en O\u00b4Higgins, Seremi Alyson Hadad, manifest\u00f3:<\/p>\n\n\n\n<p>\u201cCompartimos con ustedes la alegr\u00eda de tener esta mejora de infraestructura que es fruto de un trabajo colaborativo; por ello estas buenas noticias como Gobierno del presidente Boric nos gusta celebrarlas y es as\u00ed como hoy &nbsp;tenemos la compa\u00f1\u00eda de tantas autoridades regionales y nacionales. En Requ\u00ednoa tenemos una larga data de colaboraci\u00f3n porque sabemos que es muy importante que para que nuestros ni\u00f1os y ni\u00f1as puedan acceder a la educaci\u00f3n de calidad, los espacios deben ser los adecuados; por tanto, en aquellas comunas donde se toman muy en serio y levantan los proyectos apropiados, se hacen realidad los sue\u00f1os y proporcionan las condiciones para que los procesos educativos sean desarrollados de buena manera y es lo que celebramos hoy d\u00eda\u201d, concluy\u00f3 la autoridad regional.<\/p>\n\n\n\n<p>La Escuela David del Curto cuenta con m\u00e1s de medio siglo al servicio de la educaci\u00f3n p\u00fablica, estudiando ah\u00ed m\u00e1s de 300 p\u00e1rvulos, ni\u00f1os y ni\u00f1as de localidades aleda\u00f1as rurales al sector Las Mercedes donde se encuentra ubicado.<\/p>\n\n\n\n<figure class=\"wp-block-image size-large\"><img loading=\"lazy\" decoding=\"async\" width=\"1024\" height=\"475\" src=\"https:\/\/www.rengoenlanoticia.cl\/prensa\/wp-content\/uploads\/2025\/04\/ed-rural-15-1024x475.jpg\" alt=\"\" class=\"wp-image-2375\" srcset=\"https:\/\/www.rengoenlanoticia.cl\/prensa\/wp-content\/uploads\/2025\/04\/ed-rural-15-1024x475.jpg 1024w, https:\/\/www.rengoenlanoticia.cl\/prensa\/wp-content\/uploads\/2025\/04\/ed-rural-15-300x139.jpg 300w, https:\/\/www.rengoenlanoticia.cl\/prensa\/wp-content\/uploads\/2025\/04\/ed-rural-15-768x356.jpg 768w, https:\/\/www.rengoenlanoticia.cl\/prensa\/wp-content\/uploads\/2025\/04\/ed-rural-15-1536x712.jpg 1536w, https:\/\/www.rengoenlanoticia.cl\/prensa\/wp-content\/uploads\/2025\/04\/ed-rural-15-110x51.jpg 110w, https:\/\/www.rengoenlanoticia.cl\/prensa\/wp-content\/uploads\/2025\/04\/ed-rural-15-200x93.jpg 200w, https:\/\/www.rengoenlanoticia.cl\/prensa\/wp-content\/uploads\/2025\/04\/ed-rural-15-380x176.jpg 380w, https:\/\/www.rengoenlanoticia.cl\/prensa\/wp-content\/uploads\/2025\/04\/ed-rural-15-255x118.jpg 255w, https:\/\/www.rengoenlanoticia.cl\/prensa\/wp-content\/uploads\/2025\/04\/ed-rural-15-550x255.jpg 550w, https:\/\/www.rengoenlanoticia.cl\/prensa\/wp-content\/uploads\/2025\/04\/ed-rural-15-800x371.jpg 800w, https:\/\/www.rengoenlanoticia.cl\/prensa\/wp-content\/uploads\/2025\/04\/ed-rural-15-1160x538.jpg 1160w, https:\/\/www.rengoenlanoticia.cl\/prensa\/wp-content\/uploads\/2025\/04\/ed-rural-15.jpg 1600w\" sizes=\"auto, (max-width: 1024px) 100vw, 1024px\" \/><\/figure>\n\n\n\n<p>Tras las obras, el establecimiento ahora cuenta con pintura renovada en muros interiores y exteriores, se repuso el sistema de aguas lluvias en el patio techado, se realizaron obras de conservaci\u00f3n en salas de clases, reposici\u00f3n de servicios higi\u00e9nicos y sistema el\u00e9ctrico, conservaci\u00f3n de pasto sint\u00e9tico y grader\u00edas, entre otros trabajos de infraestructura escolar.<\/p>\n\n\n\n<p>Para la directora del establecimiento, Franci Z\u00fa\u00f1iga: \u201cEste espacio ha ido transform\u00e1ndose de manera progresiva, gracias a un trabajo sostenido y la clara voluntad de fortalecer la Educaci\u00f3n P\u00fablica. Estas mejoras han sido posibles gracias a la articulaci\u00f3n de m\u00faltiples voluntades que se han alineado con el prop\u00f3sito de brindar a nuestros ni\u00f1os y ni\u00f1as un entorno m\u00e1s digno, justo y acorde con nuestros sue\u00f1os\u201d.<\/p>\n\n\n\n<p><strong><u>Natalicio de Gabriela Mistral: El honor de la Educaci\u00f3n Rural<\/u><\/strong><\/p>\n\n\n\n<p>Cada 7 de abril y en honor al natalicio de Gabriela Mistral, se celebra en Chile el D\u00eda de la Educaci\u00f3n Rural.<\/p>\n\n\n\n<p>Para relevar la importancia de ella, la jefa de la DEG, Flavia Fabiani, manifest\u00f3: \u201cGabriela Mistral, efectivamente, fue una gran poetisa y profesora de una comunidad rural que hasta hoy d\u00eda es rural, pero \u2026 \u00bfd\u00f3nde se juntan Gabriela Mistral y ustedes? (\u2026) Ella defendi\u00f3 y promovi\u00f3 la educaci\u00f3n como el \u00fanico lugar donde se aprende a vivir con otros. Los espacios educativos tienen la virtud y capacidad para que las personas puedan convivir con otras y otros que no son iguales a nosotros\u201d, destac\u00f3 la autoridad.<\/p>\n\n\n\n<p>En nuestra regi\u00f3n, contamos con 251 escuelas ubicadas en sectores rurales, abarcando una matr\u00edcula por sobre los 32 mil estudiantes. En su mayor\u00eda se trata de escuelas p\u00fablicas (municipales) que atienden todos los niveles educativos (parvulario, b\u00e1sica, media, educaci\u00f3n de adultos y especial); sin embargo, gran cantidad de \u00e9stas son escuelas multigrado, es decir, entregan educaci\u00f3n de 1\u00b0 a 6\u00b0 a\u00f1o b\u00e1sico.<\/p>\n\n\n\n<p>En 2022 se anunci\u00f3 el Plan de Fortalecimiento de la Educaci\u00f3n Rural Gabriela Mistral, el cual busca impulsar medidas para abordar los desaf\u00edos de la educaci\u00f3n rural y propiciar las condiciones necesarias para hacer de estos jardines, escuelas y liceos modelos de innovaci\u00f3n y justicia educativa.<\/p>\n","protected":false},"excerpt":{"rendered":"En honor al natalicio de la poetisa y profesora chilena Gabriela Mistral, se conmemora cada 7 de abril&hellip;\n","protected":false},"author":1,"featured_media":2374,"comment_status":"open","ping_status":"open","sticky":false,"template":"","format":"standard","meta":{"_monsterinsights_skip_tracking":false,"_monsterinsights_sitenote_active":false,"_monsterinsights_sitenote_note":"","_monsterinsights_sitenote_category":0,"footnotes":""},"categories":[8],"tags":[],"class_list":{"0":"post-2372","1":"post","2":"type-post","3":"status-publish","4":"format-standard","5":"has-post-thumbnail","7":"category-portada"},"aioseo_notices":[],"_links":{"self":[{"href":"https:\/\/www.rengoenlanoticia.cl\/prensa\/wp-json\/wp\/v2\/posts\/2372","targetHints":{"allow":["GET"]}}],"collection":[{"href":"https:\/\/www.rengoenlanoticia.cl\/prensa\/wp-json\/wp\/v2\/posts"}],"about":[{"href":"https:\/\/www.rengoenlanoticia.cl\/prensa\/wp-json\/wp\/v2\/types\/post"}],"author":[{"embeddable":true,"href":"https:\/\/www.rengoenlanoticia.cl\/prensa\/wp-json\/wp\/v2\/users\/1"}],"replies":[{"embeddable":true,"href":"https:\/\/www.rengoenlanoticia.cl\/prensa\/wp-json\/wp\/v2\/comments?post=2372"}],"version-history":[{"count":3,"href":"https:\/\/www.rengoenlanoticia.cl\/prensa\/wp-json\/wp\/v2\/posts\/2372\/revisions"}],"predecessor-version":[{"id":2385,"href":"https:\/\/www.rengoenlanoticia.cl\/prensa\/wp-json\/wp\/v2\/posts\/2372\/revisions\/2385"}],"wp:featuredmedia":[{"embeddable":true,"href":"https:\/\/www.rengoenlanoticia.cl\/prensa\/wp-json\/wp\/v2\/media\/2374"}],"wp:attachment":[{"href":"https:\/\/www.rengoenlanoticia.cl\/prensa\/wp-json\/wp\/v2\/media?parent=2372"}],"wp:term":[{"taxonomy":"category","embeddable":true,"href":"https:\/\/www.rengoenlanoticia.cl\/prensa\/wp-json\/wp\/v2\/categories?post=2372"},{"taxonomy":"post_tag","embeddable":true,"href":"https:\/\/www.rengoenlanoticia.cl\/prensa\/wp-json\/wp\/v2\/tags?post=2372"}],"curies":[{"name":"wp","href":"https:\/\/api.w.org\/{rel}","templated":true}]}}