{"id":2371,"date":"2025-04-08T16:00:31","date_gmt":"2025-04-08T16:00:31","guid":{"rendered":"https:\/\/www.rengoenlanoticia.cl\/prensa\/?p=2371"},"modified":"2025-04-08T16:00:33","modified_gmt":"2025-04-08T16:00:33","slug":"expertos-internacionales-llegaran-a-ohiggins-para-impulsar-el-turismo-creativo","status":"publish","type":"post","link":"https:\/\/www.rengoenlanoticia.cl\/prensa\/2025\/04\/08\/expertos-internacionales-llegaran-a-ohiggins-para-impulsar-el-turismo-creativo\/","title":{"rendered":"Expertos internacionales llegar\u00e1n a O\u2019Higgins para impulsar el turismo creativo"},"content":{"rendered":"\n<p><em>El evento organizado por los gestores del festival REC contar\u00e1 con expertos de M\u00e9xico, Argentina y Brasil, adem\u00e1s de un extenso programa con invitados nacionales.<\/em><\/p>\n\n\n\n<p>Entre el 9 y 10 de abril, la Regi\u00f3n de O\u2019Higgins recibir\u00e1 a destacados especialistas de Argentina, Brasil y M\u00e9xico en el marco de CircuitOH, un encuentro internacional que busca activar ideas y conectar la costa y la zona vitivin\u00edcola en torno al turismo, la cultura y la sostenibilidad.<\/p>\n\n\n\n<p>Organizado por la agencia <strong>Evoluci\u00f3n<\/strong> y financiado por la l\u00ednea <strong>Viraliza de Corfo<\/strong>, el evento se desarrollar\u00e1 en dos localidades simb\u00f3licas: <strong>Peralillo <\/strong>y <strong>Navidad<\/strong>. El objetivo: conectar el dinamismo creativo y deportivo del litoral con la infraestructura y proyecci\u00f3n del turismo vitivin\u00edcola de la regi\u00f3n.<\/p>\n\n\n\n<p>El programa est\u00e1 dirigido a <strong>emprendedores, empresarios, gestores culturales, profesionales del turismo y del deporte<\/strong>, con inter\u00e9s en fortalecer modelos de desarrollo m\u00e1s colaborativos, innovadores y sostenibles.<\/p>\n\n\n\n<p><strong>Visiones desde Am\u00e9rica Latina<\/strong><\/p>\n\n\n\n<p>Uno de los principales atractivos de CircuitOH! ser\u00e1 la participaci\u00f3n de <strong>tres referentes internacionales<\/strong> en industrias creativas, turismo y desarrollo territorial.<\/p>\n\n\n\n<ul class=\"wp-block-list\">\n<li><strong>Enrique Avogadro<\/strong> (Argentina), ex Ministro de Cultura de Buenos Aires y ex Director de Industrias Creativas y Comercio Exterior, abordar\u00e1 el rol de la econom\u00eda creativa en la planificaci\u00f3n con identidad.<\/li>\n\n\n\n<li><strong>Sandra Veloso<\/strong> (Brasil), fue representante de Chile en Brasil, Gerente General de la Asociaci\u00f3n Latinoamericana de Gesti\u00f3n de Eventos y Viajes Corporativos, y Gerente de Eventos en AVIPAM Viajes &amp; Turismo, compartir\u00e1 estrategias para posicionar a O\u2019Higgins como un destino atractivo para el visitante brasile\u00f1o.<\/li>\n\n\n\n<li><strong>Sergio Arbel\u00e1ez<\/strong> (M\u00e9xico), Director de la Feria Internacional de M\u00fasica de Guadalajara, profundizar\u00e1 en c\u00f3mo los eventos pueden dinamizar las econom\u00edas locales desde la cultura.<\/li>\n<\/ul>\n\n\n\n<p><strong>Un punto de encuentro para el desarrollo regional<\/strong><\/p>\n\n\n\n<p>Manuel Lagos, director de Evoluci\u00f3n y del Festival REC \u2014evento que ser\u00e1 presentado como caso de \u00e9xito en CircuitOH!\u2014 se\u00f1al\u00f3 que \u201cla regi\u00f3n de O\u2019Higgins tiene un enorme potencial para transformarse en un hub de emprendimiento e innovaci\u00f3n ligado a la cultura, el deporte y el turismo. Este encuentro permitir\u00e1 abrir nuevas perspectivas, conectar territorios y pensar estrat\u00e9gicamente c\u00f3mo avanzar en esa direcci\u00f3n\u201d.<\/p>\n\n\n\n<p>Desde Corfo, el director Regional <strong>\u00d3scar \u00c1vila<\/strong> destac\u00f3 la relevancia del evento como un espacio de articulaci\u00f3n: \u201cCon este encuentro internacional queremos impulsar el desarrollo de emprendimientos innovadores que impacten el sector tur\u00edstico y las industrias creativas, a trav\u00e9s de la creaci\u00f3n y la sostenibilidad\u201d.<\/p>\n\n\n\n<p><strong>Dos d\u00edas para conectar costa y valle<\/strong><\/p>\n\n\n\n<p>El <strong>9 de abril<\/strong>, en <strong>Peralillo<\/strong>, se desarrollar\u00e1 una jornada centrada en turismo creativo y planificaci\u00f3n territorial. Se abordar\u00e1n experiencias exitosas, como el caso del Festival REC, y se realizar\u00e1n conversatorios y talleres con participaci\u00f3n de actores p\u00fablicos y privados.<\/p>\n\n\n\n<p>El <strong>10 de abril<\/strong>, en <strong>Navidad<\/strong>, el foco estar\u00e1 en el impacto econ\u00f3mico de los eventos y la necesidad de diversificar la oferta tur\u00edstica regional. Paneles, exposiciones internacionales y actividades culturales en vivo marcar\u00e1n el cierre de esta segunda jornada en la costa.<\/p>\n\n\n\n<p>Finalmente, un mes despu\u00e9s, se presentar\u00e1 un balance p\u00fablico con resultados, aprendizajes y propuestas concretas surgidas del encuentro, junto a una hoja de ruta para posicionar a O\u2019Higgins en circuitos tur\u00edsticos creativos, nacionales e internacionales.<\/p>\n\n\n\n<p>El programa completo y el formulario de inscripci\u00f3n est\u00e1n disponibles en:<br>&#x1f517; <a href=\"http:\/\/evolucionproducciones.com\/circuitoh\"><strong>evolucionproducciones.com\/circuitoh<\/strong><\/a><\/p>\n\n\n\n<figure class=\"wp-block-image size-large\"><img loading=\"lazy\" decoding=\"async\" width=\"807\" height=\"1024\" src=\"https:\/\/www.rengoenlanoticia.cl\/prensa\/wp-content\/uploads\/2025\/04\/Invitacion-Circuit-OH-807x1024.jpg\" alt=\"\" class=\"wp-image-2381\" srcset=\"https:\/\/www.rengoenlanoticia.cl\/prensa\/wp-content\/uploads\/2025\/04\/Invitacion-Circuit-OH-807x1024.jpg 807w, https:\/\/www.rengoenlanoticia.cl\/prensa\/wp-content\/uploads\/2025\/04\/Invitacion-Circuit-OH-237x300.jpg 237w, https:\/\/www.rengoenlanoticia.cl\/prensa\/wp-content\/uploads\/2025\/04\/Invitacion-Circuit-OH-768x974.jpg 768w, https:\/\/www.rengoenlanoticia.cl\/prensa\/wp-content\/uploads\/2025\/04\/Invitacion-Circuit-OH-110x140.jpg 110w, https:\/\/www.rengoenlanoticia.cl\/prensa\/wp-content\/uploads\/2025\/04\/Invitacion-Circuit-OH-200x254.jpg 200w, https:\/\/www.rengoenlanoticia.cl\/prensa\/wp-content\/uploads\/2025\/04\/Invitacion-Circuit-OH-380x482.jpg 380w, https:\/\/www.rengoenlanoticia.cl\/prensa\/wp-content\/uploads\/2025\/04\/Invitacion-Circuit-OH-255x323.jpg 255w, https:\/\/www.rengoenlanoticia.cl\/prensa\/wp-content\/uploads\/2025\/04\/Invitacion-Circuit-OH-300x381.jpg 300w, https:\/\/www.rengoenlanoticia.cl\/prensa\/wp-content\/uploads\/2025\/04\/Invitacion-Circuit-OH-550x698.jpg 550w, https:\/\/www.rengoenlanoticia.cl\/prensa\/wp-content\/uploads\/2025\/04\/Invitacion-Circuit-OH-800x1015.jpg 800w, https:\/\/www.rengoenlanoticia.cl\/prensa\/wp-content\/uploads\/2025\/04\/Invitacion-Circuit-OH.jpg 1140w\" sizes=\"auto, (max-width: 807px) 100vw, 807px\" \/><\/figure>\n","protected":false},"excerpt":{"rendered":"El evento organizado por los gestores del festival REC contar\u00e1 con expertos de M\u00e9xico, Argentina y Brasil, adem\u00e1s&hellip;\n","protected":false},"author":1,"featured_media":2380,"comment_status":"open","ping_status":"open","sticky":false,"template":"","format":"standard","meta":{"_monsterinsights_skip_tracking":false,"_monsterinsights_sitenote_active":false,"_monsterinsights_sitenote_note":"","_monsterinsights_sitenote_category":0,"footnotes":""},"categories":[8],"tags":[],"class_list":{"0":"post-2371","1":"post","2":"type-post","3":"status-publish","4":"format-standard","5":"has-post-thumbnail","7":"category-portada"},"aioseo_notices":[],"_links":{"self":[{"href":"https:\/\/www.rengoenlanoticia.cl\/prensa\/wp-json\/wp\/v2\/posts\/2371","targetHints":{"allow":["GET"]}}],"collection":[{"href":"https:\/\/www.rengoenlanoticia.cl\/prensa\/wp-json\/wp\/v2\/posts"}],"about":[{"href":"https:\/\/www.rengoenlanoticia.cl\/prensa\/wp-json\/wp\/v2\/types\/post"}],"author":[{"embeddable":true,"href":"https:\/\/www.rengoenlanoticia.cl\/prensa\/wp-json\/wp\/v2\/users\/1"}],"replies":[{"embeddable":true,"href":"https:\/\/www.rengoenlanoticia.cl\/prensa\/wp-json\/wp\/v2\/comments?post=2371"}],"version-history":[{"count":3,"href":"https:\/\/www.rengoenlanoticia.cl\/prensa\/wp-json\/wp\/v2\/posts\/2371\/revisions"}],"predecessor-version":[{"id":2389,"href":"https:\/\/www.rengoenlanoticia.cl\/prensa\/wp-json\/wp\/v2\/posts\/2371\/revisions\/2389"}],"wp:featuredmedia":[{"embeddable":true,"href":"https:\/\/www.rengoenlanoticia.cl\/prensa\/wp-json\/wp\/v2\/media\/2380"}],"wp:attachment":[{"href":"https:\/\/www.rengoenlanoticia.cl\/prensa\/wp-json\/wp\/v2\/media?parent=2371"}],"wp:term":[{"taxonomy":"category","embeddable":true,"href":"https:\/\/www.rengoenlanoticia.cl\/prensa\/wp-json\/wp\/v2\/categories?post=2371"},{"taxonomy":"post_tag","embeddable":true,"href":"https:\/\/www.rengoenlanoticia.cl\/prensa\/wp-json\/wp\/v2\/tags?post=2371"}],"curies":[{"name":"wp","href":"https:\/\/api.w.org\/{rel}","templated":true}]}}