{"id":2362,"date":"2025-04-08T00:47:45","date_gmt":"2025-04-08T00:47:45","guid":{"rendered":"https:\/\/www.rengoenlanoticia.cl\/prensa\/?p=2362"},"modified":"2025-04-08T00:47:46","modified_gmt":"2025-04-08T00:47:46","slug":"diputada-natalia-romero-exige-duplicar-subsidios-para-calefaccion-y-reacondicionamiento-termico-ante-prohibicion-del-uso-de-lena-en-rancagua-y-machali","status":"publish","type":"post","link":"https:\/\/www.rengoenlanoticia.cl\/prensa\/2025\/04\/08\/diputada-natalia-romero-exige-duplicar-subsidios-para-calefaccion-y-reacondicionamiento-termico-ante-prohibicion-del-uso-de-lena-en-rancagua-y-machali\/","title":{"rendered":"Diputada Natalia Romero exige duplicar subsidios para calefacci\u00f3n y reacondicionamiento t\u00e9rmico ante prohibici\u00f3n del uso de le\u00f1a en Rancagua y Machal\u00ed"},"content":{"rendered":"\n<p><\/p>\n\n\n\n<p>La legisladora hizo un llamado al Gobierno para que revise la implementaci\u00f3n de esta prohibici\u00f3n y garantice medidas concretas que permitan una transici\u00f3n justa y accesible para todos los afectados.<\/p>\n\n\n\n<p>La diputada el Distrito 15 Natalia Romero solicit\u00f3 al Gobierno aumentar el presupuesto destinado al recambio de calefactores y al reacondicionamiento t\u00e9rmico de las viviendas, luego de la prohibici\u00f3n del uso de le\u00f1a para calefacci\u00f3n y cocina en las zonas urbanas de Rancagua y Machal\u00ed que se aplic\u00f3 el 29 de marzo.<\/p>\n\n\n\n<p>La parlamentaria advirti\u00f3 que la medida impactar\u00e1 gravemente a miles de familias que dependen de la le\u00f1a como principal fuente de energ\u00eda y que no cuentan con los recursos necesarios para realizar la transici\u00f3n a sistemas alternativos.<\/p>\n\n\n\n<p>\u201cNo podemos imponer restricciones sin ofrecer soluciones reales. Pido al Gobierno que se duplique el presupuesto destinado al recambio de calefactores. Si se han destinado $3.000 millones para ambas comunas, que ahora sean $6.000 millones, permitiendo que cada una reciba $3.000 millones. Adem\u00e1s, es urgente habilitar un subsidio especial para el reacondicionamiento t\u00e9rmico de las viviendas, ya que muchas casas no est\u00e1n preparadas para sistemas de calefacci\u00f3n el\u00e9ctrica o a gas\u201d, enfatiz\u00f3 la diputada.<\/p>\n\n\n\n<p>Seg\u00fan datos del Ministerio de Energ\u00eda, el 72% de las viviendas entre las regiones de O\u2019Higgins y Ays\u00e9n utilizan le\u00f1a para calefacci\u00f3n y cocina, lo que refuerza la preocupaci\u00f3n de la parlamentaria sobre el impacto de esta medida en la calidad de vida de los habitantes.<\/p>\n\n\n\n<p>Asimismo, la parlamentaria alert\u00f3 sobre la falta de informaci\u00f3n y apoyo a los adultos mayores y familias vulnerables para acceder a los subsidios existentes. \u201cExisten personas que desconocen c\u00f3mo postular o simplemente no han sido beneficiadas. No podemos dejar en el abandono a quienes m\u00e1s lo necesitan\u201d, indic\u00f3.<\/p>\n","protected":false},"excerpt":{"rendered":"La legisladora hizo un llamado al Gobierno para que revise la implementaci\u00f3n de esta prohibici\u00f3n y garantice medidas&hellip;\n","protected":false},"author":1,"featured_media":2363,"comment_status":"open","ping_status":"open","sticky":false,"template":"","format":"standard","meta":{"_monsterinsights_skip_tracking":false,"_monsterinsights_sitenote_active":false,"_monsterinsights_sitenote_note":"","_monsterinsights_sitenote_category":0,"footnotes":""},"categories":[11,8],"tags":[],"class_list":{"0":"post-2362","1":"post","2":"type-post","3":"status-publish","4":"format-standard","5":"has-post-thumbnail","7":"category-politica","8":"category-portada"},"aioseo_notices":[],"_links":{"self":[{"href":"https:\/\/www.rengoenlanoticia.cl\/prensa\/wp-json\/wp\/v2\/posts\/2362","targetHints":{"allow":["GET"]}}],"collection":[{"href":"https:\/\/www.rengoenlanoticia.cl\/prensa\/wp-json\/wp\/v2\/posts"}],"about":[{"href":"https:\/\/www.rengoenlanoticia.cl\/prensa\/wp-json\/wp\/v2\/types\/post"}],"author":[{"embeddable":true,"href":"https:\/\/www.rengoenlanoticia.cl\/prensa\/wp-json\/wp\/v2\/users\/1"}],"replies":[{"embeddable":true,"href":"https:\/\/www.rengoenlanoticia.cl\/prensa\/wp-json\/wp\/v2\/comments?post=2362"}],"version-history":[{"count":3,"href":"https:\/\/www.rengoenlanoticia.cl\/prensa\/wp-json\/wp\/v2\/posts\/2362\/revisions"}],"predecessor-version":[{"id":2366,"href":"https:\/\/www.rengoenlanoticia.cl\/prensa\/wp-json\/wp\/v2\/posts\/2362\/revisions\/2366"}],"wp:featuredmedia":[{"embeddable":true,"href":"https:\/\/www.rengoenlanoticia.cl\/prensa\/wp-json\/wp\/v2\/media\/2363"}],"wp:attachment":[{"href":"https:\/\/www.rengoenlanoticia.cl\/prensa\/wp-json\/wp\/v2\/media?parent=2362"}],"wp:term":[{"taxonomy":"category","embeddable":true,"href":"https:\/\/www.rengoenlanoticia.cl\/prensa\/wp-json\/wp\/v2\/categories?post=2362"},{"taxonomy":"post_tag","embeddable":true,"href":"https:\/\/www.rengoenlanoticia.cl\/prensa\/wp-json\/wp\/v2\/tags?post=2362"}],"curies":[{"name":"wp","href":"https:\/\/api.w.org\/{rel}","templated":true}]}}