{"id":2354,"date":"2025-04-08T00:41:56","date_gmt":"2025-04-08T00:41:56","guid":{"rendered":"https:\/\/www.rengoenlanoticia.cl\/prensa\/?p=2354"},"modified":"2025-04-08T00:41:59","modified_gmt":"2025-04-08T00:41:59","slug":"programa-iniciativa-angels-que-optimiza-la-atencion-de-acv-en-centros-de-salud-del-mundo-distinguio-en-categoria-golden-al-hospital-dr-franco-ravera","status":"publish","type":"post","link":"https:\/\/www.rengoenlanoticia.cl\/prensa\/2025\/04\/08\/programa-iniciativa-angels-que-optimiza-la-atencion-de-acv-en-centros-de-salud-del-mundo-distinguio-en-categoria-golden-al-hospital-dr-franco-ravera\/","title":{"rendered":"Programa \u201cIniciativa Angels\u201d, que optimiza la atenci\u00f3n de ACV en centros de salud del mundo distingui\u00f3 en categor\u00eda Golden al Hospital Dr. Franco Ravera"},"content":{"rendered":"\n<p>El galard\u00f3n fue recibido por el establecimiento en reconocimiento al compromiso demostrado por su equipo especialista, en el tratamiento a personas que experimentan enfermedades cerebrovasculares (ACV o ictus).<\/p>\n\n\n\n<p>Motivados por potenciar la calidad de la atenci\u00f3n de quienes presentan una hemorragia o co\u00e1gulo de sangre a nivel cerebral, arriesgando la vida, la iniciativa Angels, presente en m\u00e1s de 50 pa\u00edses, lleg\u00f3 hasta las dependencias del Hospital Dr. Franco Ravera Zunino (HFRZ), para relevar el trabajo que se ha venido realizando en la instituci\u00f3n, desde la creaci\u00f3n el a\u00f1o 2022, de la Unidad de Tratamiento de Ataque Cerebrovascular (UTAC) en adelante.<\/p>\n\n\n\n<p>\u201cEl a\u00f1o 2018 comenzamos a desarrollar conjuntamente con el otrora Hospital Regional, hoy Hospital Dr. Franco Ravera, esta estrategia internacional, que busca mejorar la oportunidad, calidad, acceso, rendimiento y especializaci\u00f3n del equipo de salud, en torno al manejo de pacientes con ACV, para ofrecerles una mejor cobertura y resultados m\u00e1s \u00f3ptimos\u201d, expuso Rodrigo Campos, l\u00edder de la iniciativa Angels.<\/p>\n\n\n\n<p>Con lo anterior, Campos sostuvo, \u201cnuestro fin es que las personas puedan acceder a un servicio de excelencia, indistintamente de su lugar de procedencia, pa\u00eds, regi\u00f3n, etc., implicando para ello, un trabajo activo en la capacitaci\u00f3n a hospitales y cl\u00ednicas privadas, para asegurar una adecuada atenci\u00f3n, que favorezca las posibilidades de supervivencia de la persona que sufre un ictus y\/o ayudarles a vivir sin discapacidad\u201d, a\u00f1adiendo que \u201cpor eso que hoy estamos reunidos ac\u00e1 en el HFRZ, para reconocer a trav\u00e9s del premio Angels Golden, de la World Stroke Organization (WSO), asociaci\u00f3n m\u00e9dica sin fines de lucro que trabaja para concienciar sobre la prevenci\u00f3n y el tratamiento de ataques cerebrovasculares, al equipo UTAC, que cumpli\u00f3 con nuestros criterios de excelencia en el cuidado de pacientes con ictus\u201d.&nbsp;<\/p>\n\n\n\n<figure class=\"wp-block-image size-large\"><img loading=\"lazy\" decoding=\"async\" width=\"1024\" height=\"683\" src=\"https:\/\/www.rengoenlanoticia.cl\/prensa\/wp-content\/uploads\/2025\/04\/IMG_1806-copia-1-1024x683.jpg\" alt=\"\" class=\"wp-image-2356\" srcset=\"https:\/\/www.rengoenlanoticia.cl\/prensa\/wp-content\/uploads\/2025\/04\/IMG_1806-copia-1-1024x683.jpg 1024w, https:\/\/www.rengoenlanoticia.cl\/prensa\/wp-content\/uploads\/2025\/04\/IMG_1806-copia-1-300x200.jpg 300w, https:\/\/www.rengoenlanoticia.cl\/prensa\/wp-content\/uploads\/2025\/04\/IMG_1806-copia-1-768x512.jpg 768w, https:\/\/www.rengoenlanoticia.cl\/prensa\/wp-content\/uploads\/2025\/04\/IMG_1806-copia-1-1536x1024.jpg 1536w, https:\/\/www.rengoenlanoticia.cl\/prensa\/wp-content\/uploads\/2025\/04\/IMG_1806-copia-1-2048x1365.jpg 2048w, https:\/\/www.rengoenlanoticia.cl\/prensa\/wp-content\/uploads\/2025\/04\/IMG_1806-copia-1-110x73.jpg 110w, https:\/\/www.rengoenlanoticia.cl\/prensa\/wp-content\/uploads\/2025\/04\/IMG_1806-copia-1-200x133.jpg 200w, https:\/\/www.rengoenlanoticia.cl\/prensa\/wp-content\/uploads\/2025\/04\/IMG_1806-copia-1-380x253.jpg 380w, https:\/\/www.rengoenlanoticia.cl\/prensa\/wp-content\/uploads\/2025\/04\/IMG_1806-copia-1-255x170.jpg 255w, https:\/\/www.rengoenlanoticia.cl\/prensa\/wp-content\/uploads\/2025\/04\/IMG_1806-copia-1-550x367.jpg 550w, https:\/\/www.rengoenlanoticia.cl\/prensa\/wp-content\/uploads\/2025\/04\/IMG_1806-copia-1-800x533.jpg 800w, https:\/\/www.rengoenlanoticia.cl\/prensa\/wp-content\/uploads\/2025\/04\/IMG_1806-copia-1-1160x773.jpg 1160w, https:\/\/www.rengoenlanoticia.cl\/prensa\/wp-content\/uploads\/2025\/04\/IMG_1806-copia-1-scaled.jpg 2560w\" sizes=\"auto, (max-width: 1024px) 100vw, 1024px\" \/><\/figure>\n\n\n\n<p>El Dr. Jos\u00e9 Beltr\u00e1n, coordinador de la Unidad de Ataque Cerebrovascular del HFRZ, por su parte expres\u00f3 que \u201cestamos muy contentos de ser retribuidos de esta manera, por este prestigioso programa global, que ha podido optimizar a tantos hospitales en materia de ACV. La distinci\u00f3n es parte de los planteamientos que como equipo quer\u00edamos obtener, con criterios que han configurado la estrategia de nuestra propia unidad. Esto es un reconocimiento a la aplicaci\u00f3n de est\u00e1ndares de calidad internacional para la atenci\u00f3n del ACV, que estamos cumpliendo para garantizar un servicio de primer nivel a nuestros pacientes que ingresan desde urgencia o derivados de otros hospitales. Como certificaci\u00f3n es valios\u00edsimo, es un aliciente para seguir\u201d.<\/p>\n\n\n\n<p><\/p>\n\n\n\n<figure class=\"wp-block-image size-large\"><img loading=\"lazy\" decoding=\"async\" width=\"1024\" height=\"683\" src=\"https:\/\/www.rengoenlanoticia.cl\/prensa\/wp-content\/uploads\/2025\/04\/IMG_1807-copia-1-1024x683.jpg\" alt=\"\" class=\"wp-image-2357\" srcset=\"https:\/\/www.rengoenlanoticia.cl\/prensa\/wp-content\/uploads\/2025\/04\/IMG_1807-copia-1-1024x683.jpg 1024w, https:\/\/www.rengoenlanoticia.cl\/prensa\/wp-content\/uploads\/2025\/04\/IMG_1807-copia-1-300x200.jpg 300w, https:\/\/www.rengoenlanoticia.cl\/prensa\/wp-content\/uploads\/2025\/04\/IMG_1807-copia-1-768x512.jpg 768w, https:\/\/www.rengoenlanoticia.cl\/prensa\/wp-content\/uploads\/2025\/04\/IMG_1807-copia-1-1536x1024.jpg 1536w, https:\/\/www.rengoenlanoticia.cl\/prensa\/wp-content\/uploads\/2025\/04\/IMG_1807-copia-1-2048x1365.jpg 2048w, https:\/\/www.rengoenlanoticia.cl\/prensa\/wp-content\/uploads\/2025\/04\/IMG_1807-copia-1-110x73.jpg 110w, https:\/\/www.rengoenlanoticia.cl\/prensa\/wp-content\/uploads\/2025\/04\/IMG_1807-copia-1-200x133.jpg 200w, https:\/\/www.rengoenlanoticia.cl\/prensa\/wp-content\/uploads\/2025\/04\/IMG_1807-copia-1-380x253.jpg 380w, https:\/\/www.rengoenlanoticia.cl\/prensa\/wp-content\/uploads\/2025\/04\/IMG_1807-copia-1-255x170.jpg 255w, https:\/\/www.rengoenlanoticia.cl\/prensa\/wp-content\/uploads\/2025\/04\/IMG_1807-copia-1-550x367.jpg 550w, https:\/\/www.rengoenlanoticia.cl\/prensa\/wp-content\/uploads\/2025\/04\/IMG_1807-copia-1-800x533.jpg 800w, https:\/\/www.rengoenlanoticia.cl\/prensa\/wp-content\/uploads\/2025\/04\/IMG_1807-copia-1-1160x773.jpg 1160w, https:\/\/www.rengoenlanoticia.cl\/prensa\/wp-content\/uploads\/2025\/04\/IMG_1807-copia-1-scaled.jpg 2560w\" sizes=\"auto, (max-width: 1024px) 100vw, 1024px\" \/><\/figure>\n\n\n\n<p>En esa l\u00ednea, el neur\u00f3logo del HFRZ, finaliz\u00f3 que \u201cal a\u00f1o recibimos entre 900 y mil pacientes, con ACV\u2019S isqu\u00e9micos y hemorr\u00e1gicos. Al ser centro derivador de toda la regi\u00f3n, tenemos un promedio mensual de 70 a 80 pacientes, los que son beneficiados ampliamente, gracias a las herramientas, y conocimientos que hemos recibido de la Iniciativa Angels. Nuestro equipo multidisciplinario, entre neur\u00f3logos vasculares, neur\u00f3logos generales, m\u00e9dicos internistas, enfermeras formadas en ictus, de rehabilitaci\u00f3n, terapeutas ocupacionales, psic\u00f3logo, kinesi\u00f3logo, y fonoaudi\u00f3logos, estamos muy agradecidos\u201d.<\/p>\n","protected":false},"excerpt":{"rendered":"El galard\u00f3n fue recibido por el establecimiento en reconocimiento al compromiso demostrado por su equipo especialista, en el&hellip;\n","protected":false},"author":1,"featured_media":2355,"comment_status":"open","ping_status":"open","sticky":false,"template":"","format":"standard","meta":{"_monsterinsights_skip_tracking":false,"_monsterinsights_sitenote_active":false,"_monsterinsights_sitenote_note":"","_monsterinsights_sitenote_category":0,"footnotes":""},"categories":[8],"tags":[],"class_list":{"0":"post-2354","1":"post","2":"type-post","3":"status-publish","4":"format-standard","5":"has-post-thumbnail","7":"category-portada"},"aioseo_notices":[],"_links":{"self":[{"href":"https:\/\/www.rengoenlanoticia.cl\/prensa\/wp-json\/wp\/v2\/posts\/2354","targetHints":{"allow":["GET"]}}],"collection":[{"href":"https:\/\/www.rengoenlanoticia.cl\/prensa\/wp-json\/wp\/v2\/posts"}],"about":[{"href":"https:\/\/www.rengoenlanoticia.cl\/prensa\/wp-json\/wp\/v2\/types\/post"}],"author":[{"embeddable":true,"href":"https:\/\/www.rengoenlanoticia.cl\/prensa\/wp-json\/wp\/v2\/users\/1"}],"replies":[{"embeddable":true,"href":"https:\/\/www.rengoenlanoticia.cl\/prensa\/wp-json\/wp\/v2\/comments?post=2354"}],"version-history":[{"count":3,"href":"https:\/\/www.rengoenlanoticia.cl\/prensa\/wp-json\/wp\/v2\/posts\/2354\/revisions"}],"predecessor-version":[{"id":2361,"href":"https:\/\/www.rengoenlanoticia.cl\/prensa\/wp-json\/wp\/v2\/posts\/2354\/revisions\/2361"}],"wp:featuredmedia":[{"embeddable":true,"href":"https:\/\/www.rengoenlanoticia.cl\/prensa\/wp-json\/wp\/v2\/media\/2355"}],"wp:attachment":[{"href":"https:\/\/www.rengoenlanoticia.cl\/prensa\/wp-json\/wp\/v2\/media?parent=2354"}],"wp:term":[{"taxonomy":"category","embeddable":true,"href":"https:\/\/www.rengoenlanoticia.cl\/prensa\/wp-json\/wp\/v2\/categories?post=2354"},{"taxonomy":"post_tag","embeddable":true,"href":"https:\/\/www.rengoenlanoticia.cl\/prensa\/wp-json\/wp\/v2\/tags?post=2354"}],"curies":[{"name":"wp","href":"https:\/\/api.w.org\/{rel}","templated":true}]}}