{"id":2343,"date":"2025-04-08T00:27:30","date_gmt":"2025-04-08T00:27:30","guid":{"rendered":"https:\/\/www.rengoenlanoticia.cl\/prensa\/?p=2343"},"modified":"2025-04-08T00:27:32","modified_gmt":"2025-04-08T00:27:32","slug":"censo-2024-instala-desafios-clave-para-el-futuro-demografico-y-social-del-pais","status":"publish","type":"post","link":"https:\/\/www.rengoenlanoticia.cl\/prensa\/2025\/04\/08\/censo-2024-instala-desafios-clave-para-el-futuro-demografico-y-social-del-pais\/","title":{"rendered":"Censo 2024 instala desaf\u00edos clave para el futuro demogr\u00e1fico y social del pa\u00eds"},"content":{"rendered":"\n<p><\/p>\n\n\n\n<p><em>Francisco Fuentes, Director del Centro de An\u00e1lisis y Debate P\u00fablico UCSC, analiza los resultados del Censo 2024, subrayando los retos estructurales que Chile deber\u00e1 enfrentar ante la baja natalidad, el envejecimiento poblacional y el fen\u00f3meno migratorio.<\/em><\/p>\n\n\n\n<p>La reciente entrega de resultados del Censo de Poblaci\u00f3n 2024 no solo representa un avance t\u00e9cnico para el Instituto Nacional de Estad\u00edsticas (INE), sino que instala en el debate p\u00fablico un conjunto de desaf\u00edos que marcar\u00e1n el devenir de Chile en las pr\u00f3ximas d\u00e9cadas. As\u00ed lo plantea el Director del Centro de An\u00e1lisis y Debate P\u00fablico de la Universidad Cat\u00f3lica de la Sant\u00edsima Concepci\u00f3n (UCSC), Francisco Fuentes, quien advierte que el pa\u00eds enfrenta una encrucijada demogr\u00e1fica que requiere acciones coordinadas desde el Estado y la sociedad.<\/p>\n\n\n\n<p>\u201cLa presentaci\u00f3n de los resultados del Censo 2024 representa una serie de hitos a destacar. Por un lado, reposiciona al INE como un centro de excelencia estad\u00edstica en Latinoam\u00e9rica, tras el fallido Censo de 2012. Pero, m\u00e1s importante a\u00fan, nos entrega datos de alta validez cient\u00edfica que deben ser el fundamento de las pol\u00edticas p\u00fablicas que se dise\u00f1en a partir de ahora\u201d, sostuvo Fuentes.<\/p>\n\n\n\n<p>Entre los principales temas que emergen con fuerza de este nuevo panorama est\u00e1n la baja tasa de fecundidad, el envejecimiento de la poblaci\u00f3n y el rol de la migraci\u00f3n. Seg\u00fan los datos entregados por el INE, la Tasa Global de Fecundidad (TGF) en Chile es de apenas 1,16 hijos por mujer, muy por debajo del umbral m\u00ednimo de reemplazo poblacional (2,1 hijos por mujer). Esta cifra posiciona al pa\u00eds entre los de menor fecundidad del mundo y anticipa un problema estructural a largo plazo.<\/p>\n\n\n\n<p>\u201cNo solo estamos frente a un descenso de nacimientos, sino que se ha consolidado una tendencia que impide el recambio generacional. Esta situaci\u00f3n, combinada con una esperanza de vida que alcanza los 81,4 a\u00f1os \u2014la m\u00e1s alta de Am\u00e9rica Latina\u2014, genera una presi\u00f3n creciente sobre el sistema de protecci\u00f3n social\u201d, afirm\u00f3 el acad\u00e9mico de la UCSC. Esta longevidad, a su juicio, se explica por m\u00faltiples factores como la mejora en salud p\u00fablica, educaci\u00f3n, condiciones sanitarias, as\u00ed como por la incorporaci\u00f3n progresiva de las mujeres al mundo laboral y el retraso en decisiones reproductivas.<\/p>\n\n\n\n<figure class=\"wp-block-image size-large\"><img loading=\"lazy\" decoding=\"async\" width=\"1024\" height=\"732\" src=\"https:\/\/www.rengoenlanoticia.cl\/prensa\/wp-content\/uploads\/2025\/04\/Francisco-Fuentes-Contreras-1024x732.jpg\" alt=\"\" class=\"wp-image-2345\" srcset=\"https:\/\/www.rengoenlanoticia.cl\/prensa\/wp-content\/uploads\/2025\/04\/Francisco-Fuentes-Contreras-1024x732.jpg 1024w, https:\/\/www.rengoenlanoticia.cl\/prensa\/wp-content\/uploads\/2025\/04\/Francisco-Fuentes-Contreras-300x215.jpg 300w, https:\/\/www.rengoenlanoticia.cl\/prensa\/wp-content\/uploads\/2025\/04\/Francisco-Fuentes-Contreras-768x549.jpg 768w, https:\/\/www.rengoenlanoticia.cl\/prensa\/wp-content\/uploads\/2025\/04\/Francisco-Fuentes-Contreras-110x79.jpg 110w, https:\/\/www.rengoenlanoticia.cl\/prensa\/wp-content\/uploads\/2025\/04\/Francisco-Fuentes-Contreras-200x143.jpg 200w, https:\/\/www.rengoenlanoticia.cl\/prensa\/wp-content\/uploads\/2025\/04\/Francisco-Fuentes-Contreras-380x272.jpg 380w, https:\/\/www.rengoenlanoticia.cl\/prensa\/wp-content\/uploads\/2025\/04\/Francisco-Fuentes-Contreras-255x182.jpg 255w, https:\/\/www.rengoenlanoticia.cl\/prensa\/wp-content\/uploads\/2025\/04\/Francisco-Fuentes-Contreras-550x393.jpg 550w, https:\/\/www.rengoenlanoticia.cl\/prensa\/wp-content\/uploads\/2025\/04\/Francisco-Fuentes-Contreras-800x572.jpg 800w, https:\/\/www.rengoenlanoticia.cl\/prensa\/wp-content\/uploads\/2025\/04\/Francisco-Fuentes-Contreras-1160x829.jpg 1160w, https:\/\/www.rengoenlanoticia.cl\/prensa\/wp-content\/uploads\/2025\/04\/Francisco-Fuentes-Contreras.jpg 1200w\" sizes=\"auto, (max-width: 1024px) 100vw, 1024px\" \/><\/figure>\n\n\n\n<p>El acad\u00e9mico de la UCSC destaca que esta combinaci\u00f3n de alta longevidad y baja fecundidad se traduce en un envejecimiento acelerado de la poblaci\u00f3n, con una creciente proporci\u00f3n de adultos mayores y una reducci\u00f3n de la base joven. \u201cEn t\u00e9rminos concretos, el pa\u00eds se encamina a una reducci\u00f3n significativa de su fuerza laboral. Esto tiene implicancias directas en la productividad, en la recaudaci\u00f3n de impuestos y en la sostenibilidad de los sistemas de salud y pensiones\u201d, advirti\u00f3.<\/p>\n\n\n\n<p>En este contexto, la migraci\u00f3n se posiciona como una variable cr\u00edtica. A juicio de Fuentes, Chile debe considerar seriamente la integraci\u00f3n de poblaci\u00f3n migrante como respuesta a la disminuci\u00f3n de la mano de obra. Sin embargo, se\u00f1ala que esto debe realizarse con una planificaci\u00f3n adecuada y basada en evidencia. \u201cLa migraci\u00f3n espont\u00e1nea, como la que ya hemos vivido en la \u00faltima d\u00e9cada, no siempre se alinea con las necesidades reales del sistema productivo. Los nuevos datos del INE permitir\u00e1n entender mejor la distribuci\u00f3n territorial y los perfiles de la poblaci\u00f3n migrante, lo que facilitar\u00e1 pol\u00edticas m\u00e1s eficientes en esta materia\u201d, sostuvo.<\/p>\n\n\n\n<p>El Director del Centro de An\u00e1lisis y Debate P\u00fablico UCSC tambi\u00e9n subraya que el censo entrega elementos que deben alimentar una reflexi\u00f3n profunda sobre el tipo de pa\u00eds que queremos construir. \u201cNo basta con gestionar los efectos del envejecimiento o de la baja natalidad. Tenemos que repensar nuestras prioridades como sociedad: c\u00f3mo fomentar la natalidad, c\u00f3mo redise\u00f1ar el sistema previsional, c\u00f3mo asegurar cuidados dignos para las personas mayores, y c\u00f3mo regular e integrar de forma efectiva a quienes llegan desde otros pa\u00edses en busca de nuevas oportunidades\u201d, indic\u00f3.<\/p>\n\n\n\n<p>En esa l\u00ednea, agreg\u00f3 que el desaf\u00edo no es solo del gobierno de turno, sino de toda la sociedad civil, del mundo pol\u00edtico, acad\u00e9mico y empresarial. \u201cLo que el Censo 2024 nos ofrece es una hoja de ruta para los pr\u00f3ximos 20 o 30 a\u00f1os. Tenemos la oportunidad de tomar decisiones estrat\u00e9gicas hoy, basadas en evidencia, que impacten positivamente en el bienestar de las pr\u00f3ximas generaciones\u201d, a\u00f1adi\u00f3 Fuentes.<\/p>\n\n\n\n<p>Desde el Centro de An\u00e1lisis y Debate P\u00fablico de la Universidad Cat\u00f3lica de la Sant\u00edsima Concepci\u00f3n, el llamado es claro: enfrentar con seriedad y visi\u00f3n de futuro los cambios demogr\u00e1ficos que ya est\u00e1n en marcha, y construir pol\u00edticas sostenibles que garanticen una sociedad m\u00e1s equitativa, productiva y cohesionada en el tiempo.<\/p>\n","protected":false},"excerpt":{"rendered":"Francisco Fuentes, Director del Centro de An\u00e1lisis y Debate P\u00fablico UCSC, analiza los resultados del Censo 2024, subrayando&hellip;\n","protected":false},"author":1,"featured_media":2344,"comment_status":"open","ping_status":"open","sticky":false,"template":"","format":"standard","meta":{"_monsterinsights_skip_tracking":false,"_monsterinsights_sitenote_active":false,"_monsterinsights_sitenote_note":"","_monsterinsights_sitenote_category":0,"footnotes":""},"categories":[8],"tags":[],"class_list":{"0":"post-2343","1":"post","2":"type-post","3":"status-publish","4":"format-standard","5":"has-post-thumbnail","7":"category-portada"},"aioseo_notices":[],"_links":{"self":[{"href":"https:\/\/www.rengoenlanoticia.cl\/prensa\/wp-json\/wp\/v2\/posts\/2343","targetHints":{"allow":["GET"]}}],"collection":[{"href":"https:\/\/www.rengoenlanoticia.cl\/prensa\/wp-json\/wp\/v2\/posts"}],"about":[{"href":"https:\/\/www.rengoenlanoticia.cl\/prensa\/wp-json\/wp\/v2\/types\/post"}],"author":[{"embeddable":true,"href":"https:\/\/www.rengoenlanoticia.cl\/prensa\/wp-json\/wp\/v2\/users\/1"}],"replies":[{"embeddable":true,"href":"https:\/\/www.rengoenlanoticia.cl\/prensa\/wp-json\/wp\/v2\/comments?post=2343"}],"version-history":[{"count":3,"href":"https:\/\/www.rengoenlanoticia.cl\/prensa\/wp-json\/wp\/v2\/posts\/2343\/revisions"}],"predecessor-version":[{"id":2348,"href":"https:\/\/www.rengoenlanoticia.cl\/prensa\/wp-json\/wp\/v2\/posts\/2343\/revisions\/2348"}],"wp:featuredmedia":[{"embeddable":true,"href":"https:\/\/www.rengoenlanoticia.cl\/prensa\/wp-json\/wp\/v2\/media\/2344"}],"wp:attachment":[{"href":"https:\/\/www.rengoenlanoticia.cl\/prensa\/wp-json\/wp\/v2\/media?parent=2343"}],"wp:term":[{"taxonomy":"category","embeddable":true,"href":"https:\/\/www.rengoenlanoticia.cl\/prensa\/wp-json\/wp\/v2\/categories?post=2343"},{"taxonomy":"post_tag","embeddable":true,"href":"https:\/\/www.rengoenlanoticia.cl\/prensa\/wp-json\/wp\/v2\/tags?post=2343"}],"curies":[{"name":"wp","href":"https:\/\/api.w.org\/{rel}","templated":true}]}}