{"id":2316,"date":"2025-04-07T10:13:54","date_gmt":"2025-04-07T10:13:54","guid":{"rendered":"https:\/\/www.rengoenlanoticia.cl\/prensa\/?p=2316"},"modified":"2025-04-07T10:15:21","modified_gmt":"2025-04-07T10:15:21","slug":"gobierno-regional-presenta-instructivos-del-8-comunitario-2025-y-nueva-linea-de-mascotas-a-organizaciones-sociales","status":"publish","type":"post","link":"https:\/\/www.rengoenlanoticia.cl\/prensa\/2025\/04\/07\/gobierno-regional-presenta-instructivos-del-8-comunitario-2025-y-nueva-linea-de-mascotas-a-organizaciones-sociales\/","title":{"rendered":"Gobierno Regional presenta instructivos del 8% Comunitario 2025 y nueva l\u00ednea de Mascotas a organizaciones sociales"},"content":{"rendered":"\n<p><\/p>\n\n\n\n<p>\u2022 Durante el a\u00f1o 2024 el 8 % del Fondo Nacional de Desarrollo Regional financi\u00f3 518 proyectos en las 33 comunas de la regi\u00f3n.<\/p>\n\n\n\n<p>Ad portas de comenzar un nuevo proceso de postulaci\u00f3n del 8% Comunitario del Fondo Nacional de Desarrollo Regional (FNDR), se realiz\u00f3 en Rancagua el lanzamiento 2025 de sus instructivos tanto para su nueva l\u00ednea de Mascotas como para las ya existentes de Seguridad P\u00fablica, Cultura, Deporte, Inclusi\u00f3n y Medio Ambiente.<br>Al respecto, el Gobernador Regional, Pablo Silva Amaya, se\u00f1al\u00f3 que \u201cestamos dando a conocer las distintas l\u00edneas del 8% que lanzaremos las pr\u00f3ximas semanas, as\u00ed que el llamado a todos los dirigentes de la regi\u00f3n de O\u2019Higgins es a estar atentos a nuestra p\u00e1gina web y redes sociales. Vamos a hacer el lanzamiento del 8% y vamos a levantar las bases de la nueva l\u00ednea de Mascotas y por supuesto las l\u00edneas tradicionales\u201d.<\/p>\n\n\n\n<figure class=\"wp-block-image size-large\"><img loading=\"lazy\" decoding=\"async\" width=\"1024\" height=\"682\" src=\"https:\/\/www.rengoenlanoticia.cl\/prensa\/wp-content\/uploads\/2025\/04\/WhatsApp-Image-2025-04-04-at-17.22.42-1-1024x682.jpeg\" alt=\"\" class=\"wp-image-2318\" srcset=\"https:\/\/www.rengoenlanoticia.cl\/prensa\/wp-content\/uploads\/2025\/04\/WhatsApp-Image-2025-04-04-at-17.22.42-1-1024x682.jpeg 1024w, https:\/\/www.rengoenlanoticia.cl\/prensa\/wp-content\/uploads\/2025\/04\/WhatsApp-Image-2025-04-04-at-17.22.42-1-300x200.jpeg 300w, https:\/\/www.rengoenlanoticia.cl\/prensa\/wp-content\/uploads\/2025\/04\/WhatsApp-Image-2025-04-04-at-17.22.42-1-768x512.jpeg 768w, https:\/\/www.rengoenlanoticia.cl\/prensa\/wp-content\/uploads\/2025\/04\/WhatsApp-Image-2025-04-04-at-17.22.42-1-1536x1023.jpeg 1536w, https:\/\/www.rengoenlanoticia.cl\/prensa\/wp-content\/uploads\/2025\/04\/WhatsApp-Image-2025-04-04-at-17.22.42-1-110x73.jpeg 110w, https:\/\/www.rengoenlanoticia.cl\/prensa\/wp-content\/uploads\/2025\/04\/WhatsApp-Image-2025-04-04-at-17.22.42-1-200x133.jpeg 200w, https:\/\/www.rengoenlanoticia.cl\/prensa\/wp-content\/uploads\/2025\/04\/WhatsApp-Image-2025-04-04-at-17.22.42-1-380x253.jpeg 380w, https:\/\/www.rengoenlanoticia.cl\/prensa\/wp-content\/uploads\/2025\/04\/WhatsApp-Image-2025-04-04-at-17.22.42-1-255x170.jpeg 255w, https:\/\/www.rengoenlanoticia.cl\/prensa\/wp-content\/uploads\/2025\/04\/WhatsApp-Image-2025-04-04-at-17.22.42-1-550x366.jpeg 550w, https:\/\/www.rengoenlanoticia.cl\/prensa\/wp-content\/uploads\/2025\/04\/WhatsApp-Image-2025-04-04-at-17.22.42-1-800x533.jpeg 800w, https:\/\/www.rengoenlanoticia.cl\/prensa\/wp-content\/uploads\/2025\/04\/WhatsApp-Image-2025-04-04-at-17.22.42-1-1160x773.jpeg 1160w, https:\/\/www.rengoenlanoticia.cl\/prensa\/wp-content\/uploads\/2025\/04\/WhatsApp-Image-2025-04-04-at-17.22.42-1.jpeg 1600w\" sizes=\"auto, (max-width: 1024px) 100vw, 1024px\" \/><\/figure>\n\n\n\n<p><br>La primera autoridad de la regi\u00f3n precis\u00f3 que \u201cestos proyectos est\u00e1n orientados a todas las organizaciones por lo tanto es importante es que sean los dirigentes quienes hagan sus proyectos y que sean lo m\u00e1s provechosos para cada una de las comunidades que representan\u201d.<br>Precisar, que este a\u00f1o se estrena la L\u00ednea de Mascotas del Gobierno Regional, que busca promover la tenencia responsable de perros y gatos, enfocado para organizaciones sociales dedicadas a la materia.<br>Maise Vega, presidenta de la agrupaci\u00f3n Aperrados de la comuna de San Vicente de Tagua Tagua, coment\u00f3 que \u201clo m\u00e1s importante es que venimos hace mucho tiempo tratando de buscar recursos todas las agrupaciones de San Vicente, nos hemos sentido dejados de lado, pero con esta nueva l\u00ednea sentimos de cierta manera una mano y estamos agradecidas de incluir a las mascotas\u201d.<br>Durante el a\u00f1o 2024 el 8 % Comunitario financi\u00f3 518 proyectos en las 33 comunas de O\u2019Higgins, cifra que se traduce en la realizaci\u00f3n de toda clase de iniciativas, tanto de car\u00e1cter comunitario como m\u00e1s focalizadas asociadas a proyectos para deportistas de alto rendimiento.<br>La esgrimista Florencia Cabezas, beneficiada por la l\u00ednea de Deporte, manifest\u00f3 que conocer los instructivos y la nueva l\u00ednea \u201ces una instancia s\u00faper importante; el Gobierno Regional me ha ayudado en infinidad de giras y competencias, siento que esto se debe abrir m\u00e1s a la comunidad y dar esta informaci\u00f3n es genial\u201d.<\/p>\n\n\n\n<figure class=\"wp-block-image size-large\"><img loading=\"lazy\" decoding=\"async\" width=\"1024\" height=\"682\" src=\"https:\/\/www.rengoenlanoticia.cl\/prensa\/wp-content\/uploads\/2025\/04\/WhatsApp-Image-2025-04-04-at-17.22.42-1024x682.jpeg\" alt=\"\" class=\"wp-image-2319\" srcset=\"https:\/\/www.rengoenlanoticia.cl\/prensa\/wp-content\/uploads\/2025\/04\/WhatsApp-Image-2025-04-04-at-17.22.42-1024x682.jpeg 1024w, https:\/\/www.rengoenlanoticia.cl\/prensa\/wp-content\/uploads\/2025\/04\/WhatsApp-Image-2025-04-04-at-17.22.42-300x200.jpeg 300w, https:\/\/www.rengoenlanoticia.cl\/prensa\/wp-content\/uploads\/2025\/04\/WhatsApp-Image-2025-04-04-at-17.22.42-768x512.jpeg 768w, https:\/\/www.rengoenlanoticia.cl\/prensa\/wp-content\/uploads\/2025\/04\/WhatsApp-Image-2025-04-04-at-17.22.42-1536x1023.jpeg 1536w, https:\/\/www.rengoenlanoticia.cl\/prensa\/wp-content\/uploads\/2025\/04\/WhatsApp-Image-2025-04-04-at-17.22.42-110x73.jpeg 110w, https:\/\/www.rengoenlanoticia.cl\/prensa\/wp-content\/uploads\/2025\/04\/WhatsApp-Image-2025-04-04-at-17.22.42-200x133.jpeg 200w, https:\/\/www.rengoenlanoticia.cl\/prensa\/wp-content\/uploads\/2025\/04\/WhatsApp-Image-2025-04-04-at-17.22.42-380x253.jpeg 380w, https:\/\/www.rengoenlanoticia.cl\/prensa\/wp-content\/uploads\/2025\/04\/WhatsApp-Image-2025-04-04-at-17.22.42-255x170.jpeg 255w, https:\/\/www.rengoenlanoticia.cl\/prensa\/wp-content\/uploads\/2025\/04\/WhatsApp-Image-2025-04-04-at-17.22.42-550x366.jpeg 550w, https:\/\/www.rengoenlanoticia.cl\/prensa\/wp-content\/uploads\/2025\/04\/WhatsApp-Image-2025-04-04-at-17.22.42-800x533.jpeg 800w, https:\/\/www.rengoenlanoticia.cl\/prensa\/wp-content\/uploads\/2025\/04\/WhatsApp-Image-2025-04-04-at-17.22.42-1160x773.jpeg 1160w, https:\/\/www.rengoenlanoticia.cl\/prensa\/wp-content\/uploads\/2025\/04\/WhatsApp-Image-2025-04-04-at-17.22.42.jpeg 1600w\" sizes=\"auto, (max-width: 1024px) 100vw, 1024px\" \/><\/figure>\n\n\n\n<p><br>En tanto, Mat\u00edas Orellana, jefe de la Divisi\u00f3n de Desarrollo Social y Humano del Gobierno Regional, destac\u00f3 que \u201crealizamos el lanzamiento de las l\u00edneas concursables del 8%, y anunciamos lo que ser\u00e1 la programaci\u00f3n de este a\u00f1o dentro de la divisi\u00f3n, contamos (en la actividad) con un grupo representativo de todas las \u00e1reas, deporte, personas mayores y juntas de vecinos, a los cuales anunciamos las l\u00edneas que tendremos vigentes este 2025\u201d.<br>Se\u00f1alar, que en abril ser\u00e1n publicadas las bases de cada una de las l\u00edneas a trav\u00e9s de la p\u00e1gina www.goreohiggins.cl<\/p>\n","protected":false},"excerpt":{"rendered":"\u2022 Durante el a\u00f1o 2024 el 8 % del Fondo Nacional de Desarrollo Regional financi\u00f3 518 proyectos en&hellip;\n","protected":false},"author":1,"featured_media":2317,"comment_status":"open","ping_status":"open","sticky":false,"template":"","format":"standard","meta":{"_monsterinsights_skip_tracking":false,"_monsterinsights_sitenote_active":false,"_monsterinsights_sitenote_note":"","_monsterinsights_sitenote_category":0,"footnotes":""},"categories":[8],"tags":[],"class_list":{"0":"post-2316","1":"post","2":"type-post","3":"status-publish","4":"format-standard","5":"has-post-thumbnail","7":"category-portada"},"aioseo_notices":[],"_links":{"self":[{"href":"https:\/\/www.rengoenlanoticia.cl\/prensa\/wp-json\/wp\/v2\/posts\/2316","targetHints":{"allow":["GET"]}}],"collection":[{"href":"https:\/\/www.rengoenlanoticia.cl\/prensa\/wp-json\/wp\/v2\/posts"}],"about":[{"href":"https:\/\/www.rengoenlanoticia.cl\/prensa\/wp-json\/wp\/v2\/types\/post"}],"author":[{"embeddable":true,"href":"https:\/\/www.rengoenlanoticia.cl\/prensa\/wp-json\/wp\/v2\/users\/1"}],"replies":[{"embeddable":true,"href":"https:\/\/www.rengoenlanoticia.cl\/prensa\/wp-json\/wp\/v2\/comments?post=2316"}],"version-history":[{"count":3,"href":"https:\/\/www.rengoenlanoticia.cl\/prensa\/wp-json\/wp\/v2\/posts\/2316\/revisions"}],"predecessor-version":[{"id":2322,"href":"https:\/\/www.rengoenlanoticia.cl\/prensa\/wp-json\/wp\/v2\/posts\/2316\/revisions\/2322"}],"wp:featuredmedia":[{"embeddable":true,"href":"https:\/\/www.rengoenlanoticia.cl\/prensa\/wp-json\/wp\/v2\/media\/2317"}],"wp:attachment":[{"href":"https:\/\/www.rengoenlanoticia.cl\/prensa\/wp-json\/wp\/v2\/media?parent=2316"}],"wp:term":[{"taxonomy":"category","embeddable":true,"href":"https:\/\/www.rengoenlanoticia.cl\/prensa\/wp-json\/wp\/v2\/categories?post=2316"},{"taxonomy":"post_tag","embeddable":true,"href":"https:\/\/www.rengoenlanoticia.cl\/prensa\/wp-json\/wp\/v2\/tags?post=2316"}],"curies":[{"name":"wp","href":"https:\/\/api.w.org\/{rel}","templated":true}]}}