{"id":2273,"date":"2025-04-03T23:56:26","date_gmt":"2025-04-03T23:56:26","guid":{"rendered":"https:\/\/www.rengoenlanoticia.cl\/prensa\/?p=2273"},"modified":"2025-04-03T23:56:45","modified_gmt":"2025-04-03T23:56:45","slug":"hay-4-600-millones-disponibles-gobierno-lanza-fondo-nacional-del-adulto-mayor-para-financiar-proyectos-en-beneficio-de-las-personas-mayores-del-todo-el-pais","status":"publish","type":"post","link":"https:\/\/www.rengoenlanoticia.cl\/prensa\/2025\/04\/03\/hay-4-600-millones-disponibles-gobierno-lanza-fondo-nacional-del-adulto-mayor-para-financiar-proyectos-en-beneficio-de-las-personas-mayores-del-todo-el-pais\/","title":{"rendered":"Hay $4.600 millones disponibles: Gobierno lanza Fondo Nacional del Adulto Mayor para financiar proyectos en beneficio de las personas mayores del todo el pa\u00eds"},"content":{"rendered":"\n<p><strong><em>Las postulaciones estar\u00e1n abiertas hasta el 9 de mayo en la p\u00e1gina web<\/em><\/strong><strong><em>&nbsp;&nbsp; <a href=\"http:\/\/www.senama.gob.cl.\">www.senama.gob.cl.<\/a><\/em><\/strong><\/p>\n\n\n\n<p>Desde el teatro Municipal de la regi\u00f3n de Valpara\u00edso, la ministra de Desarrollo Social y Familia, Javiera Toro, junto a la directora nacional del Servicio Nacional del Adulto Mayor (SENAMA), Claudia Asmad, encabezaron el lanzamiento del Fondo Nacional del Adulto Mayor 2025, donde las autoridades invitaron a las organizaciones a presentar sus proyectos a este fondo concursable que impulsa SENAMA, cuyos recursos a nivel nacional superan los $4.600 millones.<\/p>\n\n\n\n<p>El Fondo Nacional del Adulto Mayor financia proyectos que van en beneficio de las personas mayores, incluyendo iniciativas autogestionadas por personas mayores, y busca promover y fortalecer su autonom\u00eda, asociatividad y participaci\u00f3n social.<\/p>\n\n\n\n<p>Las postulaciones se pueden realizar hasta el 9 de mayo de manera online a trav\u00e9s de la p\u00e1gina web <a href=\"http:\/\/www.senama.gob.cl\/\">www.senama.gob.cl<\/a> o bien de manera presencial en las coordinaciones regionales de SENAMA, hasta el 5 de mayo.<\/p>\n\n\n\n<p>La ministra de Desarrollo Social y Familia, Javiera Toro, invit\u00f3 a las organizaciones a postular a estos fondos tan importantes \u00abporque ponen en el centro el desarrollo de las personas mayores. Queremos que el aumento de la esperanza de vida sea una buena noticia y que como Estado podamos entregar las herramientas necesarias para que las personas mayores de nuestro pa\u00eds tengan derecho a vivir esta etapa de sus vidas en buenas condiciones, preservando su autonom\u00eda y para tener los cuidados que corresponden, en el caso de tener alg\u00fan grado de dependencia\u00bb.<\/p>\n\n\n\n<p>\u00abLas personas mayores son un gran aporte en nuestras comunidades, con valiosas experiencias e ideas que recogemos con esta iniciativa. Como Gobierno estamos conscientes de eso y por eso estamos empujando un proyecto de envejecimiento digno, activo y saludable, adem\u00e1s del Sistema Nacional de Apoyos y Cuidados, tanto para darles cuidados a aquellas personas con dependencia como a quienes tienen autonom\u00eda, y dando pasos importantes como la Reforma de Pensiones\u00bb, agreg\u00f3.<\/p>\n\n\n\n<p>En tanto la directora nacional de SENAMA, Claudia Asmad, destac\u00f3 que \u201cdesde SENAMA estamos promoviendo un envejecimiento digno, activo y saludable, que busca mejorar la calidad de vida de las personas mayores, a trav\u00e9s de tres ejes estrat\u00e9gicos planteados por el presidente Gabriel Boric: cuidados, participaci\u00f3n y buen trato. El Fondo Nacional del Adulto Mayor forma parte del eje de participaci\u00f3n, ya que promueve la asociatividad y autogesti\u00f3n de las personas mayores, entregando recursos a sus organizaciones para que puedan desarrollar proyectos que les permiten hacer realidad sus sue\u00f1os y mejorar su calidad de vida. El a\u00f1o pasado fueron 4.418 las organizaciones de personas mayores que resultaron adjudicadas en el pa\u00eds y esperamos que este a\u00f1o sean muchas m\u00e1s\u201d.<\/p>\n\n\n\n<p>Para el caso de la regi\u00f3n de O\u2019Higgins, este a\u00f1o se dispondr\u00e1n de $283 millones para financiar proyectos ideados y ejecutados por organizaciones de personas mayores de la regi\u00f3n, incrementando en un 5% sus recursos respecto al a\u00f1o anterior.<\/p>\n\n\n\n<p>En esa l\u00ednea, el a\u00f1o 2024 fueron 307 proyectos de organizaciones de personas mayores los que se adjudicaron a este fondo, orientado en sus tipolog\u00edas a iniciativas de voluntariado, vida saludable, fortalecimiento institucional; equipamiento o habilitaci\u00f3n de espacios para las organizaciones, actividades que transforman vidas, inclusi\u00f3n digital y recreaci\u00f3n.<\/p>\n\n\n\n<p>Al respecto, la Seremi de Desarrollo Social y Familia de O\u2019Higgins, Nayadeth Ahumada Herrera, hizo un llamado a postular a este importante fondo concursable. \u201cInvitamos a todas las organizaciones de personas mayores como clubes, uniones comunales, federaciones de UCAM y confederaciones, a que postulen hasta el 9 de mayo al Fondo Nacional del Adulto Mayor. Para nosotros como Ministerio de Desarrollo Social y Familia es fundamental impulsar iniciativas que vayan en directo apoyo al bienestar y dignidad de las personas mayores, como la Reforma de Pensiones o el proyecto de ley del Sistema Nacional de Apoyos y Cuidados, a trav\u00e9s de un envejecimiento activo, digno y saludable\u201d.<\/p>\n\n\n\n<p>Para m\u00e1s informaci\u00f3n, las organizaciones de personas mayores interesadas en postular pueden visitar <a href=\"http:\/\/www.senama.gob.cl\/\">www.senama.gob.cl<\/a><\/p>\n","protected":false},"excerpt":{"rendered":"Las postulaciones estar\u00e1n abiertas hasta el 9 de mayo en la p\u00e1gina web&nbsp;&nbsp; www.senama.gob.cl. Desde el teatro Municipal&hellip;\n","protected":false},"author":1,"featured_media":2274,"comment_status":"open","ping_status":"open","sticky":false,"template":"","format":"standard","meta":{"_monsterinsights_skip_tracking":false,"_monsterinsights_sitenote_active":false,"_monsterinsights_sitenote_note":"","_monsterinsights_sitenote_category":0,"footnotes":""},"categories":[8],"tags":[],"class_list":{"0":"post-2273","1":"post","2":"type-post","3":"status-publish","4":"format-standard","5":"has-post-thumbnail","7":"category-portada"},"aioseo_notices":[],"_links":{"self":[{"href":"https:\/\/www.rengoenlanoticia.cl\/prensa\/wp-json\/wp\/v2\/posts\/2273","targetHints":{"allow":["GET"]}}],"collection":[{"href":"https:\/\/www.rengoenlanoticia.cl\/prensa\/wp-json\/wp\/v2\/posts"}],"about":[{"href":"https:\/\/www.rengoenlanoticia.cl\/prensa\/wp-json\/wp\/v2\/types\/post"}],"author":[{"embeddable":true,"href":"https:\/\/www.rengoenlanoticia.cl\/prensa\/wp-json\/wp\/v2\/users\/1"}],"replies":[{"embeddable":true,"href":"https:\/\/www.rengoenlanoticia.cl\/prensa\/wp-json\/wp\/v2\/comments?post=2273"}],"version-history":[{"count":1,"href":"https:\/\/www.rengoenlanoticia.cl\/prensa\/wp-json\/wp\/v2\/posts\/2273\/revisions"}],"predecessor-version":[{"id":2279,"href":"https:\/\/www.rengoenlanoticia.cl\/prensa\/wp-json\/wp\/v2\/posts\/2273\/revisions\/2279"}],"wp:featuredmedia":[{"embeddable":true,"href":"https:\/\/www.rengoenlanoticia.cl\/prensa\/wp-json\/wp\/v2\/media\/2274"}],"wp:attachment":[{"href":"https:\/\/www.rengoenlanoticia.cl\/prensa\/wp-json\/wp\/v2\/media?parent=2273"}],"wp:term":[{"taxonomy":"category","embeddable":true,"href":"https:\/\/www.rengoenlanoticia.cl\/prensa\/wp-json\/wp\/v2\/categories?post=2273"},{"taxonomy":"post_tag","embeddable":true,"href":"https:\/\/www.rengoenlanoticia.cl\/prensa\/wp-json\/wp\/v2\/tags?post=2273"}],"curies":[{"name":"wp","href":"https:\/\/api.w.org\/{rel}","templated":true}]}}